{"id":20599,"date":"2023-11-18T01:26:38","date_gmt":"2023-11-18T07:26:38","guid":{"rendered":"https:\/\/noticiasveracruz.com\/?p=20599"},"modified":"2023-11-18T01:30:45","modified_gmt":"2023-11-18T07:30:45","slug":"no-hay-oposicion-politica-en-mexico","status":"publish","type":"post","link":"https:\/\/noticiasveracruz.com\/index.php\/2023\/11\/18\/no-hay-oposicion-politica-en-mexico\/","title":{"rendered":"No hay oposici\u00f3n pol\u00edtica en M\u00e9xico"},"content":{"rendered":"<p><span style=\"font-size: 14pt;\"><strong>Por Jos\u00e9 Robles Mart\u00ednez<\/strong><\/span><\/p>\n<p><span style=\"font-size: 14pt;\">En una mesa pol\u00edtica realizada en Radio Formula en donde estuvieron Rene Casados, Jos\u00e9 Fonseca, Joaqu\u00edn L\u00f3pez Doriga y el dirigente de la mayor empresa dedicada a las encuestas Roy Campos, todos coincidieron que no existe actualmente en el pa\u00eds una verdadera oposici\u00f3n y que desde ahora se da como un hecho que Morena seguir\u00e1 en el poder federal y que tendr\u00e1 las gubernaturas en juego y la mayor\u00eda calificada en el Congreso de la Uni\u00f3n.\u00a0<\/span><\/p>\n<p><span style=\"font-size: 14pt;\">Se supone que el Frente Amplio es una alianza de partidos pol\u00edticos que carece de verdaderos opositores que realmente poseen esa calidad.<\/span><\/p>\n<p><span style=\"font-size: 14pt;\">Fueron muy contundentes en eliminar toda posibilidad de alguna victoria p\u00edrrica del PRIAN con su aliado el ag\u00f3nico PRD. \u00a0<\/span><\/p>\n<p><span style=\"font-size: 14pt;\">En esa reuni\u00f3n tambi\u00e9n hablaron de Movimiento Ciudadano y realmente lo ningunearon, afirmando que si apuradamente logra ocho puntos el partido de Dante Delgado ser\u00eda un gran logro lo que hiciera su candidato Samuel Garc\u00eda.<\/span><\/p>\n<p><span style=\"font-size: 14pt;\">Lo extra\u00f1o de este grupo de periodistas es que se caracterizan por criticar al presidente L\u00f3pez Obrador y en esta ocasi\u00f3n todos coincidieron que no hab\u00eda existido en nuestro pa\u00eds un mejor operador pol\u00edtico que el activista tabasque\u00f1o. \u00a0\u00a0\u00a0<\/span><\/p>\n<p><span style=\"font-size: 14pt;\">Hubo un cambio de 180 grados entre estos calificados comunicadores que cuentan con un gran auditorio. \u00a0<\/span><\/p>\n<p><span style=\"font-size: 14pt;\"><strong>Surgieron los chapulines<\/strong><\/span><\/p>\n<p><span style=\"font-size: 14pt;\">No pod\u00edan faltar en esta ocasi\u00f3n de campa\u00f1as electorales en Veracruz la gran parvada de chapulines, hasta da pena mencionarlos; pol\u00edticos muy cercanos a los gobernadores del PRI, Miguel Alem\u00e1n Velazco y a Fidel Herrera Beltr\u00e1n, ya se han declarado los m\u00e1s fieles morenistas que superan a los fundadores de este movimiento, como la senadora Gloria S\u00e1nchez o el alcalde de Coatzacoalcos Amado Cruz Malpica.<\/span><\/p>\n<p><span style=\"font-size: 14pt;\">Carecen de principios e ideales al negar al partido tricolor que les dio la gran oportunidad de disfrutar un cargo p\u00fablico dentro del gobierno estatal o de elecci\u00f3n, ya sea de mayor\u00eda o plurinominal.\u00a0\u00a0<\/span><\/p>\n<p><span style=\"font-size: 14pt;\">Cambian de camiseta pol\u00edtica como si se tratara de ropa interior. Asisten a los actos de campa\u00f1a y son los m\u00e1s gritones y hasta parecen entusiasmados.<\/span><\/p>\n<p><span style=\"font-size: 14pt;\"><strong>Quisieron dividir al grupo de Marcelo<\/strong><\/span><\/p>\n<p><span style=\"font-size: 14pt;\">Fue muy clara la senadora Mal\u00fa Micher en afirmar que en Morena no existen grupos o tribus, como algunos dirigentes como Mario Delgado quisieron calificar a la corriente af\u00edn a Marcelo Ebrard; que ellos nunca dejaron de pertenecer al movimiento de L\u00f3pez Obrador, que las diferencias que tuvieron fueron por las irregularidades en el proceso de las encuestas realizadas y que han sido reconocidas.<\/span><\/p>\n<p><span style=\"font-size: 14pt;\">Se entiende que existen pol\u00edticos frustrados que quieren aprovechar estas formas de ser diferentes para ocupar estos espacios y se les olvida todos los a\u00f1os que trabajaron juntos en el gobierno de la ciudad de M\u00e9xico y las ocasiones en que el propio Marcelo se hizo a un lado para que llegara AMLO. \u00a0<\/span><\/p>\n<p><span style=\"font-size: 14pt;\">No se puede dejar al margen que Marcelo Ebrard ha dejado pasar a L\u00f3pez Obrador en dos ocasiones para ocupar grandes cargos y que su disposici\u00f3n en esta ocasi\u00f3n para que no se perdiera la unidad es el compromiso formal de que \u00e9l ser\u00e1 el candidato presidencial de Morena en el 2030. Tal como como ocurri\u00f3 con Claudia Sheinbaum que desde que lleg\u00f3 a la jefatura de gobierno se le fue preparando el camino para que no hubiera el menor problema en su nominaci\u00f3n y probablemente estos oportunistas no lo saben como se realizan estos acuerdos avalados desde la c\u00fapula.<\/span><\/p>\n<p><img loading=\"lazy\" decoding=\"async\" class=\"alignnone wp-image-20600 size-full\" src=\"http:\/\/noticiasveracruz.com\/wp-content\/uploads\/2023\/11\/FIRMA-EDITORIAL-PD-2.jpg\" alt=\"\" width=\"1024\" height=\"125\" srcset=\"https:\/\/noticiasveracruz.com\/wp-content\/uploads\/2023\/11\/FIRMA-EDITORIAL-PD-2.jpg 1024w, https:\/\/noticiasveracruz.com\/wp-content\/uploads\/2023\/11\/FIRMA-EDITORIAL-PD-2-300x37.jpg 300w, https:\/\/noticiasveracruz.com\/wp-content\/uploads\/2023\/11\/FIRMA-EDITORIAL-PD-2-768x94.jpg 768w\" sizes=\"auto, (max-width: 1024px) 100vw, 1024px\" \/><\/p>\n","protected":false},"excerpt":{"rendered":"<p>Por Jos\u00e9 Robles Mart\u00ednez En una mesa pol\u00edtica realizada en Radio Formula en donde estuvieron Rene Casados, Jos\u00e9 Fonseca, Joaqu\u00edn<\/p>\n","protected":false},"author":4,"featured_media":20603,"comment_status":"closed","ping_status":"closed","sticky":false,"template":"","format":"standard","meta":{"colormag_page_container_layout":"default_layout","colormag_page_sidebar_layout":"default_layout","_jetpack_memberships_contains_paid_content":false,"footnotes":"","jetpack_publicize_message":"","jetpack_publicize_feature_enabled":true,"jetpack_social_post_already_shared":true,"jetpack_social_options":{"image_generator_settings":{"template":"highway","default_image_id":0,"font":"","enabled":false},"version":2}},"categories":[6],"tags":[],"class_list":["post-20599","post","type-post","status-publish","format-standard","has-post-thumbnail","hentry","category-columnistas"],"jetpack_publicize_connections":[],"jetpack_featured_media_url":"https:\/\/noticiasveracruz.com\/wp-content\/uploads\/2023\/11\/BANNER-JOSE-ROBLES-MARTINEZ-NV-2.jpg","jetpack_sharing_enabled":true,"publishpress_future_action":{"enabled":false,"date":"2026-05-06 22:49:18","action":"change-status","newStatus":"draft","terms":[],"taxonomy":"category","extraData":[]},"publishpress_future_workflow_manual_trigger":{"enabledWorkflows":[]},"_links":{"self":[{"href":"https:\/\/noticiasveracruz.com\/index.php\/wp-json\/wp\/v2\/posts\/20599","targetHints":{"allow":["GET"]}}],"collection":[{"href":"https:\/\/noticiasveracruz.com\/index.php\/wp-json\/wp\/v2\/posts"}],"about":[{"href":"https:\/\/noticiasveracruz.com\/index.php\/wp-json\/wp\/v2\/types\/post"}],"author":[{"embeddable":true,"href":"https:\/\/noticiasveracruz.com\/index.php\/wp-json\/wp\/v2\/users\/4"}],"replies":[{"embeddable":true,"href":"https:\/\/noticiasveracruz.com\/index.php\/wp-json\/wp\/v2\/comments?post=20599"}],"version-history":[{"count":0,"href":"https:\/\/noticiasveracruz.com\/index.php\/wp-json\/wp\/v2\/posts\/20599\/revisions"}],"wp:featuredmedia":[{"embeddable":true,"href":"https:\/\/noticiasveracruz.com\/index.php\/wp-json\/wp\/v2\/media\/20603"}],"wp:attachment":[{"href":"https:\/\/noticiasveracruz.com\/index.php\/wp-json\/wp\/v2\/media?parent=20599"}],"wp:term":[{"taxonomy":"category","embeddable":true,"href":"https:\/\/noticiasveracruz.com\/index.php\/wp-json\/wp\/v2\/categories?post=20599"},{"taxonomy":"post_tag","embeddable":true,"href":"https:\/\/noticiasveracruz.com\/index.php\/wp-json\/wp\/v2\/tags?post=20599"}],"curies":[{"name":"wp","href":"https:\/\/api.w.org\/{rel}","templated":true}]}}