{"id":20589,"date":"2023-11-17T15:56:46","date_gmt":"2023-11-17T21:56:46","guid":{"rendered":"https:\/\/noticiasveracruz.com\/?p=20589"},"modified":"2023-11-17T15:56:46","modified_gmt":"2023-11-17T21:56:46","slug":"arriba-a-mexico-embarque-con-600-mil-dosis-de-sputnik-v","status":"publish","type":"post","link":"https:\/\/noticiasveracruz.com\/index.php\/2023\/11\/17\/arriba-a-mexico-embarque-con-600-mil-dosis-de-sputnik-v\/","title":{"rendered":"Arriba a M\u00e9xico embarque con 600 mil dosis de Sputnik V"},"content":{"rendered":"<p><span style=\"font-size: 14pt;\">La Secretar\u00eda de Salud (Ssa) inform\u00f3 que la madrugada de este viernes arrib\u00f3 a territorio nacional un embarque con 600 mil dosis de la vacuna contra Covid-19 Sputnik V, adquiridas a la empresa Human Vaccine.<\/span><\/p>\n<p class=\"western\"><span style=\"font-size: 14pt;\">En un comunicado detall\u00f3 que a las 2:05 horas lleg\u00f3 al Aeropuerto Internacional \u201cFelipe \u00c1ngeles\u201d (AIFA), el vuelo EK-9935 de la aerol\u00ednea Emirates con las dosis distribuidas en 50 contenedores thermoboxes.<\/span><\/p>\n<p class=\"western\"><span style=\"font-size: 14pt;\">Las dosis que arribaron al pa\u00eds se aplicar\u00e1n durante la Campa\u00f1a Nacional de Vacunaci\u00f3n contra influenza y Covid-19 para la temporada invernal 2023-2024, que se implementa desde el 16 de octubre y se tiene previsto concluya el 31 de marzo de 2024.<\/span><\/p>\n<p class=\"western\"><span style=\"font-size: 14pt;\">Entre el jueves 9 y el viernes 17 de noviembre, nuestro pa\u00eds ha recibido dos millones 760 mil dosis de Sputnik V, que arribaron al AIFA en cinco vuelos de la aerol\u00ednea Emirates.<\/span><\/p>\n<p class=\"western\"><span style=\"font-size: 14pt;\">En febrero de 2021, la Comisi\u00f3n Federal para la Protecci\u00f3n contra Riesgos Sanitarios (Cofepris) expidi\u00f3 la autorizaci\u00f3n para uso de emergencia a la vacuna Sputnik V, desarrollada por el Centro Nacional de Investigaci\u00f3n de Epidemiolog\u00eda y Microbiolog\u00eda Gamaleya, de Rusia.<\/span><\/p>\n<p class=\"western\"><span style=\"font-size: 14pt;\">En el arribo y traslado de las vacunas particip\u00f3 personal del Centro Nacional para la Salud de la Infancia y la Adolescencia (Censia), Comisi\u00f3n Federal para la Protecci\u00f3n contra Riesgos Sanitarios (Cofepris) y Laboratorios de Biol\u00f3gicos y Reactivos de M\u00e9xico (Birmex), que ser\u00e1 responsable de distribuirlas a todas las entidades federativas.<\/span><\/p>\n<p class=\"western\"><span style=\"font-size: 14pt;\">La Ssa invit\u00f3 a la poblaci\u00f3n a inmunizarse a la poblaci\u00f3n con m\u00e1s riesgo de presentar cuadros graves de la enfermedad: mayores de 60 a\u00f1os, embarazadas, personas con comorbilidades, as\u00ed como personal de atenci\u00f3n m\u00e9dica. Para el caso de la vacunaci\u00f3n contra influenza estacional tambi\u00e9n se inmuniza a ni\u00f1as y ni\u00f1os de entre seis y 59 meses.<\/span><\/p>\n<p class=\"western\"><span style=\"font-size: 14pt;\">Las personas con comorbilidades y, por lo tanto, candidatas a recibir las vacunas contra influenza estacional y Covid-19, son quienes viven con el virus de inmunodeficiencia humana (VIH), diabetes mellitus, obesidad m\u00f3rbida, cardiopat\u00edas agudas o cr\u00f3nicas, c\u00e1ncer e insuficiencia renal, as\u00ed como inmunosupresi\u00f3n desarrollada por enfermedad o por tratamiento m\u00e9dico.<\/span><\/p>\n","protected":false},"excerpt":{"rendered":"<p>La Secretar\u00eda de Salud (Ssa) inform\u00f3 que la madrugada de este viernes arrib\u00f3 a territorio nacional un embarque con 600<\/p>\n","protected":false},"author":4,"featured_media":20590,"comment_status":"closed","ping_status":"closed","sticky":false,"template":"","format":"standard","meta":{"colormag_page_container_layout":"default_layout","colormag_page_sidebar_layout":"default_layout","_jetpack_memberships_contains_paid_content":false,"footnotes":"","jetpack_publicize_message":"","jetpack_publicize_feature_enabled":true,"jetpack_social_post_already_shared":true,"jetpack_social_options":{"image_generator_settings":{"template":"highway","default_image_id":0,"font":"","enabled":false},"version":2}},"categories":[4],"tags":[],"class_list":["post-20589","post","type-post","status-publish","format-standard","has-post-thumbnail","hentry","category-nacional"],"jetpack_publicize_connections":[],"jetpack_featured_media_url":"https:\/\/noticiasveracruz.com\/wp-content\/uploads\/2023\/11\/VACUNAS-765x510-1.jpg","jetpack_sharing_enabled":true,"publishpress_future_action":{"enabled":false,"date":"2026-05-06 20:27:22","action":"change-status","newStatus":"draft","terms":[],"taxonomy":"category","extraData":[]},"publishpress_future_workflow_manual_trigger":{"enabledWorkflows":[]},"_links":{"self":[{"href":"https:\/\/noticiasveracruz.com\/index.php\/wp-json\/wp\/v2\/posts\/20589","targetHints":{"allow":["GET"]}}],"collection":[{"href":"https:\/\/noticiasveracruz.com\/index.php\/wp-json\/wp\/v2\/posts"}],"about":[{"href":"https:\/\/noticiasveracruz.com\/index.php\/wp-json\/wp\/v2\/types\/post"}],"author":[{"embeddable":true,"href":"https:\/\/noticiasveracruz.com\/index.php\/wp-json\/wp\/v2\/users\/4"}],"replies":[{"embeddable":true,"href":"https:\/\/noticiasveracruz.com\/index.php\/wp-json\/wp\/v2\/comments?post=20589"}],"version-history":[{"count":0,"href":"https:\/\/noticiasveracruz.com\/index.php\/wp-json\/wp\/v2\/posts\/20589\/revisions"}],"wp:featuredmedia":[{"embeddable":true,"href":"https:\/\/noticiasveracruz.com\/index.php\/wp-json\/wp\/v2\/media\/20590"}],"wp:attachment":[{"href":"https:\/\/noticiasveracruz.com\/index.php\/wp-json\/wp\/v2\/media?parent=20589"}],"wp:term":[{"taxonomy":"category","embeddable":true,"href":"https:\/\/noticiasveracruz.com\/index.php\/wp-json\/wp\/v2\/categories?post=20589"},{"taxonomy":"post_tag","embeddable":true,"href":"https:\/\/noticiasveracruz.com\/index.php\/wp-json\/wp\/v2\/tags?post=20589"}],"curies":[{"name":"wp","href":"https:\/\/api.w.org\/{rel}","templated":true}]}}