{"id":20586,"date":"2023-11-17T15:53:30","date_gmt":"2023-11-17T21:53:30","guid":{"rendered":"https:\/\/noticiasveracruz.com\/?p=20586"},"modified":"2023-11-17T15:53:30","modified_gmt":"2023-11-17T21:53:30","slug":"ratifica-amlo-frente-a-biden-compromiso-de-reforzar-combate-al-narcotrafico","status":"publish","type":"post","link":"https:\/\/noticiasveracruz.com\/index.php\/2023\/11\/17\/ratifica-amlo-frente-a-biden-compromiso-de-reforzar-combate-al-narcotrafico\/","title":{"rendered":"Ratifica AMLO frente a Biden compromiso de reforzar combate al narcotr\u00e1fico"},"content":{"rendered":"<p><span style=\"font-size: 14pt;\">San Francisco, Cal.- Ante su hom\u00f3logo estadunidense Joe Biden, el presidente Andr\u00e9s Manuel L\u00f3pez Obrador ratific\u00f3 el compromiso de M\u00e9xico para reforzar el combate al tr\u00e1fico de drogas sint\u00e9ticas y el fentanilo que tanto da\u00f1o hace a los j\u00f3venes en la Uni\u00f3n Americana. Momentos antes Biden sostuvo que nada hay fuera del alcance de nuestras naciones si se trabaja conjuntamente, como lo refleja la actuaci\u00f3n para frenar el tr\u00e1fico de drogas y de armas en las fronteras.<\/span><\/p>\n<p class=\"western\"><span style=\"font-size: 14pt;\">En el marco de la cumbre de pa\u00edses que integran el foro de cooperaci\u00f3n econ\u00f3mica Asia Pac\u00edfico (APEC) se realiza la cuarta reuni\u00f3n bilateral entre ambos mandatarios. L\u00f3pez Obrador subray\u00f3 que M\u00e9xico y Estados Unidos son los principales socios comerciales en el mundo. \u00abEsto es algo excepcional y al mismo tiempo hay cerca de cuarenta millones de mexicanos trabajando honradamente en Estados Unidos, eso nos hermana a\u00fan m\u00e1s. Tenemos que seguir avanzando para atemperar, para resolver el fen\u00f3meno migratorio en la region.<\/span><\/p>\n<p class=\"western\"><span style=\"font-size: 14pt;\">En su mensaje, L\u00f3pez Obrador elogi\u00f3 las pol\u00edticas migratorias de Biden, porque ha abierto una v\u00eda legal para regular la migraci\u00f3n voluntaria a partir de solicitudes que env\u00edan los migrantes de Centroam\u00e9rica y el Caribe. \u00ab\u00bfEsto qu\u00e9 significa? Que no tienen que atravesar todo nuestro pa\u00eds con todo el sufrimiento, con todos los riesgos que esto implica. Es una forma muy humana de atender el fen\u00f3meno migratorio\u00bb.<\/span><\/p>\n<p class=\"western\"><span style=\"font-size: 14pt;\">Al mismo tiempo, celebr\u00f3 que Biden sea el primer presidente estadunidense en muchos a\u00f1os que no ha construido muros en la frontera como f\u00f3rmula para detener la migraci\u00f3n irregular a su pa\u00eds porque eso no es soluci\u00f3n. Tenemos que ayudar mutuamente para que la migraci\u00f3n sea opcional, no forzosa y que podamos ayudar en sus pa\u00edses de origen a los que se ven obligados a emigrar. Por eso estamos muy satisfechos de tener este encuentro.<\/span><\/p>\n<p class=\"western\"><span style=\"font-size: 14pt;\">En su oportunidad, Biden hizo particular \u00e9nfasis en la cooperaci\u00f3n bilateral en materia de seguridad y tr\u00e1fico de drogas, \u00abestamos trabajando codo a codo para combatir el tr\u00e1fico de armas, combatir y abordar el crimen organizado y abordar la epidemia de opioides, incluido el fentanilo. lo cual cuando hablamos en privado quiero contarles mi gran conversaci\u00f3n con Xi Jinping sobre ese tema.\u00bb<\/span><\/p>\n<p class=\"western\"><span style=\"font-size: 14pt;\">En respuesta, L\u00f3pez Obrador sostuvo que hay el compromiso de M\u00e9xico de seguir apoyando para no permitir la introducci\u00f3n de qu\u00edmicos y fentanilo. \u00abEstamos muy conscientes del da\u00f1o que ocasiona a los j\u00f3venes en Estados Unidos. Es un asunto que tiene que ver con nuestro humanismo y es un acto de solidaridad.<\/span><\/p>\n<p class=\"western\"><span style=\"font-size: 14pt;\">\u00abEstamos comprometidos sinceramente a seguir ayudando en todo para evitar el tr\u00e1fico de drogas y en particular la entrada de fentanilo y otros qu\u00edmicos Estoy seguro que vamos a seguir avanzando en esta muy buena relaci\u00f3n que tenemos\u00bb.<\/span><\/p>\n<p class=\"western\"><span style=\"font-size: 14pt;\">L\u00f3pez Obrador celebr\u00f3 los un buenos t\u00e9rminos por los que atraviesa la relaci\u00f3n bilateral en un marco de respeto y colaboraci\u00f3n en diferentes aspectos de la agenda com\u00fan. Destac\u00f3 los niveles de integraci\u00f3n econ\u00f3mica que han consolidado el intercambio comercial \u00abpor esa muy buena relaci\u00f3n que tenemos con nuestro pa\u00eds vecino, hermano, ya somos socios comerciales, somos los principales socios comerciales en el mundo. Esto es algo excepcional. Y al mismo tiempo, hay cerca de 40 millones de mexicanos viviendo, trabajando en Estados Unidos\u00bb.<\/span><\/p>\n<p class=\"western\"><span style=\"font-size: 14pt;\">Durante los mensajes p\u00fablicos antes de comenzar la reuni\u00f3n privada, L\u00f3pez Obrador defini\u00f3 a Biden como \u00abun hombre con convicciones, un hombre bueno\u00bb.<\/span><\/p>\n<p class=\"western\"><span style=\"font-size: 14pt;\">En materia econ\u00f3mica, el mandatario estadunidense afirm\u00f3 que \u00abestamos haciendo crecer nuestras econom\u00edas desde abajo hacia arriba y desde el centro hacia afuera, de modo que no s\u00f3lo los ricos se beneficien, sino todos nuestros ciudadanos, de nuestro crecimiento econ\u00f3mico. Y lo vemos en nuestro trabajo para fortalecer las cadenas de suministro\u00bb.<\/span><\/p>\n","protected":false},"excerpt":{"rendered":"<p>San Francisco, Cal.- Ante su hom\u00f3logo estadunidense Joe Biden, el presidente Andr\u00e9s Manuel L\u00f3pez Obrador ratific\u00f3 el compromiso de M\u00e9xico<\/p>\n","protected":false},"author":4,"featured_media":20587,"comment_status":"closed","ping_status":"closed","sticky":false,"template":"","format":"standard","meta":{"colormag_page_container_layout":"default_layout","colormag_page_sidebar_layout":"default_layout","_jetpack_memberships_contains_paid_content":false,"footnotes":"","jetpack_publicize_message":"","jetpack_publicize_feature_enabled":true,"jetpack_social_post_already_shared":true,"jetpack_social_options":{"image_generator_settings":{"template":"highway","default_image_id":0,"font":"","enabled":false},"version":2}},"categories":[355],"tags":[],"class_list":["post-20586","post","type-post","status-publish","format-standard","has-post-thumbnail","hentry","category-internacional"],"jetpack_publicize_connections":[],"jetpack_featured_media_url":"https:\/\/noticiasveracruz.com\/wp-content\/uploads\/2023\/11\/amlo-biden-apec.jpg","jetpack_sharing_enabled":true,"publishpress_future_action":{"enabled":false,"date":"2026-05-06 19:35:14","action":"change-status","newStatus":"draft","terms":[],"taxonomy":"category","extraData":[]},"publishpress_future_workflow_manual_trigger":{"enabledWorkflows":[]},"_links":{"self":[{"href":"https:\/\/noticiasveracruz.com\/index.php\/wp-json\/wp\/v2\/posts\/20586","targetHints":{"allow":["GET"]}}],"collection":[{"href":"https:\/\/noticiasveracruz.com\/index.php\/wp-json\/wp\/v2\/posts"}],"about":[{"href":"https:\/\/noticiasveracruz.com\/index.php\/wp-json\/wp\/v2\/types\/post"}],"author":[{"embeddable":true,"href":"https:\/\/noticiasveracruz.com\/index.php\/wp-json\/wp\/v2\/users\/4"}],"replies":[{"embeddable":true,"href":"https:\/\/noticiasveracruz.com\/index.php\/wp-json\/wp\/v2\/comments?post=20586"}],"version-history":[{"count":0,"href":"https:\/\/noticiasveracruz.com\/index.php\/wp-json\/wp\/v2\/posts\/20586\/revisions"}],"wp:featuredmedia":[{"embeddable":true,"href":"https:\/\/noticiasveracruz.com\/index.php\/wp-json\/wp\/v2\/media\/20587"}],"wp:attachment":[{"href":"https:\/\/noticiasveracruz.com\/index.php\/wp-json\/wp\/v2\/media?parent=20586"}],"wp:term":[{"taxonomy":"category","embeddable":true,"href":"https:\/\/noticiasveracruz.com\/index.php\/wp-json\/wp\/v2\/categories?post=20586"},{"taxonomy":"post_tag","embeddable":true,"href":"https:\/\/noticiasveracruz.com\/index.php\/wp-json\/wp\/v2\/tags?post=20586"}],"curies":[{"name":"wp","href":"https:\/\/api.w.org\/{rel}","templated":true}]}}