{"id":20582,"date":"2023-11-17T15:29:33","date_gmt":"2023-11-17T21:29:33","guid":{"rendered":"https:\/\/noticiasveracruz.com\/?p=20582"},"modified":"2023-11-17T15:39:43","modified_gmt":"2023-11-17T21:39:43","slug":"la-deuda-real-de-veracruz","status":"publish","type":"post","link":"https:\/\/noticiasveracruz.com\/index.php\/2023\/11\/17\/la-deuda-real-de-veracruz\/","title":{"rendered":"La deuda real de Veracruz"},"content":{"rendered":"<ul>\n<li><span style=\"font-size: 14pt;\"><strong>Lo que se hizo fue una renegociaci\u00f3n de 21 mil millones de pesos<\/strong><\/span><\/li>\n<li><span style=\"font-size: 14pt;\"><strong>Que se transfiri\u00f3 para pagar a 20 a\u00f1os<\/strong><\/span><\/li>\n<li><span style=\"font-size: 14pt;\"><strong>No estamos atendiendo el futuro y el presente del turismo<\/strong><\/span><\/li>\n<\/ul>\n<p><span style=\"font-size: 14pt;\"><strong>Por Miguel \u00c1ngel Cristiani G.<\/strong><\/span><\/p>\n<p><span style=\"font-size: 14pt;\">Manuel del R\u00edo Virgen estuvo charlando con columnistas y reporteros de la capital del estado, sobre diversos temas pol\u00edticos, desde su proyecto de liberaci\u00f3n de presos en las c\u00e1rceles, sus aspiraciones futuras y los diez puntos principales que se tendr\u00edan que atender desde el gobierno del estado en la pr\u00f3xima administraci\u00f3n.<\/span><\/p>\n<p><span style=\"font-size: 14pt;\">En cuanto a su posible candidatura por el partido Movimiento Ciudadano de Dante Delgado Ranauro, el secretario t\u00e9cnico de la Junta de Coordinaci\u00f3n pol\u00edtica JUCOPO del Senado de la Rep\u00fablica nos reiter\u00f3:<\/span><\/p>\n<p><span style=\"font-size: 14pt;\">\u201cSe los digo desde el fondo de mi coraz\u00f3n, personalmente me encantar\u00eda participar, porque veo las condiciones para hacerlo, porque he estudiado las condiciones de mi estado durante muchos a\u00f1os, porque aqu\u00ed hay varios testigos de que he recorrido mi estado desde el norte hasta el sur, de frente a la monta\u00f1a y de cara al mar.\u201d<\/span><\/p>\n<p><span style=\"font-size: 14pt;\">En opini\u00f3n de Jos\u00e9 Manuel del R\u00edo Virgen otro de los grandes problemas que tenemos es que de los 780 kil\u00f3metros que tenemos de cara al mar, hay 12 puntos tur\u00edsticos de alta relevancia, y no hablamos ingl\u00e9s, el programa tur\u00edstico nacional tambi\u00e9n se amarra con una lengua extranjera, para poder atender y no lo estamos haciendo.<\/span><\/p>\n<p><span style=\"font-size: 14pt;\">Nosotros no estamos atendiendo el futuro y el presente del turismo, que es nuestro enorme desarrollo que vamos a tener.<\/span><\/p>\n<p><span style=\"font-size: 14pt;\">No somos un ave de rapi\u00f1a ni mucho menos, pero lo que le pas\u00f3 a Acapulco debe de servir a Veracruz como una experiencia, esto que va a perder Acapulco, que ahorita no tiene turistas, pues entonces hagamos la gran campa\u00f1a tur\u00edstica, para que diciembre llenemos de turismo a la entidad. Eso nos dar\u00eda por lo menos un aumento del 1 por ciento del PIB.<\/span><\/p>\n<p><span style=\"font-size: 14pt;\">Pero \u00bfEn qu\u00e9 estamos pensando? En que el gobernador baj\u00f3 20 mil millones de la deuda, por el amor de dios, eso se lo pueden decir a otras personas, pero a ustedes y a m\u00ed no, lo que hizo el gobernador fue una renegociaci\u00f3n de 21 mil millones de pesos que transfiri\u00f3 a pagar a 20 a\u00f1os y este a\u00f1o del cash de la tesorer\u00eda va a sacar solamente mil millones para pagar y en realidad, la deuda de Veracruz va a llegar a 61 mil millones de pesos o un poco m\u00e1s, para que se den una idea ese es el problema que tenemos.<\/span><\/p>\n<p><span style=\"font-size: 14pt;\">La deuda veracruzana en realidad ha crecido ahora, 52 mil millones de pesos, m\u00e1s la refinanciaci\u00f3n de la deuda, nos va a llevar como a 62 mil millones de pesos de deuda, m\u00e1s o menos, ese es el tema que traemos.<\/span><\/p>\n<p><span style=\"font-size: 14pt;\">Vamos al tema de la econom\u00eda, en Veracruz estamos en el lugar 30 cuando que \u00e9ramos el tercer lugar, lo que ahora en todas las universidades platicamos, si no hay abastecimiento de parques industriales y energ\u00eda, no hay desarrollo y crecimiento.<\/span><\/p>\n<p><span style=\"font-size: 14pt;\">Nadie de los que est\u00e1n en el gobierno ha hecho una planeaci\u00f3n real de donde instalar los parques industriales y aprovechar los que ya tenemos para hacerlos crecer.<\/span><\/p>\n<p><span style=\"font-size: 14pt;\">\u00abA ver, los datos que nosotros tenemos, se reflejaron en octubre de 2022, porque son los datos que ellos traen siempre un a\u00f1o atr\u00e1s. Acu\u00e9rdense ustedes que as\u00ed operan esos mecanismos.<\/span><\/p>\n<p><span style=\"font-size: 14pt;\">\u00a0Ellos tienen una deuda aparente ahorita de 52 mil millones de pesos, pero en realidad es mucho m\u00e1s porque lo que hicieron fue refinanciar 20 mil millones de pesos.<\/span><\/p>\n<p><span style=\"font-size: 14pt;\">Solamente lo refinanciaron a 20 a\u00f1os. Vamos a deber 61 mil millones de pesos m\u00ednimo, porque el gobierno, dec\u00eda yo, de cash, solamente va a pagar mil millones de pesos.<\/span><\/p>\n<p><span style=\"font-size: 14pt;\">Por eso ustedes, y a m\u00ed, nos tiene que enojar que los diputados hayan recortado el presupuesto de Veracruz en 27 mil millones de pesos. \u00bfC\u00f3mo les vamos a permitir a los diputados de Morena que trabajen para que su partido les diga muy bien, este, bueno, te felicito, afectando a nosotros los veracruzanos? \u00bfPor qu\u00e9? Alguien me dijo all\u00ed en el Senado. Oye, nos molesta que hagas esa declaraci\u00f3n. Cuando que me deber\u00eda de felicitar el gobernador, Porque estoy defendiendo al estado. \u00bfC\u00f3mo voy a creer que los diputados trabajen para ellos? No, todav\u00eda no estoy de acuerdo con ellos.<\/span><\/p>\n<p><span style=\"font-size: 14pt;\">Los diputados de Morena que ustedes eligieron, le recortaron al presupuesto de Veracruz 27 mil millones de pesos para el ejercicio 2024, suponiendo sin conceder, que como dice el gobernador tenemos una deuda hist\u00f3rica de 52 mil millones -que ya les dije que es mucho m\u00e1s- pues con eso pagamos la mitad de la deuda hist\u00f3rica.<\/span><\/p>\n<p><span style=\"font-size: 14pt;\">Jos\u00e9 Manuel del R\u00edo Virgen es un acad\u00e9mico, economista y pol\u00edtico. Fue 2 veces diputado federal en la LVIII Legislatura desde 2000 hasta septiembre de 2003 y en la LX Legislatura desde 2006 a 2009, luego entre 2004 hasta 2006, fue presidente municipal electo por el municipio de Tecolutla. Ha desempe\u00f1ado varios cargos en la Administraci\u00f3n P\u00fablica Federal.<\/span><\/p>\n<p><span style=\"font-size: 14pt;\">Miembro fundador de Convergencia (actualmente Movimiento Ciudadano), es miembro activo desde 1981 del Colegio Nacional de Economistas y de la Academia de Mercado de Dinero y Capitales del Instituto Polit\u00e9cnico Nacional (IPN) desde 1998. El 1 de septiembre de 2018 se desempe\u00f1a como secretario t\u00e9cnico de la Junta de Coordinaci\u00f3n pol\u00edtica (JUCOPO) en el Senado de la Rep\u00fablica.<\/span><\/p>\n<p><span style=\"font-size: 14pt;\">Para m\u00e1s informaci\u00f3n consulta nuestra p\u00e1gina\u00a0<a href=\"https:\/\/www.xn--bitacoraspolticas-ovb.com\/\" data-saferedirecturl=\"https:\/\/www.google.com\/url?q=https:\/\/www.xn--bitacoraspolticas-ovb.com\/&amp;source=gmail&amp;ust=1700342126344000&amp;usg=AOvVaw39UC4SU9O2fOiDlli3SATD\">https:\/\/www.xn--bitacoraspolticas-ovb.com\/<\/a><\/span><\/p>\n<p><img loading=\"lazy\" decoding=\"async\" class=\"alignnone wp-image-20315 size-full\" src=\"http:\/\/noticiasveracruz.com\/wp-content\/uploads\/2023\/11\/FIRMA-EDITORIAL-PD-1.jpg\" alt=\"\" width=\"1024\" height=\"125\" srcset=\"https:\/\/noticiasveracruz.com\/wp-content\/uploads\/2023\/11\/FIRMA-EDITORIAL-PD-1.jpg 1024w, https:\/\/noticiasveracruz.com\/wp-content\/uploads\/2023\/11\/FIRMA-EDITORIAL-PD-1-300x37.jpg 300w, https:\/\/noticiasveracruz.com\/wp-content\/uploads\/2023\/11\/FIRMA-EDITORIAL-PD-1-768x94.jpg 768w\" sizes=\"auto, (max-width: 1024px) 100vw, 1024px\" \/><\/p>\n","protected":false},"excerpt":{"rendered":"<p>Lo que se hizo fue una renegociaci\u00f3n de 21 mil millones de pesos Que se transfiri\u00f3 para pagar a 20<\/p>\n","protected":false},"author":4,"featured_media":3280,"comment_status":"closed","ping_status":"closed","sticky":false,"template":"","format":"standard","meta":{"colormag_page_container_layout":"default_layout","colormag_page_sidebar_layout":"default_layout","_jetpack_memberships_contains_paid_content":false,"footnotes":"","jetpack_publicize_message":"","jetpack_publicize_feature_enabled":true,"jetpack_social_post_already_shared":true,"jetpack_social_options":{"image_generator_settings":{"template":"highway","default_image_id":0,"font":"","enabled":false},"version":2}},"categories":[6],"tags":[],"class_list":["post-20582","post","type-post","status-publish","format-standard","has-post-thumbnail","hentry","category-columnistas"],"jetpack_publicize_connections":[],"jetpack_featured_media_url":"https:\/\/noticiasveracruz.com\/wp-content\/uploads\/2022\/04\/NV-MIGUEL-A\u0301NGEL-CRISTIANI.png","jetpack_sharing_enabled":true,"publishpress_future_action":{"enabled":false,"date":"2026-05-06 18:44:00","action":"change-status","newStatus":"draft","terms":[],"taxonomy":"category","extraData":[]},"publishpress_future_workflow_manual_trigger":{"enabledWorkflows":[]},"_links":{"self":[{"href":"https:\/\/noticiasveracruz.com\/index.php\/wp-json\/wp\/v2\/posts\/20582","targetHints":{"allow":["GET"]}}],"collection":[{"href":"https:\/\/noticiasveracruz.com\/index.php\/wp-json\/wp\/v2\/posts"}],"about":[{"href":"https:\/\/noticiasveracruz.com\/index.php\/wp-json\/wp\/v2\/types\/post"}],"author":[{"embeddable":true,"href":"https:\/\/noticiasveracruz.com\/index.php\/wp-json\/wp\/v2\/users\/4"}],"replies":[{"embeddable":true,"href":"https:\/\/noticiasveracruz.com\/index.php\/wp-json\/wp\/v2\/comments?post=20582"}],"version-history":[{"count":0,"href":"https:\/\/noticiasveracruz.com\/index.php\/wp-json\/wp\/v2\/posts\/20582\/revisions"}],"wp:featuredmedia":[{"embeddable":true,"href":"https:\/\/noticiasveracruz.com\/index.php\/wp-json\/wp\/v2\/media\/3280"}],"wp:attachment":[{"href":"https:\/\/noticiasveracruz.com\/index.php\/wp-json\/wp\/v2\/media?parent=20582"}],"wp:term":[{"taxonomy":"category","embeddable":true,"href":"https:\/\/noticiasveracruz.com\/index.php\/wp-json\/wp\/v2\/categories?post=20582"},{"taxonomy":"post_tag","embeddable":true,"href":"https:\/\/noticiasveracruz.com\/index.php\/wp-json\/wp\/v2\/tags?post=20582"}],"curies":[{"name":"wp","href":"https:\/\/api.w.org\/{rel}","templated":true}]}}