{"id":20569,"date":"2023-11-17T10:40:14","date_gmt":"2023-11-17T16:40:14","guid":{"rendered":"https:\/\/noticiasveracruz.com\/?p=20569"},"modified":"2023-11-17T10:40:14","modified_gmt":"2023-11-17T16:40:14","slug":"contraloria-suspende-a-sandra-cuevas","status":"publish","type":"post","link":"https:\/\/noticiasveracruz.com\/index.php\/2023\/11\/17\/contraloria-suspende-a-sandra-cuevas\/","title":{"rendered":"Contralor\u00eda suspende a Sandra Cuevas"},"content":{"rendered":"<p><span style=\"font-size: 14pt;\">CDMX.- La Secretar\u00eda de la Contralor\u00eda General de la Ciudad de M\u00e9xico suspen-di\u00f3 45 d\u00edas a Sandra Cuevas Nieves como alcaldesa en Cuauht\u00e9moc tras constatar diversas irregularida-des en el evento de su toma de protesta y en el nombramiento de un director general de la demarcaci\u00f3n. Sin embargo, la funcionaria se ha negado a acatar la sanci\u00f3n, la cual le fue notificada el pasado 6 noviembre, con el argumento de que el Poder Judicial de la Federaci\u00f3n le otorg\u00f3 un amparo que, seg\u00fan afirm\u00f3 en un comunicado de prensa, dej\u00f3 sin efecto la resoluci\u00f3n emitida por la dependencia capitalina.<\/span><\/p>\n<p><span style=\"font-size: 14pt;\">En respuesta, la secretar\u00eda precis\u00f3 que se trata de dos sanciones de suspensi\u00f3n temporal contra la funcionaria; la primera de 15 d\u00edas naturales, por su evento de toma de posesi\u00f3n, contra la cual interpuso un recurso de revocaci\u00f3n y un amparo, que en ambos casos le fueron negados; mientras la segunda es por 30 d\u00edas, y de la cual <q>el \u00f3rgano interno de control no ha sido notificado de la presentaci\u00f3n de medio de impugnaci\u00f3n alguno<\/q>.<\/span><\/p>\n<p><span style=\"font-size: 14pt;\">Las dos investigaciones por responsabilidades administrativas se iniciaron en 2021; en la primera se encontr\u00f3 que hubo dispendio de recursos en el acto organizado para asumir el cargo, en el que se coloc\u00f3 una alfombra roja por la que Cuevas Nieves camin\u00f3 desde la explanada hasta los pasillos del edificio de gobierno de la alcald\u00eda.<\/span><\/p>\n<p><span style=\"font-size: 14pt;\">En la segunda, la dependencia concluy\u00f3 que la funcionaria incurri\u00f3 en falta administrativa al nombrar al director general de Administraci\u00f3n, Israel Salgado Gonz\u00e1lez, toda vez que \u00e9ste no cumpl\u00eda con el perfil para ocupar dicho cargo.<\/span><\/p>\n<p><span style=\"font-size: 14pt;\">La Contralor\u00eda capitalina se\u00f1al\u00f3 que las faltas cometidas por Cuevas son consideradas como no graves y determin\u00f3 suspender por 15 d\u00edas naturales a los directores generales de Administraci\u00f3n y de Recursos Humanos, as\u00ed como al subdirector de Asuntos Laborales y Movimiento de Personal, adem\u00e1s del jefe de la unidad departamental de Movimientos de Personal.<\/span><\/p>\n<p><span style=\"font-size: 14pt;\">Al respecto, la alcald\u00eda Cuauht\u00e9moc, manifest\u00f3 que en el juicio deamparo 1720\/2023, el juzgado octavo de distrito en materia administrativa en la Ciudad de M\u00e9xico determin\u00f3 el pasado mi\u00e9rcoles conceder a la alcaldesa la suspensi\u00f3n del acto reclamado <q>a efecto de que la autoridad responsable se abstenga de ejecutar la resoluci\u00f3n por la cual se impone la sanci\u00f3n de suspensi\u00f3n del encargo<\/q>.<\/span><\/p>\n","protected":false},"excerpt":{"rendered":"<p>CDMX.- La Secretar\u00eda de la Contralor\u00eda General de la Ciudad de M\u00e9xico suspen-di\u00f3 45 d\u00edas a Sandra Cuevas Nieves como<\/p>\n","protected":false},"author":4,"featured_media":20570,"comment_status":"closed","ping_status":"closed","sticky":false,"template":"","format":"standard","meta":{"colormag_page_container_layout":"default_layout","colormag_page_sidebar_layout":"default_layout","_jetpack_memberships_contains_paid_content":false,"footnotes":"","jetpack_publicize_message":"","jetpack_publicize_feature_enabled":true,"jetpack_social_post_already_shared":true,"jetpack_social_options":{"image_generator_settings":{"template":"highway","default_image_id":0,"font":"","enabled":false},"version":2}},"categories":[145],"tags":[],"class_list":["post-20569","post","type-post","status-publish","format-standard","has-post-thumbnail","hentry","category-estados"],"jetpack_publicize_connections":[],"jetpack_featured_media_url":"https:\/\/noticiasveracruz.com\/wp-content\/uploads\/2023\/11\/Contraloria-CDMX-suspende-Sandra-Cuevas-sus-funciones-pero-tiene-amparo-16112023.jpg","jetpack_sharing_enabled":true,"publishpress_future_action":{"enabled":false,"date":"2026-05-10 10:06:08","action":"change-status","newStatus":"draft","terms":[],"taxonomy":"category","extraData":[]},"publishpress_future_workflow_manual_trigger":{"enabledWorkflows":[]},"_links":{"self":[{"href":"https:\/\/noticiasveracruz.com\/index.php\/wp-json\/wp\/v2\/posts\/20569","targetHints":{"allow":["GET"]}}],"collection":[{"href":"https:\/\/noticiasveracruz.com\/index.php\/wp-json\/wp\/v2\/posts"}],"about":[{"href":"https:\/\/noticiasveracruz.com\/index.php\/wp-json\/wp\/v2\/types\/post"}],"author":[{"embeddable":true,"href":"https:\/\/noticiasveracruz.com\/index.php\/wp-json\/wp\/v2\/users\/4"}],"replies":[{"embeddable":true,"href":"https:\/\/noticiasveracruz.com\/index.php\/wp-json\/wp\/v2\/comments?post=20569"}],"version-history":[{"count":0,"href":"https:\/\/noticiasveracruz.com\/index.php\/wp-json\/wp\/v2\/posts\/20569\/revisions"}],"wp:featuredmedia":[{"embeddable":true,"href":"https:\/\/noticiasveracruz.com\/index.php\/wp-json\/wp\/v2\/media\/20570"}],"wp:attachment":[{"href":"https:\/\/noticiasveracruz.com\/index.php\/wp-json\/wp\/v2\/media?parent=20569"}],"wp:term":[{"taxonomy":"category","embeddable":true,"href":"https:\/\/noticiasveracruz.com\/index.php\/wp-json\/wp\/v2\/categories?post=20569"},{"taxonomy":"post_tag","embeddable":true,"href":"https:\/\/noticiasveracruz.com\/index.php\/wp-json\/wp\/v2\/tags?post=20569"}],"curies":[{"name":"wp","href":"https:\/\/api.w.org\/{rel}","templated":true}]}}