{"id":20566,"date":"2023-11-17T10:30:20","date_gmt":"2023-11-17T16:30:20","guid":{"rendered":"https:\/\/noticiasveracruz.com\/?p=20566"},"modified":"2023-11-17T10:30:20","modified_gmt":"2023-11-17T16:30:20","slug":"michoacan-busca-regular-corte-de-limon-para-evitar-delincuencia","status":"publish","type":"post","link":"https:\/\/noticiasveracruz.com\/index.php\/2023\/11\/17\/michoacan-busca-regular-corte-de-limon-para-evitar-delincuencia\/","title":{"rendered":"Michoac\u00e1n busca regular corte de lim\u00f3n para evitar delincuencia"},"content":{"rendered":"<p><span style=\"font-size: 14pt;\"><em>Morelia, Mich. <\/em>El gobierno de Michoac\u00e1n pondr\u00e1 en marcha un programa para regular y controlar el corte del lim\u00f3n, as\u00ed como el empaque del c\u00edtrico en la regi\u00f3n de Tierra Caliente, sobre todo en el Valle de Apatzing\u00e1n donde se concentra la mayor producci\u00f3n, lo que impedir\u00e1 se involucre la delincuencia organizada, inform\u00f3 el mandatario estatal, Alfredo Ram\u00edrez Bedolla.<\/span><\/p>\n<p class=\"western\"><span style=\"font-size: 14pt;\">Coment\u00f3 que se prepara el plan de verificaci\u00f3n, inspecci\u00f3n fitosanitaria y trazabilidad de la producci\u00f3n del lim\u00f3n que, a trav\u00e9s de la certificaci\u00f3n de los empaques, proteger\u00e1 la cadena productiva del robo o intervenci\u00f3n de la delincuencia que ha sido denunciada por los productores del c\u00edtrico.<\/span><\/p>\n<p class=\"western\"><span style=\"font-size: 14pt;\">\u201cEn Michoac\u00e1n hay 26 municipios productores de lim\u00f3n, y 105 viveros donde se cultiva la planta, pero s\u00f3lo tres est\u00e1n certificados, uno que opera el gobierno estatal y dos particulares\u201d, se\u00f1al\u00f3 el mandatario estatal.<\/span><\/p>\n<p class=\"western\"><span style=\"font-size: 14pt;\">La producci\u00f3n de lim\u00f3n en la entidad es de 856 mil toneladas anuales, lo que representa una de las principales actividades econ\u00f3micas de la entidad que brinda empleo y desarrollo a miles de familias de municipios como Buenavista, Apatzing\u00e1n, Tepalcatepec, Par\u00e1cuaro, M\u00fagica, Aguililla, entre otros.<\/span><\/p>\n<p class=\"western\"><span style=\"font-size: 14pt;\">En reuni\u00f3n de seguimiento al plan agron\u00f3mico integral y estrat\u00e9gico en el sector citr\u00edcola nacional, el titular del Ejecutivo estatal comparti\u00f3 que ya presenta avances el sistema para regular y controlar el corte y empaque del lim\u00f3n en las regiones citr\u00edcolas.<\/span><\/p>\n<p class=\"western\"><span style=\"font-size: 14pt;\">Asimismo, se buscar\u00e1 integrar el Consejo Regulador del Lim\u00f3n, constituido por nueve representantes de productores, para que sean auxiliares en el control fitosanitario, programas de investigaci\u00f3n y programaci\u00f3n de cortes, as\u00ed como juntas locales de verificaci\u00f3n.<\/span><\/p>\n<p class=\"western\"><span style=\"font-size: 14pt;\">El gobernador refiri\u00f3 que, por ello, es importante implementar un sistema digital de certificaci\u00f3n para cuidar la fruta que se comercializa y llega al consumidor, a la par reforzar los mecanismos de seguridad que permitan frenar los abusos que comete el crimen organizado con el cobro de cuotas y control del proceso productivo.<\/span><\/p>\n","protected":false},"excerpt":{"rendered":"<p>Morelia, Mich. El gobierno de Michoac\u00e1n pondr\u00e1 en marcha un programa para regular y controlar el corte del lim\u00f3n, as\u00ed<\/p>\n","protected":false},"author":4,"featured_media":20567,"comment_status":"closed","ping_status":"closed","sticky":false,"template":"","format":"standard","meta":{"colormag_page_container_layout":"default_layout","colormag_page_sidebar_layout":"default_layout","_jetpack_memberships_contains_paid_content":false,"footnotes":"","jetpack_publicize_message":"","jetpack_publicize_feature_enabled":true,"jetpack_social_post_already_shared":true,"jetpack_social_options":{"image_generator_settings":{"template":"highway","default_image_id":0,"font":"","enabled":false},"version":2}},"categories":[145],"tags":[],"class_list":["post-20566","post","type-post","status-publish","format-standard","has-post-thumbnail","hentry","category-estados"],"jetpack_publicize_connections":[],"jetpack_featured_media_url":"https:\/\/noticiasveracruz.com\/wp-content\/uploads\/2023\/11\/limon4-1160x700-1.jpg","jetpack_sharing_enabled":true,"publishpress_future_action":{"enabled":false,"date":"2026-05-10 08:59:51","action":"change-status","newStatus":"draft","terms":[],"taxonomy":"category","extraData":[]},"publishpress_future_workflow_manual_trigger":{"enabledWorkflows":[]},"_links":{"self":[{"href":"https:\/\/noticiasveracruz.com\/index.php\/wp-json\/wp\/v2\/posts\/20566","targetHints":{"allow":["GET"]}}],"collection":[{"href":"https:\/\/noticiasveracruz.com\/index.php\/wp-json\/wp\/v2\/posts"}],"about":[{"href":"https:\/\/noticiasveracruz.com\/index.php\/wp-json\/wp\/v2\/types\/post"}],"author":[{"embeddable":true,"href":"https:\/\/noticiasveracruz.com\/index.php\/wp-json\/wp\/v2\/users\/4"}],"replies":[{"embeddable":true,"href":"https:\/\/noticiasveracruz.com\/index.php\/wp-json\/wp\/v2\/comments?post=20566"}],"version-history":[{"count":0,"href":"https:\/\/noticiasveracruz.com\/index.php\/wp-json\/wp\/v2\/posts\/20566\/revisions"}],"wp:featuredmedia":[{"embeddable":true,"href":"https:\/\/noticiasveracruz.com\/index.php\/wp-json\/wp\/v2\/media\/20567"}],"wp:attachment":[{"href":"https:\/\/noticiasveracruz.com\/index.php\/wp-json\/wp\/v2\/media?parent=20566"}],"wp:term":[{"taxonomy":"category","embeddable":true,"href":"https:\/\/noticiasveracruz.com\/index.php\/wp-json\/wp\/v2\/categories?post=20566"},{"taxonomy":"post_tag","embeddable":true,"href":"https:\/\/noticiasveracruz.com\/index.php\/wp-json\/wp\/v2\/tags?post=20566"}],"curies":[{"name":"wp","href":"https:\/\/api.w.org\/{rel}","templated":true}]}}