{"id":20563,"date":"2023-11-17T10:26:22","date_gmt":"2023-11-17T16:26:22","guid":{"rendered":"https:\/\/noticiasveracruz.com\/?p=20563"},"modified":"2023-11-17T10:26:22","modified_gmt":"2023-11-17T16:26:22","slug":"china-plantea-llevar-a-otro-nivel-la-relacion-con-mexico","status":"publish","type":"post","link":"https:\/\/noticiasveracruz.com\/index.php\/2023\/11\/17\/china-plantea-llevar-a-otro-nivel-la-relacion-con-mexico\/","title":{"rendered":"China plantea llevar a otro nivel la relaci\u00f3n con M\u00e9xico"},"content":{"rendered":"<p><span style=\"font-size: 14pt;\">China pretende llevar a otro nivel\u00a0<q>las relaciones sino-mexicanas, que se han vuelto cada vez m\u00e1s estrat\u00e9gicas y complementarias<\/q>, dijo el presidente del gigante asi\u00e1tico, Xi Jinping, quien felicit\u00f3 al mandatario de M\u00e9xico, Andr\u00e9s Manuel L\u00f3pez Obrador, por haber logrado reformas e innovaciones con importantes resultados en el desarrollo del pa\u00eds.<\/span><\/p>\n<p><span style=\"font-size: 14pt;\">Durante un encuentro bilateral, al margen de la cumbre del Foro de Cooperaci\u00f3n Econ\u00f3mica Asia-Pac\u00edfico (APEC), el dirigente asi\u00e1tico expres\u00f3 su benepl\u00e1cito por la reciente creaci\u00f3n del Grupo de Trabajo M\u00e9xico-China sobre Precursores Qu\u00edmicos y Cooperaci\u00f3n Antinarc\u00f3ticos.<\/span><\/p>\n<p><span style=\"font-size: 14pt;\">L\u00f3pez Obrador subray\u00f3 la relevancia de intercambiar informaci\u00f3n y experiencias en la lucha contra el tr\u00e1fico il\u00edcito de precursores qu\u00edmicos de fentanilo, y pugn\u00f3 por consolidar un acuerdo para compartir reportes sobre los embarques que salen de Asia.<\/span><\/p>\n<p><span style=\"font-size: 14pt;\">Ambos mandatarios celebraron la fraternidad en los v\u00ednculos entre sus naciones.\u00a0<q>Concedo suma importancia al desarrollo de las relaciones bilaterales para dar continuidad a la amistad tradicional de medio siglo<\/q>, destac\u00f3 Xi Jinping. China es el primer socio comercial del pa\u00eds entre las naciones asi\u00e1ticas que integran el mecanismo de cooperaci\u00f3n regional.<\/span><\/p>\n<p><span style=\"font-size: 14pt;\">M\u00e9xico ofreci\u00f3 mayores facilidades a las inversiones de empresas chinas, lo cual\u00a0<q>profundizar\u00e1 la cooperaci\u00f3n mutuamente ben\u00e9fica en diversos campos<\/q>. De enero de 1999 a diciembre de 2022 recibi\u00f3 2 mil 161 millones de d\u00f3lares en inversi\u00f3n extranjera directa proveniente de esa naci\u00f3n.<\/span><\/p>\n<p><span style=\"font-size: 14pt;\">Xi Jinping patentiz\u00f3 la necesidad de consolidar el comercio bilateral \u2013que ha crecido 7 mil veces desde que se inici\u00f3, hace 50 a\u00f1os\u2013, y plante\u00f3 el particular inter\u00e9s de su pa\u00eds en rubros como el financiero, fabricaci\u00f3n de autom\u00f3viles el\u00e9ctricos, ferrocarriles y nuevas energ\u00edas.<\/span><\/p>\n<p><span style=\"font-size: 14pt;\">Adem\u00e1s de la cooperaci\u00f3n en la lucha contra la producci\u00f3n y el tr\u00e1fico de drogas sint\u00e9ticas, L\u00f3pez Obrador dijo que su gobierno est\u00e1 dispuesto a colaborar estrechamente con Pek\u00edn en asuntos multilaterales y promover activamente las relaciones entre Am\u00e9rica Latina y el gigante asi\u00e1tico.<\/span><\/p>\n<p><span style=\"font-size: 14pt;\">El encuentro entre ambos mandatarios tuvo lugar al d\u00eda siguiente de la reuni\u00f3n del l\u00edder chino con el presidente Joe Biden, en el que acordaron, entre otros puntos, frenar el tr\u00e1fico de fentanilo.<\/span><\/p>\n<p><span style=\"font-size: 14pt;\">El gobierno mexicano sostiene la necesidad de apuntalar la lucha contra las drogas qu\u00edmicas, cuya letalidad tiene graves impactos en Estados Unidos, por lo que ha impulsado mayor coordinaci\u00f3n multilateral.<\/span><\/p>\n","protected":false},"excerpt":{"rendered":"<p>China pretende llevar a otro nivel\u00a0las relaciones sino-mexicanas, que se han vuelto cada vez m\u00e1s estrat\u00e9gicas y complementarias, dijo el<\/p>\n","protected":false},"author":4,"featured_media":20564,"comment_status":"closed","ping_status":"closed","sticky":false,"template":"","format":"standard","meta":{"colormag_page_container_layout":"default_layout","colormag_page_sidebar_layout":"default_layout","_jetpack_memberships_contains_paid_content":false,"footnotes":"","jetpack_publicize_message":"","jetpack_publicize_feature_enabled":true,"jetpack_social_post_already_shared":true,"jetpack_social_options":{"image_generator_settings":{"template":"highway","default_image_id":0,"font":"","enabled":false},"version":2}},"categories":[355],"tags":[],"class_list":["post-20563","post","type-post","status-publish","format-standard","has-post-thumbnail","hentry","category-internacional"],"jetpack_publicize_connections":[],"jetpack_featured_media_url":"https:\/\/noticiasveracruz.com\/wp-content\/uploads\/2023\/11\/CH.jpg","jetpack_sharing_enabled":true,"publishpress_future_action":{"enabled":false,"date":"2026-05-10 07:55:17","action":"change-status","newStatus":"draft","terms":[],"taxonomy":"category","extraData":[]},"publishpress_future_workflow_manual_trigger":{"enabledWorkflows":[]},"_links":{"self":[{"href":"https:\/\/noticiasveracruz.com\/index.php\/wp-json\/wp\/v2\/posts\/20563","targetHints":{"allow":["GET"]}}],"collection":[{"href":"https:\/\/noticiasveracruz.com\/index.php\/wp-json\/wp\/v2\/posts"}],"about":[{"href":"https:\/\/noticiasveracruz.com\/index.php\/wp-json\/wp\/v2\/types\/post"}],"author":[{"embeddable":true,"href":"https:\/\/noticiasveracruz.com\/index.php\/wp-json\/wp\/v2\/users\/4"}],"replies":[{"embeddable":true,"href":"https:\/\/noticiasveracruz.com\/index.php\/wp-json\/wp\/v2\/comments?post=20563"}],"version-history":[{"count":0,"href":"https:\/\/noticiasveracruz.com\/index.php\/wp-json\/wp\/v2\/posts\/20563\/revisions"}],"wp:featuredmedia":[{"embeddable":true,"href":"https:\/\/noticiasveracruz.com\/index.php\/wp-json\/wp\/v2\/media\/20564"}],"wp:attachment":[{"href":"https:\/\/noticiasveracruz.com\/index.php\/wp-json\/wp\/v2\/media?parent=20563"}],"wp:term":[{"taxonomy":"category","embeddable":true,"href":"https:\/\/noticiasveracruz.com\/index.php\/wp-json\/wp\/v2\/categories?post=20563"},{"taxonomy":"post_tag","embeddable":true,"href":"https:\/\/noticiasveracruz.com\/index.php\/wp-json\/wp\/v2\/tags?post=20563"}],"curies":[{"name":"wp","href":"https:\/\/api.w.org\/{rel}","templated":true}]}}