{"id":20560,"date":"2023-11-17T10:21:38","date_gmt":"2023-11-17T16:21:38","guid":{"rendered":"https:\/\/noticiasveracruz.com\/?p=20560"},"modified":"2023-11-17T10:21:38","modified_gmt":"2023-11-17T16:21:38","slug":"profeco-despliega-operativo-por-el-buen-fin","status":"publish","type":"post","link":"https:\/\/noticiasveracruz.com\/index.php\/2023\/11\/17\/profeco-despliega-operativo-por-el-buen-fin\/","title":{"rendered":"Profeco despliega operativo por El Buen Fin"},"content":{"rendered":"<p><span style=\"font-size: 14pt;\">La Procuradur\u00eda Federal del Consumidor (Profeco) comenz\u00f3 \u201cun extenso operativo\u201d para proteger a la poblaci\u00f3n que adquiera bienes y servicios durante El Buen Fin, cuyas ofertas son aprovechadas hasta por los ciudadanos estadunidenses en las fronteras, seg\u00fan la Confederaci\u00f3n de C\u00e1maras Nacionales de Comercio, Servicios y Turismo (Concanaco-Servytur).<\/span><\/p>\n<p><span style=\"font-size: 14pt;\">Al participar en el arranque que se realiz\u00f3 por segunda ocasi\u00f3n en Le\u00f3n, Guanajuato, David Aguilar Romero, titular de la dependencia federal, se\u00f1al\u00f3 que el n\u00famero de reclamaciones ha disminuido en las \u00faltimas ediciones del programa de reactivaci\u00f3n econ\u00f3mica.<\/span><\/p>\n<p><span style=\"font-size: 14pt;\">Explic\u00f3 que entre 2021 y 2022 las reclamaciones recibidas en los d\u00edas del Buen Fin disminuyeron casi 50 por ciento al pasar de mil 030 en 2021 a s\u00f3lo 522 el a\u00f1o pasado, mientras que el porcentaje de conciliaci\u00f3n inmediata fue superior a 90 por ciento.<\/span><\/p>\n<p><span style=\"font-size: 14pt;\">Por ello, este a\u00f1o \u201cla Profeco realiza un extenso operativo a nivel nacional con m\u00e1s de mil 500 servidores p\u00fablicos en un horario extendido de nueve de la ma\u00f1ana a nueve de la noche durante estos cuatro d\u00edas en las 38 ciudades de mayor actividad comercial\u201d.<\/span><\/p>\n<p><span style=\"font-size: 14pt;\">Indic\u00f3 que el operativo incluye el monitoreo de precios de 500 art\u00edculos con mayor demanda, 145 m\u00f3dulos de atenci\u00f3n en los principales centros comerciales, vigilancia en 300 centros comerciales a trav\u00e9s de brigadas itinerantes para atender denuncias, brindar asesor\u00edas y llevar a cabo conciliaciones inmediatas.<\/span><\/p>\n<p><span style=\"font-size: 14pt;\">\u201cEl buen fin se consolid\u00f3 como un programa que incentiva el mercado interno y fomenta el comercio formal facilitando el acceso a bienes y servicios con precios y condiciones favorables para la econom\u00eda familiar\u201d, se\u00f1al\u00f3 el funcionario.<\/span><\/p>\n<p><span style=\"font-size: 14pt;\">Coment\u00f3 que tambi\u00e9n se realizan conciliaciones inmediatas a trav\u00e9s del tel\u00e9fono del consumidor y del mecanismo concilia express, que incluye a los proveedores m\u00e1s grandes.<\/span><\/p>\n<p><span style=\"font-size: 14pt;\">Aguilar Romero pidi\u00f3 a la poblaci\u00f3n hacer compras razonadas, elaborar presupuestos, comparar precios y adquirir bienes de uso duradero indispensables para cubrir necesidades del d\u00eda a d\u00eda, evitando gastos innecesarios y hacer compras en l\u00ednea con proveedores reconocidos, no a trav\u00e9s de redes sociales.<\/span><\/p>\n<p><span style=\"font-size: 14pt;\">\u201cNo olvidemos la m\u00e1xima de compro lo que necesito, pero tambi\u00e9n compro lo que puedo pagar\u201d, dijo.<\/span><\/p>\n<p><span style=\"font-size: 14pt;\">A los comerciantes les pidi\u00f3 evitar publicidad enga\u00f1osa, respetar precios, promociones, garant\u00edas, pol\u00edticas de cambio y devoluciones, as\u00ed como evitar vender productos que no tengan disponibles en sus inventarios.<\/span><\/p>\n<p><span style=\"font-size: 14pt;\">Por su parte, H\u00e9ctor Tejada Shaar, presidente de la Concanaco-Servytur, indic\u00f3 que las c\u00e1maras afiliadas al organismo han documentado que los ciudadanos estadunidenses y personas residentes en el pa\u00eds vecino del norte cruzan la frontera para hacer compras.<\/span><\/p>\n<p><span style=\"font-size: 14pt;\">\u201cEl Buen fin se ha convertido en un gran evento de generaci\u00f3n econ\u00f3mica en las fronteras norte, donde antes se iban a comprar al <em>Black Friday<\/em>, ahora los estadunidenses vienen a comprar a M\u00e9xico y aprovechar las grandes ofertas que tenemos en nuestro pa\u00eds\u201d, dijo antes de recordar que se espera una derrama econ\u00f3mica de 141 mil millones de pesos.<\/span><\/p>\n<div class=\"teads-inread\">\n<div>\n<div class=\"teads-ui-components-adchoices\"><\/div>\n<div class=\"teads-ui-components-label\"><\/div>\n<\/div>\n<\/div>\n","protected":false},"excerpt":{"rendered":"<p>La Procuradur\u00eda Federal del Consumidor (Profeco) comenz\u00f3 \u201cun extenso operativo\u201d para proteger a la poblaci\u00f3n que adquiera bienes y servicios<\/p>\n","protected":false},"author":4,"featured_media":20561,"comment_status":"closed","ping_status":"closed","sticky":false,"template":"","format":"standard","meta":{"colormag_page_container_layout":"default_layout","colormag_page_sidebar_layout":"default_layout","_jetpack_memberships_contains_paid_content":false,"footnotes":"","jetpack_publicize_message":"","jetpack_publicize_feature_enabled":true,"jetpack_social_post_already_shared":true,"jetpack_social_options":{"image_generator_settings":{"template":"highway","default_image_id":0,"font":"","enabled":false},"version":2}},"categories":[1947],"tags":[],"class_list":["post-20560","post","type-post","status-publish","format-standard","has-post-thumbnail","hentry","category-economia"],"jetpack_publicize_connections":[],"jetpack_featured_media_url":"https:\/\/noticiasveracruz.com\/wp-content\/uploads\/2023\/11\/cuando-inicia-el-buen-fin.jpg","jetpack_sharing_enabled":true,"publishpress_future_action":{"enabled":false,"date":"2026-05-10 06:46:09","action":"change-status","newStatus":"draft","terms":[],"taxonomy":"category","extraData":[]},"publishpress_future_workflow_manual_trigger":{"enabledWorkflows":[]},"_links":{"self":[{"href":"https:\/\/noticiasveracruz.com\/index.php\/wp-json\/wp\/v2\/posts\/20560","targetHints":{"allow":["GET"]}}],"collection":[{"href":"https:\/\/noticiasveracruz.com\/index.php\/wp-json\/wp\/v2\/posts"}],"about":[{"href":"https:\/\/noticiasveracruz.com\/index.php\/wp-json\/wp\/v2\/types\/post"}],"author":[{"embeddable":true,"href":"https:\/\/noticiasveracruz.com\/index.php\/wp-json\/wp\/v2\/users\/4"}],"replies":[{"embeddable":true,"href":"https:\/\/noticiasveracruz.com\/index.php\/wp-json\/wp\/v2\/comments?post=20560"}],"version-history":[{"count":0,"href":"https:\/\/noticiasveracruz.com\/index.php\/wp-json\/wp\/v2\/posts\/20560\/revisions"}],"wp:featuredmedia":[{"embeddable":true,"href":"https:\/\/noticiasveracruz.com\/index.php\/wp-json\/wp\/v2\/media\/20561"}],"wp:attachment":[{"href":"https:\/\/noticiasveracruz.com\/index.php\/wp-json\/wp\/v2\/media?parent=20560"}],"wp:term":[{"taxonomy":"category","embeddable":true,"href":"https:\/\/noticiasveracruz.com\/index.php\/wp-json\/wp\/v2\/categories?post=20560"},{"taxonomy":"post_tag","embeddable":true,"href":"https:\/\/noticiasveracruz.com\/index.php\/wp-json\/wp\/v2\/tags?post=20560"}],"curies":[{"name":"wp","href":"https:\/\/api.w.org\/{rel}","templated":true}]}}