{"id":20557,"date":"2023-11-17T10:11:56","date_gmt":"2023-11-17T16:11:56","guid":{"rendered":"https:\/\/noticiasveracruz.com\/?p=20557"},"modified":"2023-11-17T10:11:56","modified_gmt":"2023-11-17T16:11:56","slug":"lomeli-llama-a-construir-alternativas-de-desarrollo-incluyente-y-sustentable","status":"publish","type":"post","link":"https:\/\/noticiasveracruz.com\/index.php\/2023\/11\/17\/lomeli-llama-a-construir-alternativas-de-desarrollo-incluyente-y-sustentable\/","title":{"rendered":"Lomel\u00ed llama a construir alternativas de desarrollo incluyente y sustentable"},"content":{"rendered":"<p><span style=\"font-size: 14pt;\">En su primer mensaje como rector de la Universidad Nacional Aut\u00f3noma de M\u00e9xico (UNAM), Leonardo Lomel\u00ed Vanegas, llam\u00f3 este viernes a los universitarios a construir alternativas de desarrollo incluyente y sustentable y a \u201ctomar conciencia de la gravedad de los problemas pol\u00edticos, sociales y ambientales que enfrenta la humanidad\u201d.<\/span><\/p>\n<p class=\"western\"><span style=\"font-size: 14pt;\">Luego de tomar protesta como rector para el periodo 2023-2027 en una ceremonia que se celebra en el Antiguo Palacio de Medicina, Lomel\u00ed Vanegas pronunci\u00f3 un discurso en el que afirm\u00f3 que asume su nueva responsabilidad \u201ccon la emoci\u00f3n y el compromiso de alguien que se ha formado en sus aulas desde el bachillerato y que est\u00e1 convencido de que la Universidad es, ha sido y lo seguir\u00e1 siendo, el espejo del mejor M\u00e9xico posible, como lo declar\u00f3 hace m\u00e1s de medio siglo el rector Javier Barros Sierra en su toma de protesta\u201d.<\/span><\/p>\n<p class=\"western\"><span style=\"font-size: 14pt;\">\u201cHoy m\u00e1s que nunca es necesario tomar conciencia de la gravedad de los problemas pol\u00edticos, econ\u00f3micos, sociales y ambientales que enfrenta la humanidad y asumir el compromiso de avanzar desde la universidad en la construcci\u00f3n de alternativas de desarrollo socialmente incluyente y ambientalmente sustentable\u201d, manifest\u00f3 el rector.<\/span><\/p>\n<p class=\"western\"><span style=\"font-size: 14pt;\">En la ceremonia est\u00e1n presentes, entre otros,los ex rectores Jos\u00e9 Narro Robles, Juan Ram\u00f3n de la Fuente, Francisco Barn\u00e9s y Jos\u00e9 Sarukh\u00e1n.<\/span><\/p>\n<p class=\"western\"><span style=\"font-size: 14pt;\">En representaci\u00f3n del gobierno federal asisten la secretaria de Cultura, Alejandra Fraustro, y de Gobernaci\u00f2n, Luisa Mar\u00eca Alcalde.<\/span><\/p>\n","protected":false},"excerpt":{"rendered":"<p>En su primer mensaje como rector de la Universidad Nacional Aut\u00f3noma de M\u00e9xico (UNAM), Leonardo Lomel\u00ed Vanegas, llam\u00f3 este viernes<\/p>\n","protected":false},"author":4,"featured_media":20558,"comment_status":"closed","ping_status":"closed","sticky":false,"template":"","format":"standard","meta":{"colormag_page_container_layout":"default_layout","colormag_page_sidebar_layout":"default_layout","_jetpack_memberships_contains_paid_content":false,"footnotes":"","jetpack_publicize_message":"","jetpack_publicize_feature_enabled":true,"jetpack_social_post_already_shared":true,"jetpack_social_options":{"image_generator_settings":{"template":"highway","default_image_id":0,"font":"","enabled":false},"version":2}},"categories":[4],"tags":[],"class_list":["post-20557","post","type-post","status-publish","format-standard","has-post-thumbnail","hentry","category-nacional"],"jetpack_publicize_connections":[],"jetpack_featured_media_url":"https:\/\/noticiasveracruz.com\/wp-content\/uploads\/2023\/11\/LL.jpg","jetpack_sharing_enabled":true,"publishpress_future_action":{"enabled":false,"date":"2026-05-08 10:31:14","action":"change-status","newStatus":"draft","terms":[],"taxonomy":"category","extraData":[]},"publishpress_future_workflow_manual_trigger":{"enabledWorkflows":[]},"_links":{"self":[{"href":"https:\/\/noticiasveracruz.com\/index.php\/wp-json\/wp\/v2\/posts\/20557","targetHints":{"allow":["GET"]}}],"collection":[{"href":"https:\/\/noticiasveracruz.com\/index.php\/wp-json\/wp\/v2\/posts"}],"about":[{"href":"https:\/\/noticiasveracruz.com\/index.php\/wp-json\/wp\/v2\/types\/post"}],"author":[{"embeddable":true,"href":"https:\/\/noticiasveracruz.com\/index.php\/wp-json\/wp\/v2\/users\/4"}],"replies":[{"embeddable":true,"href":"https:\/\/noticiasveracruz.com\/index.php\/wp-json\/wp\/v2\/comments?post=20557"}],"version-history":[{"count":0,"href":"https:\/\/noticiasveracruz.com\/index.php\/wp-json\/wp\/v2\/posts\/20557\/revisions"}],"wp:featuredmedia":[{"embeddable":true,"href":"https:\/\/noticiasveracruz.com\/index.php\/wp-json\/wp\/v2\/media\/20558"}],"wp:attachment":[{"href":"https:\/\/noticiasveracruz.com\/index.php\/wp-json\/wp\/v2\/media?parent=20557"}],"wp:term":[{"taxonomy":"category","embeddable":true,"href":"https:\/\/noticiasveracruz.com\/index.php\/wp-json\/wp\/v2\/categories?post=20557"},{"taxonomy":"post_tag","embeddable":true,"href":"https:\/\/noticiasveracruz.com\/index.php\/wp-json\/wp\/v2\/tags?post=20557"}],"curies":[{"name":"wp","href":"https:\/\/api.w.org\/{rel}","templated":true}]}}