{"id":20542,"date":"2023-11-16T18:18:20","date_gmt":"2023-11-17T00:18:20","guid":{"rendered":"https:\/\/noticiasveracruz.com\/?p=20542"},"modified":"2023-11-16T18:18:20","modified_gmt":"2023-11-17T00:18:20","slug":"de-suma-importancia-combate-a-drogas-subrayan-amlo-y-xi-jinping","status":"publish","type":"post","link":"https:\/\/noticiasveracruz.com\/index.php\/2023\/11\/16\/de-suma-importancia-combate-a-drogas-subrayan-amlo-y-xi-jinping\/","title":{"rendered":"De suma importancia combate a drogas, subrayan AMLO y Xi Jinping"},"content":{"rendered":"<p><span style=\"font-size: 14pt;\">San Francisco, Cal.- Durante su encuentro con su hom\u00f3logo chino, Xi Jinping y de M\u00e9xico, Andr\u00e9s Manuel L\u00f3pez Obrador subray\u00f3 la importancia de intensificar las acciones conjuntas para combatir el tr\u00e1fico de drogas, mediante un mayor intercambio de informaci\u00f3n y las experiencias en cada uno de los pa\u00edses.<\/span><\/p>\n<p><span style=\"font-size: 14pt;\">En tanto, seg\u00fan dio a conocer la canciller\u00eda mexicana, Jinping se congratul\u00f3 por la reciente creaci\u00f3n del Grupo de Trabajo M\u00e9xico-China sobre Precursores Qu\u00edmicos y Cooperaci\u00f3n Antinarc\u00f3tica.<\/span><\/p>\n<p><span style=\"font-size: 14pt;\">Asimismo, M\u00e9xico y China acordaron el fortalecimiento del multilateralismo, reivindicaron el derecho internacional y consideraron que la cooperaci\u00f3n es la v\u00eda id\u00f3nea para hacer frente a los retos de la paz y la seguridad internacionales.<\/span><\/p>\n<p><span style=\"font-size: 14pt;\">En la reuni\u00f3n, L\u00f3pez Obrador y Jinping subrayaron tambi\u00e9n la importancia de la relaci\u00f3n comercial bilateral, toda vez que esa naci\u00f3n, es el principal socio comercial de M\u00e9xico en Asia.<\/span><\/p>\n<p><span style=\"font-size: 14pt;\">En este marco, el mandatario mexicano agradeci\u00f3 las muestras de solidaridad y apoyo que ha recibido de China, en su momento, durante la pandemia y recientemente, en ocasi\u00f3n del paso del hurac\u00e1n Otis por las costas de Guerrero. ambos acordaron dar prioridad m\u00e1xima a fortalecer la cooperaci\u00f3n para atender los impactos en Guerrero, con el fin de aliviar a la brevedad posible a las familias damnificadas.<\/span><\/p>\n","protected":false},"excerpt":{"rendered":"<p>San Francisco, Cal.- Durante su encuentro con su hom\u00f3logo chino, Xi Jinping y de M\u00e9xico, Andr\u00e9s Manuel L\u00f3pez Obrador subray\u00f3<\/p>\n","protected":false},"author":4,"featured_media":20543,"comment_status":"closed","ping_status":"closed","sticky":false,"template":"","format":"standard","meta":{"colormag_page_container_layout":"default_layout","colormag_page_sidebar_layout":"default_layout","_jetpack_memberships_contains_paid_content":false,"footnotes":"","jetpack_publicize_message":"","jetpack_publicize_feature_enabled":true,"jetpack_social_post_already_shared":true,"jetpack_social_options":{"image_generator_settings":{"template":"highway","default_image_id":0,"font":"","enabled":false},"version":2}},"categories":[355],"tags":[],"class_list":["post-20542","post","type-post","status-publish","format-standard","has-post-thumbnail","hentry","category-internacional"],"jetpack_publicize_connections":[],"jetpack_featured_media_url":"https:\/\/noticiasveracruz.com\/wp-content\/uploads\/2023\/11\/My-project-3-12.png","jetpack_sharing_enabled":true,"publishpress_future_action":{"enabled":false,"date":"2026-05-08 06:27:53","action":"change-status","newStatus":"draft","terms":[],"taxonomy":"category","extraData":[]},"publishpress_future_workflow_manual_trigger":{"enabledWorkflows":[]},"_links":{"self":[{"href":"https:\/\/noticiasveracruz.com\/index.php\/wp-json\/wp\/v2\/posts\/20542","targetHints":{"allow":["GET"]}}],"collection":[{"href":"https:\/\/noticiasveracruz.com\/index.php\/wp-json\/wp\/v2\/posts"}],"about":[{"href":"https:\/\/noticiasveracruz.com\/index.php\/wp-json\/wp\/v2\/types\/post"}],"author":[{"embeddable":true,"href":"https:\/\/noticiasveracruz.com\/index.php\/wp-json\/wp\/v2\/users\/4"}],"replies":[{"embeddable":true,"href":"https:\/\/noticiasveracruz.com\/index.php\/wp-json\/wp\/v2\/comments?post=20542"}],"version-history":[{"count":0,"href":"https:\/\/noticiasveracruz.com\/index.php\/wp-json\/wp\/v2\/posts\/20542\/revisions"}],"wp:featuredmedia":[{"embeddable":true,"href":"https:\/\/noticiasveracruz.com\/index.php\/wp-json\/wp\/v2\/media\/20543"}],"wp:attachment":[{"href":"https:\/\/noticiasveracruz.com\/index.php\/wp-json\/wp\/v2\/media?parent=20542"}],"wp:term":[{"taxonomy":"category","embeddable":true,"href":"https:\/\/noticiasveracruz.com\/index.php\/wp-json\/wp\/v2\/categories?post=20542"},{"taxonomy":"post_tag","embeddable":true,"href":"https:\/\/noticiasveracruz.com\/index.php\/wp-json\/wp\/v2\/tags?post=20542"}],"curies":[{"name":"wp","href":"https:\/\/api.w.org\/{rel}","templated":true}]}}