{"id":20536,"date":"2023-11-16T18:06:34","date_gmt":"2023-11-17T00:06:34","guid":{"rendered":"https:\/\/noticiasveracruz.com\/?p=20536"},"modified":"2023-11-16T18:06:34","modified_gmt":"2023-11-17T00:06:34","slug":"texas-avala-dos-nuevas-acciones-antimigrantes","status":"publish","type":"post","link":"https:\/\/noticiasveracruz.com\/index.php\/2023\/11\/16\/texas-avala-dos-nuevas-acciones-antimigrantes\/","title":{"rendered":"Texas avala dos nuevas acciones antimigrantes"},"content":{"rendered":"<div class=\"col col1\">\n<p class=\"s-s\"><span style=\"font-size: 14pt;\">La C\u00e1mara de Representantes de Texas aprob\u00f3 dos controvertidos proyectos de ley fronterizos, incluido el SB3, que asigna mil 500 millones de d\u00f3lares para construir un muro fronterizo, y el SB4, que crea un nuevo delito estatal por ingresar ilegalmente al estado, al otorgar a las autoridades el poder de arrestar y dar a los jueces la posibilidad de emitir \u00f3rdenes para expulsar a los infractores a M\u00e9xico, inform\u00f3 CNN en Espa\u00f1ol.<\/span><\/p>\n<p><span style=\"font-size: 14pt;\">La SB3 y la SB4 se introdujeron la semana pasada despu\u00e9s de que el gobernador de Texas, Greg Abbott, anunci\u00f3 una cuarta sesi\u00f3n legislativa especial centrada en la seguridad fronteriza y la educaci\u00f3n. El Senado de la entidad suspendi\u00f3 sus reglas para hacer pasar r\u00e1pidamente la SB4 por medio de la C\u00e1mara.<\/span><\/p>\n<p><span style=\"font-size: 14pt;\">Texas tiene frontera con los estados mexicanos de Chihuahua, Coahuila, Nuevo Le\u00f3n y Tamaulipas, y abarca pr\u00e1cticamente la mitad de los 3 mil kil\u00f3metros de l\u00ednea lim\u00edtrofe entre ambas naciones.<\/span><\/p>\n<p><span style=\"font-size: 14pt;\">Los cr\u00edticos dicen que la SB4 podr\u00eda costar a los condados millones de d\u00f3lares para financiar la operaci\u00f3n de c\u00e1rceles y provocar la discriminaci\u00f3n racial de los latinos en el estado. Los miembros dem\u00f3cratas de la C\u00e1mara se opusieron al proyecto de ley con el argumento de que es inconstitucional y excede los poderes del gobierno federal.<\/span><\/p>\n<\/div>\n<div class=\"col col2\">\n<p><span style=\"font-size: 14pt;\">Al menos un republicano de Texas tambi\u00e9n est\u00e1 preocupado por la constitucionalidad del proyecto de ley. La semana pasada, el senador Brian Birdwell, autor de la versi\u00f3n anterior de la SB4, expres\u00f3 su oposici\u00f3n en el pleno del Senado.<\/span><\/p>\n<p><span style=\"font-size: 14pt;\">Advirti\u00f3 que Texas estaba sentando un\u00a0<q>terrible precedente<\/q>\u00a0al\u00a0<q>invalidar la obediencia y fidelidad a nuestra Constituci\u00f3n<\/q>, que especifica que\u00a0<q>todo el poder y la responsabilidad en materia de migraci\u00f3n se delega al gobierno federal<\/q>. Birdwell vot\u00f3 contra el proyecto de ley, pero sus compa\u00f1eros republicanos aprobaron la medida de todos modos, a\u00f1adi\u00f3 CNN en espa\u00f1ol.<\/span><\/p>\n<p><span style=\"font-size: 14pt;\">Los contribuyentes de Texas pagar\u00edan entre 20 y 30 millones de d\u00f3lares por milla de barda, seg\u00fan la discusi\u00f3n de los legisladores.<\/span><\/p>\n<p><span style=\"font-size: 14pt;\">La SB4 se aprob\u00f3 sin enmiendas, por lo que se remiti\u00f3 a Abbott. A la SB3 se le puso una, por lo que regresa al Senado estatal.<\/span><\/p>\n<p><span style=\"font-size: 14pt;\">La Uni\u00f3n Estadunidense por las Libertades Civiles (ACLU) de Texas conden\u00f3 la aprobaci\u00f3n de los proyectos de ley fronterizos.<\/span><\/p>\n<p><span style=\"font-size: 14pt;\"><q>Los pol\u00edticos de Texas han impulsado algunos de los proyectos de ley antimigrantes m\u00e1s radicales jam\u00e1s aprobados por cualquier estado<\/q>, se\u00f1al\u00f3 Oni K. Blair, director ejecutivo de la ACLU de Texas.<\/span><\/p>\n<\/div>\n","protected":false},"excerpt":{"rendered":"<p>La C\u00e1mara de Representantes de Texas aprob\u00f3 dos controvertidos proyectos de ley fronterizos, incluido el SB3, que asigna mil 500<\/p>\n","protected":false},"author":4,"featured_media":20537,"comment_status":"closed","ping_status":"closed","sticky":false,"template":"","format":"standard","meta":{"colormag_page_container_layout":"default_layout","colormag_page_sidebar_layout":"default_layout","_jetpack_memberships_contains_paid_content":false,"footnotes":"","jetpack_publicize_message":"","jetpack_publicize_feature_enabled":true,"jetpack_social_post_already_shared":true,"jetpack_social_options":{"image_generator_settings":{"template":"highway","default_image_id":0,"font":"","enabled":false},"version":2}},"categories":[355],"tags":[],"class_list":["post-20536","post","type-post","status-publish","format-standard","has-post-thumbnail","hentry","category-internacional"],"jetpack_publicize_connections":[],"jetpack_featured_media_url":"https:\/\/noticiasveracruz.com\/wp-content\/uploads\/2023\/11\/231115082927-02-greg-abbott-0608-scaled.jpg","jetpack_sharing_enabled":true,"publishpress_future_action":{"enabled":false,"date":"2026-05-08 04:36:41","action":"change-status","newStatus":"draft","terms":[],"taxonomy":"category","extraData":[]},"publishpress_future_workflow_manual_trigger":{"enabledWorkflows":[]},"_links":{"self":[{"href":"https:\/\/noticiasveracruz.com\/index.php\/wp-json\/wp\/v2\/posts\/20536","targetHints":{"allow":["GET"]}}],"collection":[{"href":"https:\/\/noticiasveracruz.com\/index.php\/wp-json\/wp\/v2\/posts"}],"about":[{"href":"https:\/\/noticiasveracruz.com\/index.php\/wp-json\/wp\/v2\/types\/post"}],"author":[{"embeddable":true,"href":"https:\/\/noticiasveracruz.com\/index.php\/wp-json\/wp\/v2\/users\/4"}],"replies":[{"embeddable":true,"href":"https:\/\/noticiasveracruz.com\/index.php\/wp-json\/wp\/v2\/comments?post=20536"}],"version-history":[{"count":0,"href":"https:\/\/noticiasveracruz.com\/index.php\/wp-json\/wp\/v2\/posts\/20536\/revisions"}],"wp:featuredmedia":[{"embeddable":true,"href":"https:\/\/noticiasveracruz.com\/index.php\/wp-json\/wp\/v2\/media\/20537"}],"wp:attachment":[{"href":"https:\/\/noticiasveracruz.com\/index.php\/wp-json\/wp\/v2\/media?parent=20536"}],"wp:term":[{"taxonomy":"category","embeddable":true,"href":"https:\/\/noticiasveracruz.com\/index.php\/wp-json\/wp\/v2\/categories?post=20536"},{"taxonomy":"post_tag","embeddable":true,"href":"https:\/\/noticiasveracruz.com\/index.php\/wp-json\/wp\/v2\/tags?post=20536"}],"curies":[{"name":"wp","href":"https:\/\/api.w.org\/{rel}","templated":true}]}}