{"id":20484,"date":"2023-11-15T16:35:14","date_gmt":"2023-11-15T22:35:14","guid":{"rendered":"https:\/\/noticiasveracruz.com\/?p=20484"},"modified":"2023-11-15T16:35:14","modified_gmt":"2023-11-15T22:35:14","slug":"la-nueva-terminal-ado-tuxpan-sera-un-proyecto-innovador-y-sustentable-en-el-que-se-invertiran-198-millones-de-pesos-alcalde-jose-manuel-pozos-castro","status":"publish","type":"post","link":"https:\/\/noticiasveracruz.com\/index.php\/2023\/11\/15\/la-nueva-terminal-ado-tuxpan-sera-un-proyecto-innovador-y-sustentable-en-el-que-se-invertiran-198-millones-de-pesos-alcalde-jose-manuel-pozos-castro\/","title":{"rendered":"\u201cLa nueva Terminal ADO Tuxpan ser\u00e1 un proyecto innovador y sustentable, en el que se invertir\u00e1n 198 Millones de pesos\u201d: Alcalde Jos\u00e9 Manuel Pozos Castro"},"content":{"rendered":"<p><span style=\"font-size: 14pt;\">Tuxpan, Ver. &#8211; El Presidente Municipal Lic. Jos\u00e9 Manuel Pozos Castro dio a conocer el inicio del proyecto de Ampliaci\u00f3n y Remodelaci\u00f3n de la Terminal ADO de Tuxpan, en el que la empresa habr\u00e1 de invertir 198 millones de pesos.<\/span><\/p>\n<p><span style=\"font-size: 14pt;\">El Alcalde hizo un reconocimiento a Mobility ADO por esta gran inversi\u00f3n generadora de empleos, que habr\u00e1 de embellecer el centro de la ciudad y mejorar\u00e1 la movilidad urbana.<\/span><\/p>\n<p><img loading=\"lazy\" decoding=\"async\" class=\"alignnone size-medium wp-image-20486\" src=\"http:\/\/noticiasveracruz.com\/wp-content\/uploads\/2023\/11\/WhatsApp-Image-2023-11-15-at-14.47.38-300x212.jpeg\" alt=\"\" width=\"300\" height=\"212\" srcset=\"https:\/\/noticiasveracruz.com\/wp-content\/uploads\/2023\/11\/WhatsApp-Image-2023-11-15-at-14.47.38-300x212.jpeg 300w, https:\/\/noticiasveracruz.com\/wp-content\/uploads\/2023\/11\/WhatsApp-Image-2023-11-15-at-14.47.38-1024x725.jpeg 1024w, https:\/\/noticiasveracruz.com\/wp-content\/uploads\/2023\/11\/WhatsApp-Image-2023-11-15-at-14.47.38-768x544.jpeg 768w, https:\/\/noticiasveracruz.com\/wp-content\/uploads\/2023\/11\/WhatsApp-Image-2023-11-15-at-14.47.38-1536x1088.jpeg 1536w, https:\/\/noticiasveracruz.com\/wp-content\/uploads\/2023\/11\/WhatsApp-Image-2023-11-15-at-14.47.38.jpeg 1600w\" sizes=\"auto, (max-width: 300px) 100vw, 300px\" \/><\/p>\n<p><span style=\"font-size: 14pt;\">El Lic. Jos\u00e9 Manuel Pozos Castro destac\u00f3 que en Tuxpan son bienvenidas las empresas que aportan al desarrollo, que son socialmente responsables y cumplen con la normatividad ambiental, con un enfoque sustentable.<\/span><\/p>\n<p><span style=\"font-size: 14pt;\">A\u00f1adi\u00f3 que, en los pr\u00f3ximos meses, Tuxpan tendr\u00e1 una moderna, sustentable y eficiente terminal de autobuses, que se sumar\u00e1 a las estrategias que se vienen implementando para dar un gran impulso al turismo y al desarrollo integral de Tuxpan.<\/span><\/p>\n<p><span style=\"font-size: 14pt;\">Cabe mencionar que el Alcalde sostuvo una reuni\u00f3n de trabajo -en relaci\u00f3n a este proyecto- con el Ing. Guillermo Javier Arcos Hern\u00e1ndez, Gerente General Regi\u00f3n M\u00e9xico Norte; el Arq. Ahmed Ph\u00e9rez Galv\u00e1n, Gerente General de Inmobiliarias y el Lic. Juan Felipe Elizalde Gonz\u00e1lez, Gerente Comercial de Zona.<\/span><\/p>\n<p><span style=\"font-size: 14pt;\">Por su parte, la empresa Mobility ADO, a trav\u00e9s de sus directivos, refrend\u00f3 su compromiso de invertir en Tuxpan y el norte de Veracruz, para crear un impacto positivo en lo econ\u00f3mico, social y ambiental.<\/span><br \/>\n<span style=\"font-size: 14pt;\">.<\/span><br \/>\n<span style=\"font-size: 14pt;\">El proyecto viene a reforzar el servicio de transporte en la ciudad, otorgando a los usuarios un espacio de calidad, con las mejores condiciones f\u00edsicas y de servicio, mediante una terminal de autobuses con los m\u00e1s altos est\u00e1ndares.<\/span><\/p>\n<p><span style=\"font-size: 14pt;\">Inversi\u00f3n y caracter\u00edsticas del proyecto<\/span><br \/>\n<span style=\"font-size: 14pt;\">\u2022 Monto de Inversi\u00f3n: 198 Millones de pesos<\/span><br \/>\n<span style=\"font-size: 14pt;\">\u2022 Tiempo de Ejecuci\u00f3n: 14 meses<\/span><br \/>\n<span style=\"font-size: 14pt;\">\u2022 Capacidad de estacionamiento: 69 cajones<\/span><br \/>\n<span style=\"font-size: 14pt;\">\u2022 Capacidad de sala de espera: 112 asientos<\/span><br \/>\n<span style=\"font-size: 14pt;\">\u2022 Empleos generados: 210<\/span><\/p>\n<p><span style=\"font-size: 14pt;\">Ahorro de Energ\u00eda<\/span><br \/>\n<span style=\"font-size: 14pt;\">\u2022 Uso de luminarias eficientes de bajo consumo de energ\u00eda<\/span><br \/>\n<span style=\"font-size: 14pt;\">\u2022 Equipos de aire acondicionado eficientes<\/span><br \/>\n<span style=\"font-size: 14pt;\">\u2022 Materiales con sistema aislante para mejorar la eficiencia t\u00e9rmica<\/span><br \/>\n<span style=\"font-size: 14pt;\">\u2022 Sensores de presencia en encendido de luminarias<\/span><br \/>\n<span style=\"font-size: 14pt;\">\u2022 Vidrio de control solar<\/span><\/p>\n<p><span style=\"font-size: 14pt;\">Sustentabilidad<\/span><br \/>\n<span style=\"font-size: 14pt;\">\u2022 \u00c1reas abiertas, pasillos y andadores con la integraci\u00f3n de jardineras con vegetaci\u00f3n nativa.<\/span><br \/>\n<span style=\"font-size: 14pt;\">\u2022 Aprovechamiento de la iluminaci\u00f3n natural en los espacios.<\/span><\/p>\n<p><span style=\"font-size: 14pt;\">Calidad del Medio Ambiente<\/span><br \/>\n<span style=\"font-size: 14pt;\">\u2022 Edificio libre de humo<\/span><br \/>\n<span style=\"font-size: 14pt;\">\u2022 Adecuada iluminaci\u00f3n natural y artificial de los espacios<\/span><\/p>\n<p><span style=\"font-size: 14pt;\">Eficiencia en el uso del agua<\/span><br \/>\n<span style=\"font-size: 14pt;\">\u2022 Muebles sanitarios de bajo o nulo consumo de agua<\/span><\/p>\n<p><span style=\"font-size: 14pt;\">Materiales y Recursos<\/span><br \/>\n<span style=\"font-size: 14pt;\">\u2022 Uso de materiales con bajo contenido de VOC<\/span><br \/>\n<span style=\"font-size: 14pt;\">\u2022 Uso de materiales de la regi\u00f3n<\/span><\/p>\n","protected":false},"excerpt":{"rendered":"<p>Tuxpan, Ver. &#8211; El Presidente Municipal Lic. Jos\u00e9 Manuel Pozos Castro dio a conocer el inicio del proyecto de Ampliaci\u00f3n<\/p>\n","protected":false},"author":4,"featured_media":20485,"comment_status":"closed","ping_status":"closed","sticky":false,"template":"","format":"standard","meta":{"colormag_page_container_layout":"default_layout","colormag_page_sidebar_layout":"default_layout","_jetpack_memberships_contains_paid_content":false,"footnotes":"","jetpack_publicize_message":"","jetpack_publicize_feature_enabled":true,"jetpack_social_post_already_shared":true,"jetpack_social_options":{"image_generator_settings":{"template":"highway","default_image_id":0,"font":"","enabled":false},"version":2}},"categories":[145],"tags":[],"class_list":["post-20484","post","type-post","status-publish","format-standard","has-post-thumbnail","hentry","category-estados"],"jetpack_publicize_connections":[],"jetpack_featured_media_url":"https:\/\/noticiasveracruz.com\/wp-content\/uploads\/2023\/11\/WhatsApp-Image-2023-11-15-at-14.47.37.jpeg","jetpack_sharing_enabled":true,"publishpress_future_action":{"enabled":false,"date":"2026-05-07 19:08:16","action":"change-status","newStatus":"draft","terms":[],"taxonomy":"category","extraData":[]},"publishpress_future_workflow_manual_trigger":{"enabledWorkflows":[]},"_links":{"self":[{"href":"https:\/\/noticiasveracruz.com\/index.php\/wp-json\/wp\/v2\/posts\/20484","targetHints":{"allow":["GET"]}}],"collection":[{"href":"https:\/\/noticiasveracruz.com\/index.php\/wp-json\/wp\/v2\/posts"}],"about":[{"href":"https:\/\/noticiasveracruz.com\/index.php\/wp-json\/wp\/v2\/types\/post"}],"author":[{"embeddable":true,"href":"https:\/\/noticiasveracruz.com\/index.php\/wp-json\/wp\/v2\/users\/4"}],"replies":[{"embeddable":true,"href":"https:\/\/noticiasveracruz.com\/index.php\/wp-json\/wp\/v2\/comments?post=20484"}],"version-history":[{"count":0,"href":"https:\/\/noticiasveracruz.com\/index.php\/wp-json\/wp\/v2\/posts\/20484\/revisions"}],"wp:featuredmedia":[{"embeddable":true,"href":"https:\/\/noticiasveracruz.com\/index.php\/wp-json\/wp\/v2\/media\/20485"}],"wp:attachment":[{"href":"https:\/\/noticiasveracruz.com\/index.php\/wp-json\/wp\/v2\/media?parent=20484"}],"wp:term":[{"taxonomy":"category","embeddable":true,"href":"https:\/\/noticiasveracruz.com\/index.php\/wp-json\/wp\/v2\/categories?post=20484"},{"taxonomy":"post_tag","embeddable":true,"href":"https:\/\/noticiasveracruz.com\/index.php\/wp-json\/wp\/v2\/tags?post=20484"}],"curies":[{"name":"wp","href":"https:\/\/api.w.org\/{rel}","templated":true}]}}