{"id":20477,"date":"2023-11-15T16:16:48","date_gmt":"2023-11-15T22:16:48","guid":{"rendered":"https:\/\/noticiasveracruz.com\/?p=20477"},"modified":"2023-11-15T16:16:48","modified_gmt":"2023-11-15T22:16:48","slug":"se-reune-sheinbaum-con-virtuales-candidatos-de-morena","status":"publish","type":"post","link":"https:\/\/noticiasveracruz.com\/index.php\/2023\/11\/15\/se-reune-sheinbaum-con-virtuales-candidatos-de-morena\/","title":{"rendered":"Se re\u00fane Sheinbaum con virtuales candidatos de Morena"},"content":{"rendered":"<p><span style=\"font-size: 14pt;\">Claudia Sheinbaum, coordinadora de los comit\u00e9s de defensa de la Cuarta Transformaci\u00f3n, se reuni\u00f3 con los virtuales candidatos de Morena a ocho gubernaturas y a la jefatura de Gobierno de la Ciudad de M\u00e9xico.<\/span><\/p>\n<p><span style=\"font-size: 14pt;\">Resalt\u00f3 que \u201cen la 4T estamos unidos. Vamos con el pueblo de M\u00e9xico a fortalecer y avanzar en este renacimiento de la vida p\u00fablica de M\u00e9xico\u201d. Afirm\u00f3 que con los ocho coordinadores estatales y para la ciudad de M\u00e9xico \u201cvamos a seguir haciendo historia\u201d.<\/span><\/p>\n<p><span style=\"font-size: 14pt;\">Sheinbuam difundi\u00f3 una foto en la que aparece con Mario Delgado, presidente del partido y los eventuales candidatos: Clara Brugada (Ciudad de M\u00e9xico), Eduardo Ram\u00edrez (Chiapas), Alma Alcaraz (Guanajuato), Claudia Delgadillo (Jalisco), Margarita Gonz\u00e1lez (Morelos), Alejandro Armenta (Puebla), Javier May (Tabasco), Roc\u00edo Nahle (Veracruz) y Joaqu\u00edn D\u00edaz (Yucat\u00e1n).<\/span><\/p>\n","protected":false},"excerpt":{"rendered":"<p>Claudia Sheinbaum, coordinadora de los comit\u00e9s de defensa de la Cuarta Transformaci\u00f3n, se reuni\u00f3 con los virtuales candidatos de Morena<\/p>\n","protected":false},"author":4,"featured_media":20478,"comment_status":"closed","ping_status":"closed","sticky":false,"template":"","format":"standard","meta":{"colormag_page_container_layout":"default_layout","colormag_page_sidebar_layout":"default_layout","_jetpack_memberships_contains_paid_content":false,"footnotes":"","jetpack_publicize_message":"","jetpack_publicize_feature_enabled":true,"jetpack_social_post_already_shared":true,"jetpack_social_options":{"image_generator_settings":{"template":"highway","default_image_id":0,"font":"","enabled":false},"version":2}},"categories":[4],"tags":[],"class_list":["post-20477","post","type-post","status-publish","format-standard","has-post-thumbnail","hentry","category-nacional"],"jetpack_publicize_connections":[],"jetpack_featured_media_url":"https:\/\/noticiasveracruz.com\/wp-content\/uploads\/2023\/11\/se-reune-sheinbaum-con-virtuales-candidatos-de-morena-2104html-sheinbaum-2950html-ad1575dc-5956-49d4-9e09-895cf8d20b4dljnimgndimagefullsize.jpg","jetpack_sharing_enabled":true,"publishpress_future_action":{"enabled":false,"date":"2026-05-07 17:28:09","action":"change-status","newStatus":"draft","terms":[],"taxonomy":"category","extraData":[]},"publishpress_future_workflow_manual_trigger":{"enabledWorkflows":[]},"_links":{"self":[{"href":"https:\/\/noticiasveracruz.com\/index.php\/wp-json\/wp\/v2\/posts\/20477","targetHints":{"allow":["GET"]}}],"collection":[{"href":"https:\/\/noticiasveracruz.com\/index.php\/wp-json\/wp\/v2\/posts"}],"about":[{"href":"https:\/\/noticiasveracruz.com\/index.php\/wp-json\/wp\/v2\/types\/post"}],"author":[{"embeddable":true,"href":"https:\/\/noticiasveracruz.com\/index.php\/wp-json\/wp\/v2\/users\/4"}],"replies":[{"embeddable":true,"href":"https:\/\/noticiasveracruz.com\/index.php\/wp-json\/wp\/v2\/comments?post=20477"}],"version-history":[{"count":0,"href":"https:\/\/noticiasveracruz.com\/index.php\/wp-json\/wp\/v2\/posts\/20477\/revisions"}],"wp:featuredmedia":[{"embeddable":true,"href":"https:\/\/noticiasveracruz.com\/index.php\/wp-json\/wp\/v2\/media\/20478"}],"wp:attachment":[{"href":"https:\/\/noticiasveracruz.com\/index.php\/wp-json\/wp\/v2\/media?parent=20477"}],"wp:term":[{"taxonomy":"category","embeddable":true,"href":"https:\/\/noticiasveracruz.com\/index.php\/wp-json\/wp\/v2\/categories?post=20477"},{"taxonomy":"post_tag","embeddable":true,"href":"https:\/\/noticiasveracruz.com\/index.php\/wp-json\/wp\/v2\/tags?post=20477"}],"curies":[{"name":"wp","href":"https:\/\/api.w.org\/{rel}","templated":true}]}}