{"id":20474,"date":"2023-11-15T14:44:33","date_gmt":"2023-11-15T20:44:33","guid":{"rendered":"https:\/\/noticiasveracruz.com\/?p=20474"},"modified":"2023-11-15T14:44:33","modified_gmt":"2023-11-15T20:44:33","slug":"rechaza-mexico-medidas-antiinmigrantes-de-texas","status":"publish","type":"post","link":"https:\/\/noticiasveracruz.com\/index.php\/2023\/11\/15\/rechaza-mexico-medidas-antiinmigrantes-de-texas\/","title":{"rendered":"Rechaza M\u00e9xico medidas antiinmigrantes de Texas"},"content":{"rendered":"<p><span style=\"font-size: 14pt;\">El gobierno del presidente Andr\u00e9s Manuel L\u00f3pez Obrador manifest\u00f3 este mi\u00e9rcoles su rechazo a las medidas antiinmigrantes aprobadas en Texas.<\/span><\/p>\n<p class=\"western\"><span style=\"font-size: 14pt;\">\u201cEn relaci\u00f3n con la iniciativa de ley SB4 aprobada por el Congreso del estado de Texas, el gobierno de M\u00e9xico, a trav\u00e9s de la Secretar\u00eda de Relaciones Exteriores, externa su rechazo ante estas medidas antiinmigrantes que pretendan detener el flujo de personas migrantes, mediante su criminalizaci\u00f3n, lo que resultar\u00e1 en la separaci\u00f3n de familias, discriminaci\u00f3n y perfilamiento raciales\u201d, de acuerdo con un comunicado.<\/span><\/p>\n<p class=\"western\"><span style=\"font-size: 14pt;\">La administraci\u00f3n mexicana se\u00f1al\u00f3 que si bien reconoce el derecho soberano de cualquier pa\u00eds de decidir las pol\u00edticas p\u00fablicas que deben ejecutarse en su territorio, \u201crespetuosamente externa su derecho leg\u00edtimo de proteger los derechos de sus nacionales en los Estados Unidos, as\u00ed como el de establecer sus propias pol\u00edticas de internaci\u00f3n a su territorio\u201d.<\/span><\/p>\n<p class=\"western\"><span style=\"font-size: 14pt;\">En ese sentido, rechaz\u00f3 \u201ctajantemente cualquier medida que permita a autoridades estatales o locales detener y retornar a personas nacionales o extranjeras a territorio mexicano\u201d.<\/span><\/p>\n<p class=\"western\"><span style=\"font-size: 14pt;\">M\u00e9xico subray\u00f3 su preocupaci\u00f3n ante el paquete de medidas legislativas que afectar\u00e1 los derechos humanos de las m\u00e1s de 10 millones de personas de origen mexicano que residen en Texas, al propiciar ambientes hostiles que pueden derivar en actos o cr\u00edmenes de odio en contra de las comunidades migrantes.<\/span><\/p>\n<p class=\"western\"><span style=\"font-size: 14pt;\">Enfatiz\u00f3 su repudio a cualquier medida que contemple el retorno involuntario de personas migrantes sin respeto al debido proceso.<\/span><\/p>\n<p class=\"western\"><span style=\"font-size: 14pt;\">El gobierno federal a\u00f1adi\u00f3 qu\u00e9 al tener conocimiento de la presentaci\u00f3n de estas legislaciones que atentan contra los derechos de la poblaci\u00f3n mexicana, la Canciller\u00eda instruy\u00f3 a las once representaciones consulares en Texas a tomar medidas para reforzar las acciones de asistencia y protecci\u00f3n consular de la poblaci\u00f3n.<\/span><\/p>\n<p class=\"western\"><span style=\"font-size: 14pt;\">\u201cEl gobierno de M\u00e9xico mantendr\u00e1 sus esfuerzos con el gobierno de los Estados Unidos de Am\u00e9rica para responder a los fen\u00f3menos migratorios y reitera su compromiso con la protecci\u00f3n de los derechos de las personas mexicanas que se encuentran en el extranjero\u201d, de acuerdo con el comunicado.<\/span><\/p>\n<p class=\"western\"><span style=\"font-size: 14pt;\">La Secretar\u00eda de Relaciones Exteriores se\u00f1al\u00f3 que \u201cestar\u00e1 atenta para responder a cualquier violaci\u00f3n por parte de las autoridades y explorar\u00e1 apoyar litigios estrat\u00e9gicos para salvaguardar sus derechos humanos\u201d.<\/span><\/p>\n","protected":false},"excerpt":{"rendered":"<p>El gobierno del presidente Andr\u00e9s Manuel L\u00f3pez Obrador manifest\u00f3 este mi\u00e9rcoles su rechazo a las medidas antiinmigrantes aprobadas en Texas.<\/p>\n","protected":false},"author":4,"featured_media":20475,"comment_status":"closed","ping_status":"closed","sticky":false,"template":"","format":"standard","meta":{"colormag_page_container_layout":"default_layout","colormag_page_sidebar_layout":"default_layout","_jetpack_memberships_contains_paid_content":false,"footnotes":"","jetpack_publicize_message":"","jetpack_publicize_feature_enabled":true,"jetpack_social_post_already_shared":true,"jetpack_social_options":{"image_generator_settings":{"template":"highway","default_image_id":0,"font":"","enabled":false},"version":2}},"categories":[4],"tags":[],"class_list":["post-20474","post","type-post","status-publish","format-standard","has-post-thumbnail","hentry","category-nacional"],"jetpack_publicize_connections":[],"jetpack_featured_media_url":"https:\/\/noticiasveracruz.com\/wp-content\/uploads\/2023\/11\/tijuana.jpg","jetpack_sharing_enabled":true,"publishpress_future_action":{"enabled":false,"date":"2026-05-07 16:38:28","action":"change-status","newStatus":"draft","terms":[],"taxonomy":"category","extraData":[]},"publishpress_future_workflow_manual_trigger":{"enabledWorkflows":[]},"_links":{"self":[{"href":"https:\/\/noticiasveracruz.com\/index.php\/wp-json\/wp\/v2\/posts\/20474","targetHints":{"allow":["GET"]}}],"collection":[{"href":"https:\/\/noticiasveracruz.com\/index.php\/wp-json\/wp\/v2\/posts"}],"about":[{"href":"https:\/\/noticiasveracruz.com\/index.php\/wp-json\/wp\/v2\/types\/post"}],"author":[{"embeddable":true,"href":"https:\/\/noticiasveracruz.com\/index.php\/wp-json\/wp\/v2\/users\/4"}],"replies":[{"embeddable":true,"href":"https:\/\/noticiasveracruz.com\/index.php\/wp-json\/wp\/v2\/comments?post=20474"}],"version-history":[{"count":0,"href":"https:\/\/noticiasveracruz.com\/index.php\/wp-json\/wp\/v2\/posts\/20474\/revisions"}],"wp:featuredmedia":[{"embeddable":true,"href":"https:\/\/noticiasveracruz.com\/index.php\/wp-json\/wp\/v2\/media\/20475"}],"wp:attachment":[{"href":"https:\/\/noticiasveracruz.com\/index.php\/wp-json\/wp\/v2\/media?parent=20474"}],"wp:term":[{"taxonomy":"category","embeddable":true,"href":"https:\/\/noticiasveracruz.com\/index.php\/wp-json\/wp\/v2\/categories?post=20474"},{"taxonomy":"post_tag","embeddable":true,"href":"https:\/\/noticiasveracruz.com\/index.php\/wp-json\/wp\/v2\/tags?post=20474"}],"curies":[{"name":"wp","href":"https:\/\/api.w.org\/{rel}","templated":true}]}}