{"id":20471,"date":"2023-11-15T14:38:55","date_gmt":"2023-11-15T20:38:55","guid":{"rendered":"https:\/\/noticiasveracruz.com\/?p=20471"},"modified":"2023-11-15T14:38:55","modified_gmt":"2023-11-15T20:38:55","slug":"mexico-impulsa-asociacion-estrategica-con-economias-de-apec-barcena","status":"publish","type":"post","link":"https:\/\/noticiasveracruz.com\/index.php\/2023\/11\/15\/mexico-impulsa-asociacion-estrategica-con-economias-de-apec-barcena\/","title":{"rendered":"M\u00e9xico impulsa \u00abasociaci\u00f3n estrat\u00e9gica\u00bb con econom\u00edas de APEC: B\u00e1rcena"},"content":{"rendered":"<p><span style=\"font-size: 14pt;\">San Francisco, Cal.\u00a0Al participar en la reuni\u00f3n de ministros de relaciones exteriores, la canciller mexicana, Alicia B\u00e1rcena, sostuvo que para M\u00e9xico es una oportunidad para una mayor integraci\u00f3n econ\u00f3mica con los 21 pa\u00edses que integran este mecanismo. Al destacar que M\u00e9xico tiene una intensa y s\u00f3lida relaci\u00f3n comercial con Estados Unidos que ronda los 855 mil millones de d\u00f3lares, consolid\u00e1ndose como el principal socio comercial con la Uni\u00f3n Americana.<\/span><\/p>\n<p class=\"western\"><span style=\"font-size: 14pt;\">En su participaci\u00f3n, Barcena asever\u00f3 que nuestro pa\u00eds impulsa \u00abuna asociaci\u00f3n estrat\u00e9gica con todas las econom\u00edas de APEC a trav\u00e9s de m\u00e1s de 14 acuerdos de libre comercio. APEC nos ofrece la oportunidad de expandir nuestros lazos econ\u00f3micos a trav\u00e9s de formas innovadoras de transformar la manera en que hacemos negocios, particularmente en seguridad digital y cambio clim\u00e1tico\u00bb.<\/span><\/p>\n<p class=\"western\"><span style=\"font-size: 14pt;\">La canciller mexicana subray\u00f3 que nuestro pa\u00eds asume las relaciones comerciales basado en reglas, que es la \u00fanica manera de nivelar el campo de juego a favor de las econom\u00edas m\u00e1s peque\u00f1as o menos desarrolladas. M\u00e9xico apoya un sistema multilateral de comercio que incluya un mecanismo de soluci\u00f3n de controversias en toda regla y, por supuesto, la ratificaci\u00f3n del Acuerdo de Pesca y el fortalecimiento de la Organizaci\u00f3n Mundial de Comercio.<\/span><\/p>\n<p class=\"western\"><span style=\"font-size: 14pt;\">En este marco, resalt\u00f3 que M\u00e9xico est\u00e1 comprometido a \u00abcerrar la brecha entre las econom\u00edas de Asia-Pac\u00edfico y las Am\u00e9ricas porque la ubicaci\u00f3n geogr\u00e1fica de M\u00e9xico ofrece una oportunidad para la integraci\u00f3n econ\u00f3mica dentro de la APEC, que puede aportar resiliencia y una mejor integraci\u00f3n al cambio clim\u00e1tico regional con las econom\u00edas de Am\u00e9rica del Norte y Am\u00e9rica Latina. \u00ab<\/span><\/p>\n<p class=\"western\"><span style=\"font-size: 14pt;\">La canciller resalt\u00f3 que en el pasado el salario m\u00ednimo en M\u00e9xico est\u00e1n entre los m\u00e1s bajos del mundo pero a partir de diversas acciones emprendidas por Lopez Obrador que promovi\u00f3 un acuerdo sin precedentes entre gobiernos, trabajadores y empresas, logramos recuperar gradualmente el 90% de los salarios m\u00ednimos, que est\u00e1 en vigor. As\u00ed como la promoci\u00f3n de la de la inversi\u00f3n, ya no se centra en la mano de obra barata, sino en nuestra fuerza laboral joven, capacitada y talentosa\u00bb.<\/span><\/p>\n<p class=\"western\"><span style=\"font-size: 14pt;\">En paralelo, a\u00f1adi\u00f3 la canciller, se han dise\u00f1ado pol\u00edticas sociales dirigidas a los secos m\u00e1s vulnerables lo que ha permitido que cinco millones de personas hayan salido de la l\u00ednea de la pobreza.<\/span><\/p>\n<p class=\"western\"><span style=\"font-size: 14pt;\">Otro pilar fundamental de esta estrategia ha sido cambiar el paradigma de centrarnos s\u00f3lo en el Norte, debido a nuestra proximidad con Estados Unidos, y decidir invertir en infraestructuras p\u00fablicas en regiones marginadas. Uno de los principales ejemplos es el corredor y la nueva ruta comercial en la costa este de Estados Unidos, a trav\u00e9s de un ferrocarril de 300 kil\u00f3metros y 10 zonas industriales, que permita conectar el comercio asi\u00e1tico.<\/span><\/p>\n<p class=\"western\"><span style=\"font-size: 14pt;\">Ante los ministros de las 21 econom\u00edas que integran el Foro Econ\u00f3mico Asia Pacifico , Barcena coment\u00f3 que en Am\u00e9rica del Norte, Estados Unidos y M\u00e9dico han impulsado a las peque\u00f1as y medianas empresa mediante la promoci\u00f3n de acuerdos espec\u00edficamente dirigidas a incorporar su participaci\u00f3n en el mercado regional.<\/span><\/p>\n<p class=\"western\"><span style=\"font-size: 14pt;\">Es decir, con cap\u00edtulos dedicados a las PYME, como la defensa de la participaci\u00f3n activa en los mercados globales, para incluir ya sea a trav\u00e9s del apoyo del gobierno nacional, o indirectamente consistente en trabajar con grandes empresas impulsoras que se comprometan a garantizar que un porcentaje cada vez mayor de sus necesidades de abastecimiento sean satisfechas por PYME nacionales.<\/span><\/p>\n<p class=\"western\"><span style=\"font-size: 14pt;\">La secretaria abord\u00f3 otro de los temas de la agenda de la APEC San Francisco 2023 en la cual destac\u00f3 pol\u00edticas nacionales dirigidas al consolidar una mayor participaci\u00f3n de la mujer en la econom\u00eda. \u00abEl comercio inclusivo tiene el imperativo de cerrar la brecha de g\u00e9nero. Estamos lanzando la Pol\u00edtica Exterior Feminista y tambi\u00e9n respaldamos la Hoja de Ruta Latina, y esto s\u00f3lo puede hacerse con la igualdad de acceso de las mujeres, una mejor calidad de las oportunidades de empleo y cerrando la brecha salarial de g\u00e9nero.<\/span><\/p>\n","protected":false},"excerpt":{"rendered":"<p>San Francisco, Cal.\u00a0Al participar en la reuni\u00f3n de ministros de relaciones exteriores, la canciller mexicana, Alicia B\u00e1rcena, sostuvo que para<\/p>\n","protected":false},"author":4,"featured_media":20472,"comment_status":"closed","ping_status":"closed","sticky":false,"template":"","format":"standard","meta":{"colormag_page_container_layout":"default_layout","colormag_page_sidebar_layout":"default_layout","_jetpack_memberships_contains_paid_content":false,"footnotes":"","jetpack_publicize_message":"","jetpack_publicize_feature_enabled":true,"jetpack_social_post_already_shared":true,"jetpack_social_options":{"image_generator_settings":{"template":"highway","default_image_id":0,"font":"","enabled":false},"version":2}},"categories":[355],"tags":[],"class_list":["post-20471","post","type-post","status-publish","format-standard","has-post-thumbnail","hentry","category-internacional"],"jetpack_publicize_connections":[],"jetpack_featured_media_url":"https:\/\/noticiasveracruz.com\/wp-content\/uploads\/2023\/11\/OIP-2.jpg","jetpack_sharing_enabled":true,"publishpress_future_action":{"enabled":false,"date":"2026-05-07 15:54:26","action":"change-status","newStatus":"draft","terms":[],"taxonomy":"category","extraData":[]},"publishpress_future_workflow_manual_trigger":{"enabledWorkflows":[]},"_links":{"self":[{"href":"https:\/\/noticiasveracruz.com\/index.php\/wp-json\/wp\/v2\/posts\/20471","targetHints":{"allow":["GET"]}}],"collection":[{"href":"https:\/\/noticiasveracruz.com\/index.php\/wp-json\/wp\/v2\/posts"}],"about":[{"href":"https:\/\/noticiasveracruz.com\/index.php\/wp-json\/wp\/v2\/types\/post"}],"author":[{"embeddable":true,"href":"https:\/\/noticiasveracruz.com\/index.php\/wp-json\/wp\/v2\/users\/4"}],"replies":[{"embeddable":true,"href":"https:\/\/noticiasveracruz.com\/index.php\/wp-json\/wp\/v2\/comments?post=20471"}],"version-history":[{"count":0,"href":"https:\/\/noticiasveracruz.com\/index.php\/wp-json\/wp\/v2\/posts\/20471\/revisions"}],"wp:featuredmedia":[{"embeddable":true,"href":"https:\/\/noticiasveracruz.com\/index.php\/wp-json\/wp\/v2\/media\/20472"}],"wp:attachment":[{"href":"https:\/\/noticiasveracruz.com\/index.php\/wp-json\/wp\/v2\/media?parent=20471"}],"wp:term":[{"taxonomy":"category","embeddable":true,"href":"https:\/\/noticiasveracruz.com\/index.php\/wp-json\/wp\/v2\/categories?post=20471"},{"taxonomy":"post_tag","embeddable":true,"href":"https:\/\/noticiasveracruz.com\/index.php\/wp-json\/wp\/v2\/tags?post=20471"}],"curies":[{"name":"wp","href":"https:\/\/api.w.org\/{rel}","templated":true}]}}