{"id":20468,"date":"2023-11-15T13:22:10","date_gmt":"2023-11-15T19:22:10","guid":{"rendered":"https:\/\/noticiasveracruz.com\/?p=20468"},"modified":"2023-11-15T13:22:10","modified_gmt":"2023-11-15T19:22:10","slug":"seccion-22-de-la-cnte-llama-a-boicotear-informe-de-gobierno-en-oaxaca","status":"publish","type":"post","link":"https:\/\/noticiasveracruz.com\/index.php\/2023\/11\/15\/seccion-22-de-la-cnte-llama-a-boicotear-informe-de-gobierno-en-oaxaca\/","title":{"rendered":"Secci\u00f3n 22 de la CNTE llama a boicotear informe de gobierno en Oaxaca"},"content":{"rendered":"<p><span style=\"font-size: 14pt;\">Oaxaca, Oax.-\u00a0Integrantes de la comisi\u00f3n pol\u00edtica de la secci\u00f3n 22 de la Coordinadora Nacional de los Trabajadores de la Educaci\u00f3n (CNTE), afirman que el gobernador del estado, Salom\u00f3n Jara Cruz minti\u00f3 al no dar las respuestas al pliego petitorio entregado desde el 1 de mayo.<\/span><\/p>\n<p><span style=\"font-size: 14pt;\">Desde el z\u00f3calo de la ciudad de Oaxaca, donde esta tarde se tiene programado que el ejecutivo estatal de un mensaje en torno a la entrega su primer informe de gobierno, cientos de profesores acudieron al llamado del Comit\u00e9 Ejecutivo Seccional que emiti\u00f3 una convocatoria para boicotear el informe.<\/span><\/p>\n<p><span style=\"font-size: 14pt;\">La secretaria General, Yenny P\u00e9rez Mart\u00ednez se\u00f1al\u00f3 que \u201ca un a\u00f1o de que el pueblo de Oaxaca tiene un gobierno que se auto denomina de la cuarta transformaci\u00f3n, hoy no vemos cambios sustanciales, vemos el rezago a la soluci\u00f3n de las problem\u00e1ticas del pueblo de Oaxaca\u201d.<\/span><\/p>\n<p><span style=\"font-size: 14pt;\">A\u00f1adi\u00f3 que en el tema educativo, a tres meses del inicio del ciclo escolar, a\u00fan hay una gran cantidad de escuelas cerradas por la falta de maestros, esto debido a que el gobierno del estado y federal no han realizado la contrataci\u00f3n de docentes para suplir las m\u00e1s de 11 mil 543 vacantes que se tienen en Oaxaca.<\/span><\/p>\n<p><span style=\"font-size: 14pt;\">P\u00e9rez Mart\u00ednez acus\u00f3 que \u201ces claro que este gobierno pone a un lado la educaci\u00f3n y antepone otros intereses\u201d, pues explic\u00f3 que en las mesas de trabajo se ha demandado la contrataci\u00f3n de personal, petici\u00f3n que no ha sido atendida y por lo tanto hay escuelas que no est\u00e1n laborando o profesores que dan clases a grupos de m\u00e1s de 40 estudiantes.<\/span><\/p>\n<p><span style=\"font-size: 14pt;\">Los profesores retiraron las vallas colocadas para el mensaje que emitir\u00e1 el gobernador en el z\u00f3calo y las colocaron en el acceso principal del palacio de gobierno, mientras que las sillas las amontonaron en el templete principal, posteriormente para iniciar sus reuniones recogieron las sillas y las est\u00e1n utilizando.<\/span><\/p>\n<p><span style=\"font-size: 14pt;\">Se prev\u00e9 que el informe sea entregado por el gobernador en el congreso del estado a las 10 horas, tras lo cual por la tarde brindar\u00eda un mensaje en un evento p\u00fablico en el z\u00f3calo de la ciudad de Oaxaca.<\/span><\/p>\n","protected":false},"excerpt":{"rendered":"<p>Oaxaca, Oax.-\u00a0Integrantes de la comisi\u00f3n pol\u00edtica de la secci\u00f3n 22 de la Coordinadora Nacional de los Trabajadores de la Educaci\u00f3n<\/p>\n","protected":false},"author":4,"featured_media":20469,"comment_status":"closed","ping_status":"closed","sticky":false,"template":"","format":"standard","meta":{"colormag_page_container_layout":"default_layout","colormag_page_sidebar_layout":"default_layout","_jetpack_memberships_contains_paid_content":false,"footnotes":"","jetpack_publicize_message":"","jetpack_publicize_feature_enabled":true,"jetpack_social_post_already_shared":true,"jetpack_social_options":{"image_generator_settings":{"template":"highway","default_image_id":0,"font":"","enabled":false},"version":2}},"categories":[145],"tags":[],"class_list":["post-20468","post","type-post","status-publish","format-standard","has-post-thumbnail","hentry","category-estados"],"jetpack_publicize_connections":[],"jetpack_featured_media_url":"https:\/\/noticiasveracruz.com\/wp-content\/uploads\/2023\/11\/636751.jpeg","jetpack_sharing_enabled":true,"publishpress_future_action":{"enabled":false,"date":"2026-05-07 14:58:31","action":"change-status","newStatus":"draft","terms":[],"taxonomy":"category","extraData":[]},"publishpress_future_workflow_manual_trigger":{"enabledWorkflows":[]},"_links":{"self":[{"href":"https:\/\/noticiasveracruz.com\/index.php\/wp-json\/wp\/v2\/posts\/20468","targetHints":{"allow":["GET"]}}],"collection":[{"href":"https:\/\/noticiasveracruz.com\/index.php\/wp-json\/wp\/v2\/posts"}],"about":[{"href":"https:\/\/noticiasveracruz.com\/index.php\/wp-json\/wp\/v2\/types\/post"}],"author":[{"embeddable":true,"href":"https:\/\/noticiasveracruz.com\/index.php\/wp-json\/wp\/v2\/users\/4"}],"replies":[{"embeddable":true,"href":"https:\/\/noticiasveracruz.com\/index.php\/wp-json\/wp\/v2\/comments?post=20468"}],"version-history":[{"count":0,"href":"https:\/\/noticiasveracruz.com\/index.php\/wp-json\/wp\/v2\/posts\/20468\/revisions"}],"wp:featuredmedia":[{"embeddable":true,"href":"https:\/\/noticiasveracruz.com\/index.php\/wp-json\/wp\/v2\/media\/20469"}],"wp:attachment":[{"href":"https:\/\/noticiasveracruz.com\/index.php\/wp-json\/wp\/v2\/media?parent=20468"}],"wp:term":[{"taxonomy":"category","embeddable":true,"href":"https:\/\/noticiasveracruz.com\/index.php\/wp-json\/wp\/v2\/categories?post=20468"},{"taxonomy":"post_tag","embeddable":true,"href":"https:\/\/noticiasveracruz.com\/index.php\/wp-json\/wp\/v2\/tags?post=20468"}],"curies":[{"name":"wp","href":"https:\/\/api.w.org\/{rel}","templated":true}]}}