{"id":20453,"date":"2023-11-15T09:19:27","date_gmt":"2023-11-15T15:19:27","guid":{"rendered":"https:\/\/noticiasveracruz.com\/?p=20453"},"modified":"2023-11-15T09:19:27","modified_gmt":"2023-11-15T15:19:27","slug":"onu-pide-detener-la-carniceria-en-la-franja-de-gaza","status":"publish","type":"post","link":"https:\/\/noticiasveracruz.com\/index.php\/2023\/11\/15\/onu-pide-detener-la-carniceria-en-la-franja-de-gaza\/","title":{"rendered":"ONU pide detener \u201cla carnicer\u00eda\u201d en la franja de Gaza"},"content":{"rendered":"<p><span style=\"font-size: 14pt;\">Ginebra.- El responsable de asuntos humanitarios de la ONU pidi\u00f3 este mi\u00e9rcoles el cese de la \u00abla carnicer\u00eda\u00bb en la Franja de Gaza, el territorio palestino asediado y bombardeado por Israel en reacci\u00f3n al ataque de Hamas el 7 de octubre.<\/span><\/p>\n<p><span style=\"font-size: 14pt;\">\u00abA medida que la carnicer\u00eda en Gaza alcanza nuevos niveles de horror todos los d\u00edas, el mundo contin\u00faa conmocionado mientras los hospitales son blanco de ataques, mueren beb\u00e9s prematuros y toda la poblaci\u00f3n se ve privada de medios de subsistencia esenciales. Esto no puede continuar\u00bb, dijo Martin Griffiths en un comunicado.<\/span><\/p>\n<p><span style=\"font-size: 14pt;\">La ONU propuso un plan de 10 puntos para frenar las muertes en Gaza en medio de la actual guerra entre Israel y Hamas, anunci\u00f3 Griffiths.<\/span><\/p>\n","protected":false},"excerpt":{"rendered":"<p>Ginebra.- El responsable de asuntos humanitarios de la ONU pidi\u00f3 este mi\u00e9rcoles el cese de la \u00abla carnicer\u00eda\u00bb en la<\/p>\n","protected":false},"author":4,"featured_media":20454,"comment_status":"closed","ping_status":"closed","sticky":false,"template":"","format":"standard","meta":{"colormag_page_container_layout":"default_layout","colormag_page_sidebar_layout":"default_layout","_jetpack_memberships_contains_paid_content":false,"footnotes":"","jetpack_publicize_message":"","jetpack_publicize_feature_enabled":true,"jetpack_social_post_already_shared":true,"jetpack_social_options":{"image_generator_settings":{"template":"highway","default_image_id":0,"font":"","enabled":false},"version":2}},"categories":[355],"tags":[],"class_list":["post-20453","post","type-post","status-publish","format-standard","has-post-thumbnail","hentry","category-internacional"],"jetpack_publicize_connections":[],"jetpack_featured_media_url":"https:\/\/noticiasveracruz.com\/wp-content\/uploads\/2023\/11\/OIP.jpg","jetpack_sharing_enabled":true,"publishpress_future_action":{"enabled":false,"date":"2026-05-06 22:42:50","action":"change-status","newStatus":"draft","terms":[],"taxonomy":"category","extraData":[]},"publishpress_future_workflow_manual_trigger":{"enabledWorkflows":[]},"_links":{"self":[{"href":"https:\/\/noticiasveracruz.com\/index.php\/wp-json\/wp\/v2\/posts\/20453","targetHints":{"allow":["GET"]}}],"collection":[{"href":"https:\/\/noticiasveracruz.com\/index.php\/wp-json\/wp\/v2\/posts"}],"about":[{"href":"https:\/\/noticiasveracruz.com\/index.php\/wp-json\/wp\/v2\/types\/post"}],"author":[{"embeddable":true,"href":"https:\/\/noticiasveracruz.com\/index.php\/wp-json\/wp\/v2\/users\/4"}],"replies":[{"embeddable":true,"href":"https:\/\/noticiasveracruz.com\/index.php\/wp-json\/wp\/v2\/comments?post=20453"}],"version-history":[{"count":0,"href":"https:\/\/noticiasveracruz.com\/index.php\/wp-json\/wp\/v2\/posts\/20453\/revisions"}],"wp:featuredmedia":[{"embeddable":true,"href":"https:\/\/noticiasveracruz.com\/index.php\/wp-json\/wp\/v2\/media\/20454"}],"wp:attachment":[{"href":"https:\/\/noticiasveracruz.com\/index.php\/wp-json\/wp\/v2\/media?parent=20453"}],"wp:term":[{"taxonomy":"category","embeddable":true,"href":"https:\/\/noticiasveracruz.com\/index.php\/wp-json\/wp\/v2\/categories?post=20453"},{"taxonomy":"post_tag","embeddable":true,"href":"https:\/\/noticiasveracruz.com\/index.php\/wp-json\/wp\/v2\/tags?post=20453"}],"curies":[{"name":"wp","href":"https:\/\/api.w.org\/{rel}","templated":true}]}}