{"id":20450,"date":"2023-11-15T09:14:20","date_gmt":"2023-11-15T15:14:20","guid":{"rendered":"https:\/\/noticiasveracruz.com\/?p=20450"},"modified":"2023-11-15T09:14:20","modified_gmt":"2023-11-15T15:14:20","slug":"lopez-obrador-y-xi-jinping-trataran-el-tema-del-fentanilo","status":"publish","type":"post","link":"https:\/\/noticiasveracruz.com\/index.php\/2023\/11\/15\/lopez-obrador-y-xi-jinping-trataran-el-tema-del-fentanilo\/","title":{"rendered":"L\u00f3pez Obrador y Xi Jinping, tratar\u00e1n el tema del fentanilo"},"content":{"rendered":"<div class=\"col col1\">\n<p class=\"s-s\"><span style=\"font-size: 14pt;\">El presidente Andr\u00e9s Manuel L\u00f3pez Obrador y su par de China, Xi Jinping, sostendr\u00e1n su primera reuni\u00f3n oficial este jueves, en la que abordar\u00e1n c\u00f3mo reforzar el control de la cadena de valor de los precursores de fentanilo para impedir su tr\u00e1fico ilegal y el fortalecimiento de la relaci\u00f3n bilateral.<\/span><\/p>\n<p><span style=\"font-size: 14pt;\">A menos de un a\u00f1o de que termine su gesti\u00f3n, el jefe del Ejecutivo vuela hoy a San Francisco, California, para participar en su primera cumbre con los l\u00edderes de las principales econom\u00edas mundiales en la reuni\u00f3n del Foro de Cooperaci\u00f3n Asia-Pacifico (APEC).<\/span><\/p>\n<p><span style=\"font-size: 14pt;\">En ese contexto, L\u00f3pez Obrador sostendr\u00e1 encuentros bilaterales con el mandatario chino, con el primer ministro de Canad\u00e1, Justin Trudeau, y con el presidente estadunidense, Joe Biden, seg\u00fan adelant\u00f3 ayer la canciller Alicia B\u00e1rcena en la conferencia matutina del jefe del Ejecutivo, celebrada en Culiac\u00e1n, Sinaloa.<\/span><\/p>\n<p><span style=\"font-size: 14pt;\">El jueves, previo a la inauguraci\u00f3n del foro que encabezar\u00e1 Biden, se celebrar\u00e1 la reuni\u00f3n entre el jefe de Estado mexicano y Xi Jinping. M\u00e1s tarde, tras la ceremonia de apertura, se efectuar\u00e1 el encuentro bilateral con Trudeau.<\/span><\/p>\n<p><span style=\"font-size: 14pt;\">Esa noche, el presidente de M\u00e9xico estar\u00e1 presente en la cena oficial que ofrece el presidente Biden.<\/span><\/p>\n<p><span style=\"font-size: 14pt;\">De acuerdo con B\u00e1rcena, el viernes se realizar\u00e1 la reuni\u00f3n con Biden y, posteriormente, la sesi\u00f3n de clausura del APEC.<\/span><\/p>\n<p><span style=\"font-size: 14pt;\">La canciller dijo que hay cuatro temas principales que L\u00f3pez Obrador abordar\u00e1 con Biden: la relaci\u00f3n econ\u00f3mica bilateral, la infraestructura fronteriza, las drogas qu\u00edmicas y la migraci\u00f3n.<\/span><\/p>\n<p><span style=\"font-size: 14pt;\"><q>M\u00e9xico ha hecho mucho trabajo y creo que tenemos bastante qu\u00e9 mostrar, en relaci\u00f3n a c\u00f3mo se llevan adelante acciones de control<\/q>\u00a0del tr\u00e1fico il\u00edcito de fentanilo y sus precursores qu\u00edmicos, explic\u00f3.<\/span><\/p>\n<\/div>\n<div class=\"col col2\">\n<p><span style=\"font-size: 14pt;\">Se\u00f1al\u00f3 que el tema m\u00e1s importante que se abordar\u00e1 es la migraci\u00f3n.\u00a0<q>El se\u00f1or presidente L\u00f3pez Obrador quiere discutir con el presidente de Estados Unidos c\u00f3mo su pa\u00eds puede colaborar tambi\u00e9n en proyectos de desarrollo que pueden permitir a la gente decidir que la migraci\u00f3n es una opci\u00f3n y no una obligaci\u00f3n<\/q>, destac\u00f3 B\u00e1rcena.<\/span><\/p>\n<p><span style=\"font-size: 14pt;\">En esta ocasi\u00f3n, la cumbre de la APEC se centrar\u00e1 en que las econom\u00edas de los 21 pa\u00edses que la integran sean m\u00e1s\u00a0<q>resilientes<\/q>\u00a0ante los nuevos retos globales, como el cambio clim\u00e1tico y la pandemia de covid que afectaron la econo-m\u00eda mundial.<\/span><\/p>\n<p><span style=\"font-size: 14pt;\">A lo largo de su sexenio, M\u00e9xico ha estado representado por el entonces secretario de Relaciones Exteriores, Marcelo Ebrard, pero en esta ocasi\u00f3n, como deferencia al anfitri\u00f3n, Joe Biden, L\u00f3pez Obrador acept\u00f3 acudir a la cumbre a efectuarse en la ciudad californiana elegida por su importancia en el comercio en la regi\u00f3n Asia-Pac\u00edfico.<\/span><\/p>\n<p><span style=\"font-size: 14pt;\">De acuerdo con las previsiones de los organizadores, asistir\u00e1n 21 l\u00edderes econ\u00f3micos de APEC, a quienes se unir\u00e1n alrededor de mil 200 CEO, 600 de los medios de comunicaci\u00f3n y cerca de 30 mil delegados que participar\u00e1n en representaci\u00f3n de empresas, organizaciones y trabajadores de los integrantes del mecanismo de cooperaci\u00f3n.<\/span><\/p>\n<p><span style=\"font-size: 14pt;\">Por otra parte, en el marco de la 115 Asamblea Plenaria de la Conferencia del Episcopado Mexicano (CEM), L\u00f3pez Obrador se reunir\u00e1 hoy con los obispos cat\u00f3licos del pa\u00eds, seg\u00fan dio a conocer el mandatario en su rueda de prensa diaria.<\/span><\/p>\n<\/div>\n","protected":false},"excerpt":{"rendered":"<p>El presidente Andr\u00e9s Manuel L\u00f3pez Obrador y su par de China, Xi Jinping, sostendr\u00e1n su primera reuni\u00f3n oficial este jueves,<\/p>\n","protected":false},"author":4,"featured_media":20451,"comment_status":"closed","ping_status":"closed","sticky":false,"template":"","format":"standard","meta":{"colormag_page_container_layout":"default_layout","colormag_page_sidebar_layout":"default_layout","_jetpack_memberships_contains_paid_content":false,"footnotes":"","jetpack_publicize_message":"","jetpack_publicize_feature_enabled":true,"jetpack_social_post_already_shared":true,"jetpack_social_options":{"image_generator_settings":{"template":"highway","default_image_id":0,"font":"","enabled":false},"version":2}},"categories":[355],"tags":[],"class_list":["post-20450","post","type-post","status-publish","format-standard","has-post-thumbnail","hentry","category-internacional"],"jetpack_publicize_connections":[],"jetpack_featured_media_url":"https:\/\/noticiasveracruz.com\/wp-content\/uploads\/2023\/11\/th-2.jpg","jetpack_sharing_enabled":true,"publishpress_future_action":{"enabled":false,"date":"2026-05-06 22:01:15","action":"change-status","newStatus":"draft","terms":[],"taxonomy":"category","extraData":[]},"publishpress_future_workflow_manual_trigger":{"enabledWorkflows":[]},"_links":{"self":[{"href":"https:\/\/noticiasveracruz.com\/index.php\/wp-json\/wp\/v2\/posts\/20450","targetHints":{"allow":["GET"]}}],"collection":[{"href":"https:\/\/noticiasveracruz.com\/index.php\/wp-json\/wp\/v2\/posts"}],"about":[{"href":"https:\/\/noticiasveracruz.com\/index.php\/wp-json\/wp\/v2\/types\/post"}],"author":[{"embeddable":true,"href":"https:\/\/noticiasveracruz.com\/index.php\/wp-json\/wp\/v2\/users\/4"}],"replies":[{"embeddable":true,"href":"https:\/\/noticiasveracruz.com\/index.php\/wp-json\/wp\/v2\/comments?post=20450"}],"version-history":[{"count":0,"href":"https:\/\/noticiasveracruz.com\/index.php\/wp-json\/wp\/v2\/posts\/20450\/revisions"}],"wp:featuredmedia":[{"embeddable":true,"href":"https:\/\/noticiasveracruz.com\/index.php\/wp-json\/wp\/v2\/media\/20451"}],"wp:attachment":[{"href":"https:\/\/noticiasveracruz.com\/index.php\/wp-json\/wp\/v2\/media?parent=20450"}],"wp:term":[{"taxonomy":"category","embeddable":true,"href":"https:\/\/noticiasveracruz.com\/index.php\/wp-json\/wp\/v2\/categories?post=20450"},{"taxonomy":"post_tag","embeddable":true,"href":"https:\/\/noticiasveracruz.com\/index.php\/wp-json\/wp\/v2\/tags?post=20450"}],"curies":[{"name":"wp","href":"https:\/\/api.w.org\/{rel}","templated":true}]}}