{"id":20448,"date":"2023-11-15T00:29:13","date_gmt":"2023-11-15T06:29:13","guid":{"rendered":"https:\/\/noticiasveracruz.com\/?p=20448"},"modified":"2023-11-15T00:29:13","modified_gmt":"2023-11-15T06:29:13","slug":"ebrard-sigue-en-el-camino","status":"publish","type":"post","link":"https:\/\/noticiasveracruz.com\/index.php\/2023\/11\/15\/ebrard-sigue-en-el-camino\/","title":{"rendered":"Ebrard sigue en el camino"},"content":{"rendered":"<p><span style=\"font-size: 18pt; color: #cc99ff;\"><strong>ALMA GRANDE<\/strong><\/span><\/p>\n<p><span style=\"font-size: 18pt; color: #cc99ff;\"><strong>Por \u00c1ngel \u00c1lvaro Pe\u00f1a<\/strong><\/span><\/p>\n<p><span style=\"font-size: 14pt;\">Marcelo Ebrard mantuvo la atenci\u00f3n de la poblaci\u00f3n incluso cuando estuvo ausente; decidi\u00f3 tomarse unos d\u00edas entre la presentaci\u00f3n de su inconformidad con el proceso de selecci\u00f3n de candidato, y la designaci\u00f3n de los candidatos de su partido, Morena, a las gubernaturas.<\/span><\/p>\n<p><span style=\"font-size: 14pt;\">En entrevistas recientes el ex secretario de Relaciones Exteriores puntualiz\u00f3 que seguir\u00e1 en Morena porque nunca se ha salido del movimiento. En realidad mostr\u00f3 su inconformidad y la de su gente, quienes especularon fueron los medios, que ven en la inconformidad de una persona la divisi\u00f3n de un partido, sobre todo si ese partido es el que est\u00e1 en el poder.<\/span><\/p>\n<p><span style=\"font-size: 18pt;\">Ante esta situaci\u00f3n no puede decirse que Marcelo Ebrard regrese porque nunca se ha ido. Este rumor se debi\u00f3, en gran medida, a las declaraciones de sus seguidores, que en todos los casos fueron m\u00e1s radicales que las palabras del propio Marcelo, quien siempre fue mesurado y consciente de ser parte de Morena, pero hubo algunos legisladores de Morena que estaban en su grupo, que hasta intentaron hermanarse con la oposici\u00f3n en algunos de los debates del presupuesto en la C\u00e1mara de Diputados.<\/span><\/p>\n<p><span style=\"font-size: 14pt;\">Sobre la permanencia de Marcelo Ebrard en Morena el Presidente se\u00f1al\u00f3 a Ebrard Casaub\u00f3n como un hombre \u201cresponsable, consecuente\u201d.<\/span><\/p>\n<p><span style=\"font-size: 14pt;\">Todo hace suponer que la historia se repite 23 a\u00f1os despu\u00e9s de haber sucedido un hecho simular. En el a\u00f1o 2000, las encuestas colocaban un empate t\u00e9cnico entre Marcelo y L\u00f3pez Obrador para gobernar la ciudad de M\u00e9xico, Ebrard le cedi\u00f3 el paso al actual presidente. Marcelo esper\u00f3 las siguientes elecciones y las gan\u00f3 para convertirse en el jefe de Gobierno de la Ciudad de M\u00e9xico, cargo que le vali\u00f3 ser el mejor alcalde del mundo, seg\u00fan organismos internacionales.<\/span><\/p>\n<p><span style=\"font-size: 18pt;\">Ahora, ante las diferencias que algunos quisieron hacer m\u00e1s grandes de lo que en realidad eran, Ebrard acepta que las alteraciones en el sistema de selecci\u00f3n de la encuesta no alteraban finalmente el resultado y concili\u00f3 intereses y propuestas con Claudia Sheinbaum, pero anunci\u00f3 que continuar\u00e1 con su objetivo de buscar la candidatura presidencial de Morena, en las elecciones de 2030<strong>.<\/strong><\/span><\/p>\n<p><span style=\"font-size: 14pt;\">\u201cEso es la pol\u00edtica, es servicio, es un apostolado, no es una actividad lucrativa, es una actividad humana para apoyar al pr\u00f3jimo. Si no se le tiene amor al pueblo, no se es pol\u00edtico\u201d, puntualiz\u00f3 Ebrard. Adem\u00e1s, anunci\u00f3 que hubo un entendimiento con Claudia Sheinbaum, luego de tres meses de cuestionar el proceso interno para definir la candidatura.<\/span><\/p>\n<p><span style=\"font-size: 18pt;\">\u201cEs un acuerdo, un entendimiento pol\u00edtico con Claudia\u201d, dijo Ebrard, quien afirm\u00f3 que la Comisi\u00f3n Nacional de Honestidad y Justicia del partido reconoci\u00f3 que hubo \u201cirregularidades\u201d en el proceso de elecci\u00f3n de Sheinbaum Pardo, que concluy\u00f3 el pasado 6 de septiembre.<\/span><\/p>\n<p><span style=\"font-size: 14pt;\">Ebrard asegur\u00f3 que esas irregularidades no fueron suficientes para repetir el proceso, impugnado por \u00e9l, quien qued\u00f3 en segundo lugar. \u201cEste es un acuerdo pol\u00edtico y no tiene que ver con un cargo a mi persona\u201d, precis\u00f3.<\/span><\/p>\n<p><span style=\"font-size: 14pt;\">\u201cYo he procurado en toda mi vida p\u00fablica ser consecuente, siempre hacer lo que digo, lo que pienso, no tengo un doble discurso, una doble moral, no soy hip\u00f3crita y estoy muy contento porque ya entregu\u00e9 la direcci\u00f3n del movimiento de transformaci\u00f3n a Claudia Sheinbaum, que es una mujer excepcional, preparada. Yo tengo licenciatura, ella tiene doctorado, es investigadora, creo que del Sistema Nacional de Investigaci\u00f3n, de primera, la conozco porque la invit\u00e9 a participar, no nos conoc\u00edamos, cuando fui jefe de Gobierno, fue la secretaria de Medioambiente (\u2026) Me ayud\u00f3 mucho\u201d, puntualiz\u00f3.<\/span><\/p>\n<p><span style=\"font-size: 18pt;\">La postura de Ebrard, su definici\u00f3n habla de un pol\u00edtico no s\u00f3lo vivo, sino competitivo para estar en la boleta de 2030 peleando por la Presidencia de la Rep\u00fablica porque los medios trataron de verlo como un hombre acabado s\u00f3lo porque no se sali\u00f3 del partido al que pertenec\u00eda y se fue a otro, como hab\u00eda sucedido con los pron\u00f3sticos equivocados de muchos medios.<\/span><\/p>\n<p><span style=\"font-size: 14pt;\">PEGA Y CORRE.- En su segunda visita a Badiraguato, el Presidente anunci\u00f3 que ir\u00e1 por tercera vez antes de concluir su sexenio, dice que es un gusto estar en el lugar donde naci\u00f3 el Chapo Guzm\u00e1n\u2026 Esta columna se publica los lunes, mi\u00e9rcoles y viernes.<\/span><\/p>\n<p><img loading=\"lazy\" decoding=\"async\" class=\"alignnone wp-image-20315 size-full\" src=\"http:\/\/noticiasveracruz.com\/wp-content\/uploads\/2023\/11\/FIRMA-EDITORIAL-PD-1.jpg\" alt=\"\" width=\"1024\" height=\"125\" srcset=\"https:\/\/noticiasveracruz.com\/wp-content\/uploads\/2023\/11\/FIRMA-EDITORIAL-PD-1.jpg 1024w, https:\/\/noticiasveracruz.com\/wp-content\/uploads\/2023\/11\/FIRMA-EDITORIAL-PD-1-300x37.jpg 300w, https:\/\/noticiasveracruz.com\/wp-content\/uploads\/2023\/11\/FIRMA-EDITORIAL-PD-1-768x94.jpg 768w\" sizes=\"auto, (max-width: 1024px) 100vw, 1024px\" \/><\/p>\n","protected":false},"excerpt":{"rendered":"<p>ALMA GRANDE Por \u00c1ngel \u00c1lvaro Pe\u00f1a Marcelo Ebrard mantuvo la atenci\u00f3n de la poblaci\u00f3n incluso cuando estuvo ausente; decidi\u00f3 tomarse<\/p>\n","protected":false},"author":4,"featured_media":18628,"comment_status":"closed","ping_status":"closed","sticky":false,"template":"","format":"standard","meta":{"colormag_page_container_layout":"default_layout","colormag_page_sidebar_layout":"default_layout","_jetpack_memberships_contains_paid_content":false,"footnotes":"","jetpack_publicize_message":"","jetpack_publicize_feature_enabled":true,"jetpack_social_post_already_shared":true,"jetpack_social_options":{"image_generator_settings":{"template":"highway","default_image_id":0,"font":"","enabled":false},"version":2}},"categories":[6],"tags":[],"class_list":["post-20448","post","type-post","status-publish","format-standard","has-post-thumbnail","hentry","category-columnistas"],"jetpack_publicize_connections":[],"jetpack_featured_media_url":"https:\/\/noticiasveracruz.com\/wp-content\/uploads\/2023\/09\/ANGEL-ALVARO-PENA-800x445-1.png","jetpack_sharing_enabled":true,"publishpress_future_action":{"enabled":false,"date":"2026-05-06 21:09:44","action":"change-status","newStatus":"draft","terms":[],"taxonomy":"category","extraData":[]},"publishpress_future_workflow_manual_trigger":{"enabledWorkflows":[]},"_links":{"self":[{"href":"https:\/\/noticiasveracruz.com\/index.php\/wp-json\/wp\/v2\/posts\/20448","targetHints":{"allow":["GET"]}}],"collection":[{"href":"https:\/\/noticiasveracruz.com\/index.php\/wp-json\/wp\/v2\/posts"}],"about":[{"href":"https:\/\/noticiasveracruz.com\/index.php\/wp-json\/wp\/v2\/types\/post"}],"author":[{"embeddable":true,"href":"https:\/\/noticiasveracruz.com\/index.php\/wp-json\/wp\/v2\/users\/4"}],"replies":[{"embeddable":true,"href":"https:\/\/noticiasveracruz.com\/index.php\/wp-json\/wp\/v2\/comments?post=20448"}],"version-history":[{"count":0,"href":"https:\/\/noticiasveracruz.com\/index.php\/wp-json\/wp\/v2\/posts\/20448\/revisions"}],"wp:featuredmedia":[{"embeddable":true,"href":"https:\/\/noticiasveracruz.com\/index.php\/wp-json\/wp\/v2\/media\/18628"}],"wp:attachment":[{"href":"https:\/\/noticiasveracruz.com\/index.php\/wp-json\/wp\/v2\/media?parent=20448"}],"wp:term":[{"taxonomy":"category","embeddable":true,"href":"https:\/\/noticiasveracruz.com\/index.php\/wp-json\/wp\/v2\/categories?post=20448"},{"taxonomy":"post_tag","embeddable":true,"href":"https:\/\/noticiasveracruz.com\/index.php\/wp-json\/wp\/v2\/tags?post=20448"}],"curies":[{"name":"wp","href":"https:\/\/api.w.org\/{rel}","templated":true}]}}