{"id":20409,"date":"2023-11-14T18:21:03","date_gmt":"2023-11-15T00:21:03","guid":{"rendered":"https:\/\/noticiasveracruz.com\/?p=20409"},"modified":"2023-11-14T18:21:03","modified_gmt":"2023-11-15T00:21:03","slug":"se-realizo-en-tuxpan-el-primer-encuentro-regional-con-enfoque-agroecologico","status":"publish","type":"post","link":"https:\/\/noticiasveracruz.com\/index.php\/2023\/11\/14\/se-realizo-en-tuxpan-el-primer-encuentro-regional-con-enfoque-agroecologico\/","title":{"rendered":"Se realiz\u00f3 en Tuxpan el Primer Encuentro Regional con Enfoque Agroecol\u00f3gico"},"content":{"rendered":"<p><span style=\"font-size: 14pt;\">Tuxpan, Ver.- Se celebr\u00f3 en Tuxpan el Primer Encuentro Regional con Enfoque Agroecol\u00f3gico, en el que productores, investigadores, especialistas y personal de SEDARPA intercambiaron experiencias exitosas.<\/span><\/p>\n<p><img loading=\"lazy\" decoding=\"async\" class=\"alignnone size-medium wp-image-20414\" src=\"http:\/\/noticiasveracruz.com\/wp-content\/uploads\/2023\/11\/WhatsApp-Image-2023-11-14-at-15.39.31-300x199.jpeg\" alt=\"\" width=\"300\" height=\"199\" srcset=\"https:\/\/noticiasveracruz.com\/wp-content\/uploads\/2023\/11\/WhatsApp-Image-2023-11-14-at-15.39.31-300x199.jpeg 300w, https:\/\/noticiasveracruz.com\/wp-content\/uploads\/2023\/11\/WhatsApp-Image-2023-11-14-at-15.39.31-1024x681.jpeg 1024w, https:\/\/noticiasveracruz.com\/wp-content\/uploads\/2023\/11\/WhatsApp-Image-2023-11-14-at-15.39.31-768x511.jpeg 768w, https:\/\/noticiasveracruz.com\/wp-content\/uploads\/2023\/11\/WhatsApp-Image-2023-11-14-at-15.39.31.jpeg 1280w\" sizes=\"auto, (max-width: 300px) 100vw, 300px\" \/><\/p>\n<p><span style=\"font-size: 14pt;\">Encabezaron el encuentro el alcalde Jos\u00e9 Manuel Pozos Castro; el MVZ Humberto Amador Zaragoza, subsecretario de Ganader\u00eda y Pesca, en representaci\u00f3n de la Secretar\u00eda de Desarrollo Agropecuario, Rural y Pesca; la Lic. Isela Flores Serapio, directora general de Desarrollo Rural de la SEDARPA; el Ing. Arturo Hern\u00e1ndez del \u00c1ngel, director general de Agricultura y Fitosanitaria.<\/span><\/p>\n<p><img loading=\"lazy\" decoding=\"async\" class=\"alignnone size-medium wp-image-20413\" src=\"http:\/\/noticiasveracruz.com\/wp-content\/uploads\/2023\/11\/WhatsApp-Image-2023-11-14-at-15.39.311-300x199.jpeg\" alt=\"\" width=\"300\" height=\"199\" srcset=\"https:\/\/noticiasveracruz.com\/wp-content\/uploads\/2023\/11\/WhatsApp-Image-2023-11-14-at-15.39.311-300x199.jpeg 300w, https:\/\/noticiasveracruz.com\/wp-content\/uploads\/2023\/11\/WhatsApp-Image-2023-11-14-at-15.39.311-1024x681.jpeg 1024w, https:\/\/noticiasveracruz.com\/wp-content\/uploads\/2023\/11\/WhatsApp-Image-2023-11-14-at-15.39.311-768x511.jpeg 768w, https:\/\/noticiasveracruz.com\/wp-content\/uploads\/2023\/11\/WhatsApp-Image-2023-11-14-at-15.39.311.jpeg 1280w\" sizes=\"auto, (max-width: 300px) 100vw, 300px\" \/><\/p>\n<p><span style=\"font-size: 14pt;\">El Ing. Manuel S\u00e1nchez Jacinto, jefe de distrito de Desarrollo Rural de la Secretar\u00eda de Agricultura y Desarrollo Rural en Tuxpan; la Lic. Mar\u00eda del Pilar Mart\u00ednez Matesanz, regidora comisionada en Desarrollo Agropecuario; C. Edmundo Crist\u00f3bal Cruz, director de Desarrollo Agropecuario, Forestal y Pesca de Tuxpan; la diputada local suplente por el municipio de \u00c1lamo Temapache, Lic. Elisa Mohedano Orell\u00e1n.<\/span><\/p>\n<p><img loading=\"lazy\" decoding=\"async\" class=\"alignnone size-medium wp-image-20411\" src=\"http:\/\/noticiasveracruz.com\/wp-content\/uploads\/2023\/11\/WhatsApp-Image-2023-11-14-at-15.39.302-300x199.jpeg\" alt=\"\" width=\"300\" height=\"199\" srcset=\"https:\/\/noticiasveracruz.com\/wp-content\/uploads\/2023\/11\/WhatsApp-Image-2023-11-14-at-15.39.302-300x199.jpeg 300w, https:\/\/noticiasveracruz.com\/wp-content\/uploads\/2023\/11\/WhatsApp-Image-2023-11-14-at-15.39.302-1024x681.jpeg 1024w, https:\/\/noticiasveracruz.com\/wp-content\/uploads\/2023\/11\/WhatsApp-Image-2023-11-14-at-15.39.302-768x511.jpeg 768w, https:\/\/noticiasveracruz.com\/wp-content\/uploads\/2023\/11\/WhatsApp-Image-2023-11-14-at-15.39.302.jpeg 1280w\" sizes=\"auto, (max-width: 300px) 100vw, 300px\" \/><\/p>\n<p><span style=\"font-size: 14pt;\">As\u00ed mismo, la MVZ Mar\u00eda Josefa Hern\u00e1ndez Santiago, subsecretaria de Desarrollo Rural, Agronegocios e Infraestructura de la SEDARPA, quien fungi\u00f3 como ponente de la capacitaci\u00f3n.<\/span><\/p>\n<p><img loading=\"lazy\" decoding=\"async\" class=\"alignnone size-medium wp-image-20410\" src=\"http:\/\/noticiasveracruz.com\/wp-content\/uploads\/2023\/11\/WhatsApp-Image-2023-11-14-at-15.39.301-300x199.jpeg\" alt=\"\" width=\"300\" height=\"199\" srcset=\"https:\/\/noticiasveracruz.com\/wp-content\/uploads\/2023\/11\/WhatsApp-Image-2023-11-14-at-15.39.301-300x199.jpeg 300w, https:\/\/noticiasveracruz.com\/wp-content\/uploads\/2023\/11\/WhatsApp-Image-2023-11-14-at-15.39.301-1024x681.jpeg 1024w, https:\/\/noticiasveracruz.com\/wp-content\/uploads\/2023\/11\/WhatsApp-Image-2023-11-14-at-15.39.301-768x511.jpeg 768w, https:\/\/noticiasveracruz.com\/wp-content\/uploads\/2023\/11\/WhatsApp-Image-2023-11-14-at-15.39.301.jpeg 1280w\" sizes=\"auto, (max-width: 300px) 100vw, 300px\" \/><\/p>\n<p><span style=\"font-size: 14pt;\">Al dar la bienvenida a los funcionarios estatales, el alcalde Jos\u00e9 Manuel Pozos Castro indic\u00f3: \u201cEste es un encuentro de gran trascendencia para la transici\u00f3n productiva agroecol\u00f3gica en las comunidades del norte de Veracruz, donde las Escuelas Campesinas tienen un papel protag\u00f3nico\u201d.<\/span><\/p>\n<p><span style=\"font-size: 14pt;\">\u201cEn este Primer Encuentro, los productores ser\u00e1n parte fundamental en el intercambio de saberes y en la promoci\u00f3n de exitosos esquemas de organizaci\u00f3n productiva\u201d, se\u00f1al\u00f3, y destac\u00f3 la contribuci\u00f3n de investigadores y especialistas de la Universidad de Chapingo y de la Universidad Veracruzana, instituciones que aportan innovaci\u00f3n al campo veracruzano.<\/span><\/p>\n<p><span style=\"font-size: 14pt;\">Jos\u00e9 Manuel Pozos reconoci\u00f3 el trabajo que realiza el personal de SEDARPA, as\u00ed como a los T\u00e9cnicos y Promotores del Desarrollo Rural, por contribuir a la sostenibilidad ambiental, social y econ\u00f3mica de las comunidades.<\/span><\/p>\n<p><span style=\"font-size: 14pt;\">El alcalde refiri\u00f3: \u201cCon el trabajo coordinado de los tres niveles de gobierno hoy se viven momentos hist\u00f3ricos en el campo veracruzano; gracias al respaldo de nuestro gobernador Cuitl\u00e1huac Garc\u00eda Jim\u00e9nez en solo 5 a\u00f1os se ha logrado el resurgimiento del sector agropecuario y pesquero en Veracruz.<\/span><\/p>\n<p><span style=\"font-size: 14pt;\">El MVZ Humberto Amador Zaragoza se\u00f1al\u00f3 que a trav\u00e9s de las asesor\u00edas que se brindan en este encuentro se intercambian conocimientos y tecnolog\u00edas para ver lo que realmente se necesita en el campo, lo que permitir\u00e1 llevar a cabo una agricultura sostenible, que ayude a que la gente siga produciendo de manera m\u00e1s rentable.<\/span><\/p>\n<p><span style=\"font-size: 14pt;\">Agradeci\u00f3 al alcalde Jos\u00e9 Manuel Pozos Castro por el apoyo que brinda para la realizaci\u00f3n de este tipo de eventos. As\u00ed mismo, dio las gracias por su presencia a integrantes de la C\u00e1mara de Diputados, alcaldes y diversas autoridades; as\u00ed como a las instituciones educativas participantes.<\/span><\/p>\n<p><span style=\"font-size: 14pt;\">Acudieron a este primer encuentro alcaldes, alcaldesas, regidores, funcionarios, agentes y subagentes municipales, y representantes de instituciones educativas de los municipios de Citlaltepetl, \u00c1lamo Temapache, Coatzintla, Papantla, Naranjos de Amatl\u00e1n y Tuxpan.<\/span><\/p>\n","protected":false},"excerpt":{"rendered":"<p>Tuxpan, Ver.- Se celebr\u00f3 en Tuxpan el Primer Encuentro Regional con Enfoque Agroecol\u00f3gico, en el que productores, investigadores, especialistas y<\/p>\n","protected":false},"author":4,"featured_media":20412,"comment_status":"closed","ping_status":"closed","sticky":false,"template":"","format":"standard","meta":{"colormag_page_container_layout":"default_layout","colormag_page_sidebar_layout":"default_layout","_jetpack_memberships_contains_paid_content":false,"footnotes":"","jetpack_publicize_message":"","jetpack_publicize_feature_enabled":true,"jetpack_social_post_already_shared":true,"jetpack_social_options":{"image_generator_settings":{"template":"highway","default_image_id":0,"font":"","enabled":false},"version":2}},"categories":[356],"tags":[],"class_list":["post-20409","post","type-post","status-publish","format-standard","has-post-thumbnail","hentry","category-veracruz"],"jetpack_publicize_connections":[],"jetpack_featured_media_url":"https:\/\/noticiasveracruz.com\/wp-content\/uploads\/2023\/11\/WhatsApp-Image-2023-11-14-at-15.39.30.jpeg","jetpack_sharing_enabled":true,"publishpress_future_action":{"enabled":false,"date":"2026-05-07 01:42:56","action":"change-status","newStatus":"draft","terms":[],"taxonomy":"category","extraData":[]},"publishpress_future_workflow_manual_trigger":{"enabledWorkflows":[]},"_links":{"self":[{"href":"https:\/\/noticiasveracruz.com\/index.php\/wp-json\/wp\/v2\/posts\/20409","targetHints":{"allow":["GET"]}}],"collection":[{"href":"https:\/\/noticiasveracruz.com\/index.php\/wp-json\/wp\/v2\/posts"}],"about":[{"href":"https:\/\/noticiasveracruz.com\/index.php\/wp-json\/wp\/v2\/types\/post"}],"author":[{"embeddable":true,"href":"https:\/\/noticiasveracruz.com\/index.php\/wp-json\/wp\/v2\/users\/4"}],"replies":[{"embeddable":true,"href":"https:\/\/noticiasveracruz.com\/index.php\/wp-json\/wp\/v2\/comments?post=20409"}],"version-history":[{"count":0,"href":"https:\/\/noticiasveracruz.com\/index.php\/wp-json\/wp\/v2\/posts\/20409\/revisions"}],"wp:featuredmedia":[{"embeddable":true,"href":"https:\/\/noticiasveracruz.com\/index.php\/wp-json\/wp\/v2\/media\/20412"}],"wp:attachment":[{"href":"https:\/\/noticiasveracruz.com\/index.php\/wp-json\/wp\/v2\/media?parent=20409"}],"wp:term":[{"taxonomy":"category","embeddable":true,"href":"https:\/\/noticiasveracruz.com\/index.php\/wp-json\/wp\/v2\/categories?post=20409"},{"taxonomy":"post_tag","embeddable":true,"href":"https:\/\/noticiasveracruz.com\/index.php\/wp-json\/wp\/v2\/tags?post=20409"}],"curies":[{"name":"wp","href":"https:\/\/api.w.org\/{rel}","templated":true}]}}