{"id":20404,"date":"2023-11-14T10:42:16","date_gmt":"2023-11-14T16:42:16","guid":{"rendered":"https:\/\/noticiasveracruz.com\/?p=20404"},"modified":"2023-11-14T10:42:16","modified_gmt":"2023-11-14T16:42:16","slug":"amlo-y-biden-estaran-este-viernes-en-la-cumbre-apec","status":"publish","type":"post","link":"https:\/\/noticiasveracruz.com\/index.php\/2023\/11\/14\/amlo-y-biden-estaran-este-viernes-en-la-cumbre-apec\/","title":{"rendered":"AMLO y Biden estar\u00e1n este viernes en la Cumbre APEC"},"content":{"rendered":"<p><span style=\"font-size: 14pt;\">Los Presidentes de M\u00e9xico, Andr\u00e9s Manuel L\u00f3pez Obrador y de Estados Unidos, Joe Biden sostendr\u00e1n este viernes un encuentro \u201cpara fortalecer la relaci\u00f3n bilateral\u201d en la ciudad californiana de San Francisco, en el marco de la cumbre de las 21 econom\u00edas del Foro de Cooperaci\u00f3n Econ\u00f3mica Asia-Pac\u00edfico (APEC).<\/span><\/p>\n<p class=\"western\"><span style=\"font-size: 14pt;\">La secretaria de Prensa de la Blanca Karine Jean-Pierre, se\u00f1al\u00f3 en una declaraci\u00f3n:<\/span><\/p>\n<p class=\"western\"><span style=\"font-size: 14pt;\">\u201cEl presidente Joseph R. Biden, Jr. se reunir\u00e1 con el presidente Andr\u00e9s Manuel L\u00f3pez Obrador de M\u00e9xico para una reuni\u00f3n bilateral en San Francisco el 17 de noviembre al margen de la Semana de L\u00edderes Econ\u00f3micos de APEC.<\/span><\/p>\n<p class=\"western\"><span style=\"font-size: 14pt;\">\u201cDurante la reuni\u00f3n, los dos l\u00edderes discutir\u00e1n los esfuerzos en curso para fortalecer la relaci\u00f3n bilateral entre Estados Unidos y M\u00e9xico y abordar\u00e1n temas de preocupaci\u00f3n compartida. El presidente Biden y el presidente L\u00f3pez Obrador tambi\u00e9n discutir\u00e1n c\u00f3mo podemos continuar trabajando juntos como socios para gestionar la migraci\u00f3n en nuestra frontera compartida y movilizar una respuesta hemisf\u00e9rica a este desaf\u00edo\u201d, inform\u00f3 la Casa Blanca en un bolet\u00edn.<\/span><\/p>\n","protected":false},"excerpt":{"rendered":"<p>Los Presidentes de M\u00e9xico, Andr\u00e9s Manuel L\u00f3pez Obrador y de Estados Unidos, Joe Biden sostendr\u00e1n este viernes un encuentro \u201cpara<\/p>\n","protected":false},"author":4,"featured_media":20405,"comment_status":"closed","ping_status":"closed","sticky":false,"template":"","format":"standard","meta":{"colormag_page_container_layout":"default_layout","colormag_page_sidebar_layout":"default_layout","_jetpack_memberships_contains_paid_content":false,"footnotes":"","jetpack_publicize_message":"","jetpack_publicize_feature_enabled":true,"jetpack_social_post_already_shared":true,"jetpack_social_options":{"image_generator_settings":{"template":"highway","default_image_id":0,"font":"","enabled":false},"version":2}},"categories":[355],"tags":[],"class_list":["post-20404","post","type-post","status-publish","format-standard","has-post-thumbnail","hentry","category-internacional"],"jetpack_publicize_connections":[],"jetpack_featured_media_url":"https:\/\/noticiasveracruz.com\/wp-content\/uploads\/2023\/11\/fb5746a0-9014-11ed-93bb-9dc194854220.jpg","jetpack_sharing_enabled":true,"publishpress_future_action":{"enabled":false,"date":"2026-05-07 02:41:19","action":"change-status","newStatus":"draft","terms":[],"taxonomy":"category","extraData":[]},"publishpress_future_workflow_manual_trigger":{"enabledWorkflows":[]},"_links":{"self":[{"href":"https:\/\/noticiasveracruz.com\/index.php\/wp-json\/wp\/v2\/posts\/20404","targetHints":{"allow":["GET"]}}],"collection":[{"href":"https:\/\/noticiasveracruz.com\/index.php\/wp-json\/wp\/v2\/posts"}],"about":[{"href":"https:\/\/noticiasveracruz.com\/index.php\/wp-json\/wp\/v2\/types\/post"}],"author":[{"embeddable":true,"href":"https:\/\/noticiasveracruz.com\/index.php\/wp-json\/wp\/v2\/users\/4"}],"replies":[{"embeddable":true,"href":"https:\/\/noticiasveracruz.com\/index.php\/wp-json\/wp\/v2\/comments?post=20404"}],"version-history":[{"count":0,"href":"https:\/\/noticiasveracruz.com\/index.php\/wp-json\/wp\/v2\/posts\/20404\/revisions"}],"wp:featuredmedia":[{"embeddable":true,"href":"https:\/\/noticiasveracruz.com\/index.php\/wp-json\/wp\/v2\/media\/20405"}],"wp:attachment":[{"href":"https:\/\/noticiasveracruz.com\/index.php\/wp-json\/wp\/v2\/media?parent=20404"}],"wp:term":[{"taxonomy":"category","embeddable":true,"href":"https:\/\/noticiasveracruz.com\/index.php\/wp-json\/wp\/v2\/categories?post=20404"},{"taxonomy":"post_tag","embeddable":true,"href":"https:\/\/noticiasveracruz.com\/index.php\/wp-json\/wp\/v2\/tags?post=20404"}],"curies":[{"name":"wp","href":"https:\/\/api.w.org\/{rel}","templated":true}]}}