{"id":20373,"date":"2023-11-13T15:50:34","date_gmt":"2023-11-13T21:50:34","guid":{"rendered":"https:\/\/noticiasveracruz.com\/?p=20373"},"modified":"2023-11-13T15:50:34","modified_gmt":"2023-11-13T21:50:34","slug":"realizan-lunes-civico-para-conmemorar-el-cxiii-aniversario-del-inicio-de-la-revolucion-mexicana","status":"publish","type":"post","link":"https:\/\/noticiasveracruz.com\/index.php\/2023\/11\/13\/realizan-lunes-civico-para-conmemorar-el-cxiii-aniversario-del-inicio-de-la-revolucion-mexicana\/","title":{"rendered":"Realizan Lunes C\u00edvico para conmemorar el CXIII Aniversario del Inicio de la Revoluci\u00f3n Mexicana"},"content":{"rendered":"<p><span style=\"font-size: 14pt;\">Tuxpan, Ver.- En el marco de la conmemoraci\u00f3n por el CXIII Aniversario del Inicio de la Revoluci\u00f3n Mexicana, que se celebra el pr\u00f3ximo 20 de noviembre, el gobierno de Tuxpan llev\u00f3 a cabo esta ma\u00f1ana el Lunes C\u00edvico en los bajos de presidencia municipal.<\/span><\/p>\n<p><img loading=\"lazy\" decoding=\"async\" class=\"alignnone size-medium wp-image-20379\" src=\"http:\/\/noticiasveracruz.com\/wp-content\/uploads\/2023\/11\/WhatsApp-Image-2023-11-13-at-13.17.53-300x233.jpeg\" alt=\"\" width=\"300\" height=\"233\" srcset=\"https:\/\/noticiasveracruz.com\/wp-content\/uploads\/2023\/11\/WhatsApp-Image-2023-11-13-at-13.17.53-300x233.jpeg 300w, https:\/\/noticiasveracruz.com\/wp-content\/uploads\/2023\/11\/WhatsApp-Image-2023-11-13-at-13.17.53-768x595.jpeg 768w, https:\/\/noticiasveracruz.com\/wp-content\/uploads\/2023\/11\/WhatsApp-Image-2023-11-13-at-13.17.53.jpeg 828w\" sizes=\"auto, (max-width: 300px) 100vw, 300px\" \/><\/p>\n<p><span style=\"font-size: 14pt;\">Participaron alumnas, alumnas y personal docente de la escuela primaria \u201cAquiles Serd\u00e1n\u201d.<\/span><\/p>\n<p><img loading=\"lazy\" decoding=\"async\" class=\"alignnone size-medium wp-image-20378\" src=\"http:\/\/noticiasveracruz.com\/wp-content\/uploads\/2023\/11\/WhatsApp-Image-2023-11-13-at-13.17.534-300x225.jpeg\" alt=\"\" width=\"300\" height=\"225\" srcset=\"https:\/\/noticiasveracruz.com\/wp-content\/uploads\/2023\/11\/WhatsApp-Image-2023-11-13-at-13.17.534-300x225.jpeg 300w, https:\/\/noticiasveracruz.com\/wp-content\/uploads\/2023\/11\/WhatsApp-Image-2023-11-13-at-13.17.534-1024x768.jpeg 1024w, https:\/\/noticiasveracruz.com\/wp-content\/uploads\/2023\/11\/WhatsApp-Image-2023-11-13-at-13.17.534-768x576.jpeg 768w, https:\/\/noticiasveracruz.com\/wp-content\/uploads\/2023\/11\/WhatsApp-Image-2023-11-13-at-13.17.534-1536x1152.jpeg 1536w, https:\/\/noticiasveracruz.com\/wp-content\/uploads\/2023\/11\/WhatsApp-Image-2023-11-13-at-13.17.534.jpeg 1600w\" sizes=\"auto, (max-width: 300px) 100vw, 300px\" \/><\/p>\n<p><span style=\"font-size: 14pt;\">Presidieron el acto el Prof. Jorge Arturo Garc\u00eda Robles, director de Educaci\u00f3n, en representaci\u00f3n del alcalde Jos\u00e9 Manuel Pozos Castro; el regidor Luis Demetrio Mar\u00edn L\u00f3pez, comisionado en Educaci\u00f3n y Actos C\u00edvicos, y el Prof. Ismael Hern\u00e1ndez Gonz\u00e1lez, director de la escuela primaria \u201cAquiles Serd\u00e1n\u201d.<\/span><\/p>\n<p><img loading=\"lazy\" decoding=\"async\" class=\"alignnone size-medium wp-image-20377\" src=\"http:\/\/noticiasveracruz.com\/wp-content\/uploads\/2023\/11\/WhatsApp-Image-2023-11-13-at-13.17.533-300x225.jpeg\" alt=\"\" width=\"300\" height=\"225\" srcset=\"https:\/\/noticiasveracruz.com\/wp-content\/uploads\/2023\/11\/WhatsApp-Image-2023-11-13-at-13.17.533-300x225.jpeg 300w, https:\/\/noticiasveracruz.com\/wp-content\/uploads\/2023\/11\/WhatsApp-Image-2023-11-13-at-13.17.533-1024x768.jpeg 1024w, https:\/\/noticiasveracruz.com\/wp-content\/uploads\/2023\/11\/WhatsApp-Image-2023-11-13-at-13.17.533-768x576.jpeg 768w, https:\/\/noticiasveracruz.com\/wp-content\/uploads\/2023\/11\/WhatsApp-Image-2023-11-13-at-13.17.533-1536x1152.jpeg 1536w, https:\/\/noticiasveracruz.com\/wp-content\/uploads\/2023\/11\/WhatsApp-Image-2023-11-13-at-13.17.533.jpeg 1600w\" sizes=\"auto, (max-width: 300px) 100vw, 300px\" \/><\/p>\n<p><span style=\"font-size: 14pt;\">Las y los estudiantes Marlene Alexa, Ian Emiliano, Cristina Guadalupe, Alexia Daniela, Frida Esther, Jos\u00e9 Heriberto, Aitana Guadalupe y Dulce Bel\u00e9n expusieron las efem\u00e9rides de la semana. Y ni\u00f1as y ni\u00f1os de primer grado recitaron la poes\u00eda coral titulada \u201cJusticia y Libertad\u201d.<\/span><\/p>\n<p><img loading=\"lazy\" decoding=\"async\" class=\"alignnone size-medium wp-image-20376\" src=\"http:\/\/noticiasveracruz.com\/wp-content\/uploads\/2023\/11\/WhatsApp-Image-2023-11-13-at-13.17.532-300x225.jpeg\" alt=\"\" width=\"300\" height=\"225\" srcset=\"https:\/\/noticiasveracruz.com\/wp-content\/uploads\/2023\/11\/WhatsApp-Image-2023-11-13-at-13.17.532-300x225.jpeg 300w, https:\/\/noticiasveracruz.com\/wp-content\/uploads\/2023\/11\/WhatsApp-Image-2023-11-13-at-13.17.532-1024x768.jpeg 1024w, https:\/\/noticiasveracruz.com\/wp-content\/uploads\/2023\/11\/WhatsApp-Image-2023-11-13-at-13.17.532-768x576.jpeg 768w, https:\/\/noticiasveracruz.com\/wp-content\/uploads\/2023\/11\/WhatsApp-Image-2023-11-13-at-13.17.532-1536x1152.jpeg 1536w, https:\/\/noticiasveracruz.com\/wp-content\/uploads\/2023\/11\/WhatsApp-Image-2023-11-13-at-13.17.532.jpeg 1600w\" sizes=\"auto, (max-width: 300px) 100vw, 300px\" \/><\/p>\n<p><span style=\"font-size: 14pt;\">Al acto tambi\u00e9n asistieron padres de familia de los estudiantes; coordinadores y directores de las diferentes \u00e1reas del Ayuntamiento y elementos de la Secretar\u00eda de Marina Armada de M\u00e9xico y Polic\u00eda Municipal.<\/span><\/p>\n<p><img loading=\"lazy\" decoding=\"async\" class=\"alignnone size-medium wp-image-20374\" src=\"http:\/\/noticiasveracruz.com\/wp-content\/uploads\/2023\/11\/WhatsApp-Image-2023-11-13-at-13.17.52-300x169.jpeg\" alt=\"\" width=\"300\" height=\"169\" srcset=\"https:\/\/noticiasveracruz.com\/wp-content\/uploads\/2023\/11\/WhatsApp-Image-2023-11-13-at-13.17.52-300x169.jpeg 300w, https:\/\/noticiasveracruz.com\/wp-content\/uploads\/2023\/11\/WhatsApp-Image-2023-11-13-at-13.17.52-1024x576.jpeg 1024w, https:\/\/noticiasveracruz.com\/wp-content\/uploads\/2023\/11\/WhatsApp-Image-2023-11-13-at-13.17.52-768x432.jpeg 768w, https:\/\/noticiasveracruz.com\/wp-content\/uploads\/2023\/11\/WhatsApp-Image-2023-11-13-at-13.17.52.jpeg 1280w\" sizes=\"auto, (max-width: 300px) 100vw, 300px\" \/><\/p>\n","protected":false},"excerpt":{"rendered":"<p>Tuxpan, Ver.- En el marco de la conmemoraci\u00f3n por el CXIII Aniversario del Inicio de la Revoluci\u00f3n Mexicana, que se<\/p>\n","protected":false},"author":4,"featured_media":20375,"comment_status":"closed","ping_status":"closed","sticky":false,"template":"","format":"standard","meta":{"colormag_page_container_layout":"default_layout","colormag_page_sidebar_layout":"default_layout","_jetpack_memberships_contains_paid_content":false,"footnotes":"","jetpack_publicize_message":"","jetpack_publicize_feature_enabled":true,"jetpack_social_post_already_shared":true,"jetpack_social_options":{"image_generator_settings":{"template":"highway","default_image_id":0,"font":"","enabled":false},"version":2}},"categories":[356],"tags":[],"class_list":["post-20373","post","type-post","status-publish","format-standard","has-post-thumbnail","hentry","category-veracruz"],"jetpack_publicize_connections":[],"jetpack_featured_media_url":"https:\/\/noticiasveracruz.com\/wp-content\/uploads\/2023\/11\/WhatsApp-Image-2023-11-13-at-13.17.531.jpeg","jetpack_sharing_enabled":true,"publishpress_future_action":{"enabled":false,"date":"2026-05-07 01:33:48","action":"change-status","newStatus":"draft","terms":[],"taxonomy":"category","extraData":[]},"publishpress_future_workflow_manual_trigger":{"enabledWorkflows":[]},"_links":{"self":[{"href":"https:\/\/noticiasveracruz.com\/index.php\/wp-json\/wp\/v2\/posts\/20373","targetHints":{"allow":["GET"]}}],"collection":[{"href":"https:\/\/noticiasveracruz.com\/index.php\/wp-json\/wp\/v2\/posts"}],"about":[{"href":"https:\/\/noticiasveracruz.com\/index.php\/wp-json\/wp\/v2\/types\/post"}],"author":[{"embeddable":true,"href":"https:\/\/noticiasveracruz.com\/index.php\/wp-json\/wp\/v2\/users\/4"}],"replies":[{"embeddable":true,"href":"https:\/\/noticiasveracruz.com\/index.php\/wp-json\/wp\/v2\/comments?post=20373"}],"version-history":[{"count":0,"href":"https:\/\/noticiasveracruz.com\/index.php\/wp-json\/wp\/v2\/posts\/20373\/revisions"}],"wp:featuredmedia":[{"embeddable":true,"href":"https:\/\/noticiasveracruz.com\/index.php\/wp-json\/wp\/v2\/media\/20375"}],"wp:attachment":[{"href":"https:\/\/noticiasveracruz.com\/index.php\/wp-json\/wp\/v2\/media?parent=20373"}],"wp:term":[{"taxonomy":"category","embeddable":true,"href":"https:\/\/noticiasveracruz.com\/index.php\/wp-json\/wp\/v2\/categories?post=20373"},{"taxonomy":"post_tag","embeddable":true,"href":"https:\/\/noticiasveracruz.com\/index.php\/wp-json\/wp\/v2\/tags?post=20373"}],"curies":[{"name":"wp","href":"https:\/\/api.w.org\/{rel}","templated":true}]}}