{"id":20367,"date":"2023-11-13T12:00:39","date_gmt":"2023-11-13T18:00:39","guid":{"rendered":"https:\/\/noticiasveracruz.com\/?p=20367"},"modified":"2023-11-13T12:00:39","modified_gmt":"2023-11-13T18:00:39","slug":"confirma-ebrard-que-permanecera-en-morena","status":"publish","type":"post","link":"https:\/\/noticiasveracruz.com\/index.php\/2023\/11\/13\/confirma-ebrard-que-permanecera-en-morena\/","title":{"rendered":"Confirma Ebrard que permanecer\u00e1 en Morena"},"content":{"rendered":"<p><span style=\"font-size: 14pt;\">Marcelo Ebrard confirm\u00f3 que se mantendr\u00e1 en Morena y sostuvo que el resolutivo de la Comisi\u00f3n de Honestidad y Justicia de Morena, que sancionar\u00e1 pr\u00e1cticas indebidas en el proceso interno, constituye un \u201cnuevo entendimiento\u00bb con Claudia Sheinbaum.<\/span><\/p>\n<p><span style=\"font-size: 14pt;\">\u201cYa hubo un entendimiento con ella, no dir\u00eda que un pacto\u201d, respondi\u00f3.<\/span><\/p>\n<p><img loading=\"lazy\" decoding=\"async\" class=\"alignnone size-medium wp-image-20368\" src=\"http:\/\/noticiasveracruz.com\/wp-content\/uploads\/2023\/11\/AMLO-Marcelo-Ebrard-platicando-en-Palacio-Nacional-Lunes-11noviembre-11-11-2019-CONFERENCIA-DE-PRENSA-MATUTINA-FOTO-07-1160x700-1-300x181.jpg\" alt=\"\" width=\"300\" height=\"181\" srcset=\"https:\/\/noticiasveracruz.com\/wp-content\/uploads\/2023\/11\/AMLO-Marcelo-Ebrard-platicando-en-Palacio-Nacional-Lunes-11noviembre-11-11-2019-CONFERENCIA-DE-PRENSA-MATUTINA-FOTO-07-1160x700-1-300x181.jpg 300w, https:\/\/noticiasveracruz.com\/wp-content\/uploads\/2023\/11\/AMLO-Marcelo-Ebrard-platicando-en-Palacio-Nacional-Lunes-11noviembre-11-11-2019-CONFERENCIA-DE-PRENSA-MATUTINA-FOTO-07-1160x700-1-1024x618.jpg 1024w, https:\/\/noticiasveracruz.com\/wp-content\/uploads\/2023\/11\/AMLO-Marcelo-Ebrard-platicando-en-Palacio-Nacional-Lunes-11noviembre-11-11-2019-CONFERENCIA-DE-PRENSA-MATUTINA-FOTO-07-1160x700-1-768x463.jpg 768w, https:\/\/noticiasveracruz.com\/wp-content\/uploads\/2023\/11\/AMLO-Marcelo-Ebrard-platicando-en-Palacio-Nacional-Lunes-11noviembre-11-11-2019-CONFERENCIA-DE-PRENSA-MATUTINA-FOTO-07-1160x700-1.jpg 1160w\" sizes=\"auto, (max-width: 300px) 100vw, 300px\" \/><\/p>\n<p><span style=\"font-size: 14pt;\">Dijo que la virtual candidata presidencial de Morena ha sido receptiva a lo que \u00e9l ha expresado y concluy\u00f3 que la decisi\u00f3n de la comisi\u00f3n \u201ces la respuesta con el bast\u00f3n de mando de Claudia Sheinbaum. Ya dirige ella este tipo de respuestas\u201d.<\/span><\/p>\n<p><span style=\"font-size: 14pt;\">En una conferencia de prensa esta ma\u00f1ana, donde dio detalles de la resoluci\u00f3n de aquella instancia partidaria refleja cu\u00e1l es la idea pol\u00edtica de Sheinbaum.<\/span><\/p>\n<p><span style=\"font-size: 14pt;\">\u201cSi somos la segunda fuerza en Morena, debemos ser tratados como tales\u201d, dijo en referencia a que diputados y senadores que lo siguen, deben obtener cargos de elecci\u00f3n popular en la elecci\u00f3n de 2024.<\/span><\/p>\n<p><span style=\"font-size: 14pt;\">\u201cEste es un acuerdo pol\u00edtico.. yo no he querido nada. No voy a cambiar de partido ni a dejar de luchar\u201d, expres\u00f3.<\/span><\/p>\n","protected":false},"excerpt":{"rendered":"<p>Marcelo Ebrard confirm\u00f3 que se mantendr\u00e1 en Morena y sostuvo que el resolutivo de la Comisi\u00f3n de Honestidad y Justicia<\/p>\n","protected":false},"author":4,"featured_media":20369,"comment_status":"closed","ping_status":"closed","sticky":false,"template":"","format":"standard","meta":{"colormag_page_container_layout":"default_layout","colormag_page_sidebar_layout":"default_layout","_jetpack_memberships_contains_paid_content":false,"footnotes":"","jetpack_publicize_message":"","jetpack_publicize_feature_enabled":true,"jetpack_social_post_already_shared":true,"jetpack_social_options":{"image_generator_settings":{"template":"highway","default_image_id":0,"font":"","enabled":false},"version":2}},"categories":[4],"tags":[],"class_list":["post-20367","post","type-post","status-publish","format-standard","has-post-thumbnail","hentry","category-nacional"],"jetpack_publicize_connections":[],"jetpack_featured_media_url":"https:\/\/noticiasveracruz.com\/wp-content\/uploads\/2023\/11\/marcelo-ebrard-seguira-en-morena-focus-0-0-1300-865.jpg","jetpack_sharing_enabled":true,"publishpress_future_action":{"enabled":false,"date":"2026-05-06 23:50:13","action":"change-status","newStatus":"draft","terms":[],"taxonomy":"category","extraData":[]},"publishpress_future_workflow_manual_trigger":{"enabledWorkflows":[]},"_links":{"self":[{"href":"https:\/\/noticiasveracruz.com\/index.php\/wp-json\/wp\/v2\/posts\/20367","targetHints":{"allow":["GET"]}}],"collection":[{"href":"https:\/\/noticiasveracruz.com\/index.php\/wp-json\/wp\/v2\/posts"}],"about":[{"href":"https:\/\/noticiasveracruz.com\/index.php\/wp-json\/wp\/v2\/types\/post"}],"author":[{"embeddable":true,"href":"https:\/\/noticiasveracruz.com\/index.php\/wp-json\/wp\/v2\/users\/4"}],"replies":[{"embeddable":true,"href":"https:\/\/noticiasveracruz.com\/index.php\/wp-json\/wp\/v2\/comments?post=20367"}],"version-history":[{"count":0,"href":"https:\/\/noticiasveracruz.com\/index.php\/wp-json\/wp\/v2\/posts\/20367\/revisions"}],"wp:featuredmedia":[{"embeddable":true,"href":"https:\/\/noticiasveracruz.com\/index.php\/wp-json\/wp\/v2\/media\/20369"}],"wp:attachment":[{"href":"https:\/\/noticiasveracruz.com\/index.php\/wp-json\/wp\/v2\/media?parent=20367"}],"wp:term":[{"taxonomy":"category","embeddable":true,"href":"https:\/\/noticiasveracruz.com\/index.php\/wp-json\/wp\/v2\/categories?post=20367"},{"taxonomy":"post_tag","embeddable":true,"href":"https:\/\/noticiasveracruz.com\/index.php\/wp-json\/wp\/v2\/tags?post=20367"}],"curies":[{"name":"wp","href":"https:\/\/api.w.org\/{rel}","templated":true}]}}