{"id":20364,"date":"2023-11-13T11:57:18","date_gmt":"2023-11-13T17:57:18","guid":{"rendered":"https:\/\/noticiasveracruz.com\/?p=20364"},"modified":"2023-11-13T11:57:18","modified_gmt":"2023-11-13T17:57:18","slug":"se-reune-titular-shcp-con-janet-yellen-al-margen-del-foro-de-la-apec","status":"publish","type":"post","link":"https:\/\/noticiasveracruz.com\/index.php\/2023\/11\/13\/se-reune-titular-shcp-con-janet-yellen-al-margen-del-foro-de-la-apec\/","title":{"rendered":"Se re\u00fane titular SHCP con Janet Yellen al margen del foro de la APEC"},"content":{"rendered":"<p><span style=\"font-size: 14pt;\">El secretario de Hacienda y Cr\u00e9dito P\u00fablico, Rogelio Ram\u00edrez de la O, se reuni\u00f3 con la secretaria del Tesoro de Estados Unidos, Janet Yellen, al margen de las reuniones del Foro de Cooperaci\u00f3n Econ\u00f3mica Asia-Pac\u00edfico (APEC), celebradas en San Francisco.<\/span><\/p>\n<p><span style=\"font-size: 14pt;\">De acuerdo con un comunicado del Tesoro, sobre la reuni\u00f3n celebrada el 12 de noviembre, Yellen \u201cenfatiz\u00f3 que M\u00e9xico es un aliado importante y un socio econ\u00f3mico cercano\u201d a Estados Unidos, por lo que espera se sigan fortaleciendo las relaciones bilaterales entre ambos pa\u00edses.<\/span><\/p>\n<p><span style=\"font-size: 14pt;\">Yellen tambi\u00e9n discuti\u00f3 los pr\u00f3ximos pasos luego de la reciente Cumbre de L\u00edderes de la Asociaci\u00f3n para la Prosperidad Econ\u00f3mica de las Am\u00e9ricas y las oportunidades para profundizar la cooperaci\u00f3n para combatir las amenazas financieras il\u00edcitas.<\/span><\/p>\n<p><span style=\"font-size: 14pt;\">De acuerdo con el Tesoro, Ram\u00edrez de la O analiz\u00f3 \u201cla s\u00f3lida asociaci\u00f3n entre Estados Unidos y M\u00e9xico (&#8230;) y las oportunidades para una colaboraci\u00f3n continua en materia de finanzas sostenibles, econom\u00eda moderna del lado de la oferta y activos digitales, como parte de los trabajos en curso de la APEC.<\/span><\/p>\n<p><span style=\"font-size: 14pt;\">La Secretar\u00eda de Hacienda y Cr\u00e9dito P\u00fablico no ha informado nada al respecto.<\/span><\/p>\n","protected":false},"excerpt":{"rendered":"<p>El secretario de Hacienda y Cr\u00e9dito P\u00fablico, Rogelio Ram\u00edrez de la O, se reuni\u00f3 con la secretaria del Tesoro de<\/p>\n","protected":false},"author":4,"featured_media":20365,"comment_status":"closed","ping_status":"closed","sticky":false,"template":"","format":"standard","meta":{"colormag_page_container_layout":"default_layout","colormag_page_sidebar_layout":"default_layout","_jetpack_memberships_contains_paid_content":false,"footnotes":"","jetpack_publicize_message":"","jetpack_publicize_feature_enabled":true,"jetpack_social_post_already_shared":true,"jetpack_social_options":{"image_generator_settings":{"template":"highway","default_image_id":0,"font":"","enabled":false},"version":2}},"categories":[1947],"tags":[],"class_list":["post-20364","post","type-post","status-publish","format-standard","has-post-thumbnail","hentry","category-economia"],"jetpack_publicize_connections":[],"jetpack_featured_media_url":"https:\/\/noticiasveracruz.com\/wp-content\/uploads\/2023\/11\/j.jpg","jetpack_sharing_enabled":true,"publishpress_future_action":{"enabled":false,"date":"2026-05-06 23:02:52","action":"change-status","newStatus":"draft","terms":[],"taxonomy":"category","extraData":[]},"publishpress_future_workflow_manual_trigger":{"enabledWorkflows":[]},"_links":{"self":[{"href":"https:\/\/noticiasveracruz.com\/index.php\/wp-json\/wp\/v2\/posts\/20364","targetHints":{"allow":["GET"]}}],"collection":[{"href":"https:\/\/noticiasveracruz.com\/index.php\/wp-json\/wp\/v2\/posts"}],"about":[{"href":"https:\/\/noticiasveracruz.com\/index.php\/wp-json\/wp\/v2\/types\/post"}],"author":[{"embeddable":true,"href":"https:\/\/noticiasveracruz.com\/index.php\/wp-json\/wp\/v2\/users\/4"}],"replies":[{"embeddable":true,"href":"https:\/\/noticiasveracruz.com\/index.php\/wp-json\/wp\/v2\/comments?post=20364"}],"version-history":[{"count":0,"href":"https:\/\/noticiasveracruz.com\/index.php\/wp-json\/wp\/v2\/posts\/20364\/revisions"}],"wp:featuredmedia":[{"embeddable":true,"href":"https:\/\/noticiasveracruz.com\/index.php\/wp-json\/wp\/v2\/media\/20365"}],"wp:attachment":[{"href":"https:\/\/noticiasveracruz.com\/index.php\/wp-json\/wp\/v2\/media?parent=20364"}],"wp:term":[{"taxonomy":"category","embeddable":true,"href":"https:\/\/noticiasveracruz.com\/index.php\/wp-json\/wp\/v2\/categories?post=20364"},{"taxonomy":"post_tag","embeddable":true,"href":"https:\/\/noticiasveracruz.com\/index.php\/wp-json\/wp\/v2\/tags?post=20364"}],"curies":[{"name":"wp","href":"https:\/\/api.w.org\/{rel}","templated":true}]}}