{"id":20360,"date":"2023-11-13T11:52:53","date_gmt":"2023-11-13T17:52:53","guid":{"rendered":"https:\/\/noticiasveracruz.com\/?p=20360"},"modified":"2023-11-13T11:52:53","modified_gmt":"2023-11-13T17:52:53","slug":"menos-recursos-para-busqueda-de-desaparecidos","status":"publish","type":"post","link":"https:\/\/noticiasveracruz.com\/index.php\/2023\/11\/13\/menos-recursos-para-busqueda-de-desaparecidos\/","title":{"rendered":"Menos recursos para b\u00fasqueda de desaparecidos"},"content":{"rendered":"<p><span style=\"font-size: 14pt;\">En un contexto de creciente desaparici\u00f3n de personas en Veracruz, donde el n\u00famero de v\u00edctimas supera las 7,027 personas hasta el 9 de noviembre de este a\u00f1o, el Gobierno estatal ha proyectado un presupuesto de 24 millones 924 mil 536 pesos para enfrentar esta crisis en el 2024. Sin embargo, esta asignaci\u00f3n representa una disminuci\u00f3n del 7.9 por ciento en comparaci\u00f3n con el presupuesto aprobado en 2023.<\/span><\/p>\n<p><span style=\"font-size: 14pt;\">El Proyecto de Presupuesto Estatal para el Ejercicio Fiscal 2024 indica que se destinar\u00e1n menos recursos para la b\u00fasqueda de personas desaparecidas.<\/span><\/p>\n<p><span style=\"font-size: 14pt;\">El Programa Estatal de B\u00fasqueda de Personas, operado por la Comisi\u00f3n Estatal de B\u00fasqueda de Personas de Veracruz (CEBV), sufrir\u00e1 un recorte de 2 millones 124 mil 197 pesos en comparaci\u00f3n con el a\u00f1o anterior. En 2023, este programa estatal recibi\u00f3 una asignaci\u00f3n presupuestaria de 27 millones 049 mil 197 pesos, la cifra m\u00e1s alta desde 2020.<\/span><\/p>\n<p><span style=\"font-size: 14pt;\">Esta disminuci\u00f3n presupuestaria plantea preocupaciones considerables, especialmente en un momento en que los colectivos de familiares de personas desaparecidas han estado demandando una mayor atenci\u00f3n y recursos para fortalecer las operaciones de b\u00fasqueda, as\u00ed como para dar seguimiento a los expedientes de b\u00fasqueda, se\u00f1alando que el protocolo actual se basa principalmente en la difusi\u00f3n de boletines en los medios.<\/span><\/p>\n<p><img loading=\"lazy\" decoding=\"async\" class=\"alignnone size-medium wp-image-20361\" src=\"http:\/\/noticiasveracruz.com\/wp-content\/uploads\/2023\/11\/desaparecidos-300x187.jpg\" alt=\"\" width=\"300\" height=\"187\" srcset=\"https:\/\/noticiasveracruz.com\/wp-content\/uploads\/2023\/11\/desaparecidos-300x187.jpg 300w, https:\/\/noticiasveracruz.com\/wp-content\/uploads\/2023\/11\/desaparecidos-1024x640.jpg 1024w, https:\/\/noticiasveracruz.com\/wp-content\/uploads\/2023\/11\/desaparecidos-768x480.jpg 768w, https:\/\/noticiasveracruz.com\/wp-content\/uploads\/2023\/11\/desaparecidos.jpg 1140w\" sizes=\"auto, (max-width: 300px) 100vw, 300px\" \/><\/p>\n<p><span style=\"font-size: 14pt;\">La CEBV, adscrita a la Secretar\u00eda de Gobierno (Segob), tiene la responsabilidad de implementar el Programa Estatal de B\u00fasqueda de Personas. Sus actividades incluyen la realizaci\u00f3n de diagn\u00f3sticos especializados y an\u00e1lisis de contexto de los casos de personas desaparecidas, el registro de estas personas en el Registro Nacional de Personas Desaparecidas o No Localizadas (RNPDNO), y la ejecuci\u00f3n de acciones inmediatas de b\u00fasqueda, tanto en escenarios forenses como en escenarios de vida. Adem\u00e1s, emiten boletines p\u00fablicos para informar sobre personas desaparecidas.<\/span><\/p>\n<p><span style=\"font-size: 14pt;\">Es importante destacar que, por parte del Gobierno Federal, la Comisi\u00f3n Estatal de B\u00fasqueda ha recibido un total de 58 millones 640 mil 087.32 pesos en subsidios federales entre 2019 y 2022.<\/span><\/p>\n<p><span style=\"font-size: 14pt;\">Seg\u00fan un informe p\u00fablico de la Comisi\u00f3n Nacional de B\u00fasqueda (CNB) de la Secretar\u00eda de Gobernaci\u00f3n, entre los retos de los subsidios federales se encuentran que las comisiones locales aumenten su personal para que tengan continuidad y perfiles adecuados para operar en todas las \u00e1reas que las integran.<\/span><\/p>\n","protected":false},"excerpt":{"rendered":"<p>En un contexto de creciente desaparici\u00f3n de personas en Veracruz, donde el n\u00famero de v\u00edctimas supera las 7,027 personas hasta<\/p>\n","protected":false},"author":4,"featured_media":20362,"comment_status":"closed","ping_status":"closed","sticky":false,"template":"","format":"standard","meta":{"colormag_page_container_layout":"default_layout","colormag_page_sidebar_layout":"default_layout","_jetpack_memberships_contains_paid_content":false,"footnotes":"","jetpack_publicize_message":"","jetpack_publicize_feature_enabled":true,"jetpack_social_post_already_shared":true,"jetpack_social_options":{"image_generator_settings":{"template":"highway","default_image_id":0,"font":"","enabled":false},"version":2}},"categories":[356],"tags":[],"class_list":["post-20360","post","type-post","status-publish","format-standard","has-post-thumbnail","hentry","category-veracruz"],"jetpack_publicize_connections":[],"jetpack_featured_media_url":"https:\/\/noticiasveracruz.com\/wp-content\/uploads\/2023\/11\/Veracruz-entre-los-estados-con-mayor-caso-de-mujeres-desaparecidas.jpg","jetpack_sharing_enabled":true,"publishpress_future_action":{"enabled":false,"date":"2026-05-06 22:18:31","action":"change-status","newStatus":"draft","terms":[],"taxonomy":"category","extraData":[]},"publishpress_future_workflow_manual_trigger":{"enabledWorkflows":[]},"_links":{"self":[{"href":"https:\/\/noticiasveracruz.com\/index.php\/wp-json\/wp\/v2\/posts\/20360","targetHints":{"allow":["GET"]}}],"collection":[{"href":"https:\/\/noticiasveracruz.com\/index.php\/wp-json\/wp\/v2\/posts"}],"about":[{"href":"https:\/\/noticiasveracruz.com\/index.php\/wp-json\/wp\/v2\/types\/post"}],"author":[{"embeddable":true,"href":"https:\/\/noticiasveracruz.com\/index.php\/wp-json\/wp\/v2\/users\/4"}],"replies":[{"embeddable":true,"href":"https:\/\/noticiasveracruz.com\/index.php\/wp-json\/wp\/v2\/comments?post=20360"}],"version-history":[{"count":0,"href":"https:\/\/noticiasveracruz.com\/index.php\/wp-json\/wp\/v2\/posts\/20360\/revisions"}],"wp:featuredmedia":[{"embeddable":true,"href":"https:\/\/noticiasveracruz.com\/index.php\/wp-json\/wp\/v2\/media\/20362"}],"wp:attachment":[{"href":"https:\/\/noticiasveracruz.com\/index.php\/wp-json\/wp\/v2\/media?parent=20360"}],"wp:term":[{"taxonomy":"category","embeddable":true,"href":"https:\/\/noticiasveracruz.com\/index.php\/wp-json\/wp\/v2\/categories?post=20360"},{"taxonomy":"post_tag","embeddable":true,"href":"https:\/\/noticiasveracruz.com\/index.php\/wp-json\/wp\/v2\/tags?post=20360"}],"curies":[{"name":"wp","href":"https:\/\/api.w.org\/{rel}","templated":true}]}}