{"id":20356,"date":"2023-11-13T11:38:44","date_gmt":"2023-11-13T17:38:44","guid":{"rendered":"https:\/\/noticiasveracruz.com\/?p=20356"},"modified":"2023-11-13T11:38:44","modified_gmt":"2023-11-13T17:38:44","slug":"amlo-acusa-a-karla-quintana-de-alterar-registro-de-desaparecidos","status":"publish","type":"post","link":"https:\/\/noticiasveracruz.com\/index.php\/2023\/11\/13\/amlo-acusa-a-karla-quintana-de-alterar-registro-de-desaparecidos\/","title":{"rendered":"AMLO acusa a Karla Quintana de &#8216;alterar&#8217; registro de desaparecidos"},"content":{"rendered":"<p><span style=\"font-size: 14pt;\">El presidente Andr\u00e9s Manuel L\u00f3pez Obrador acuso a la ex comisionada de B\u00fasqueda,\u00a0Karla Quintana, de haber alterado el Registro Nacional de Personas Desaparecidas y No Localizadas (RNPDNO)\u00a0con el fin de \u201cafectar\u201d a su gobierno.<\/span><\/p>\n<div>\n<p><span style=\"font-size: 14pt;\">\u201cVamos a demostrar\u00a0de que el censo no estaba\u00a0bien manejado\u00a0el registro que se ten\u00eda\u00a0y que no era nada m\u00e1s sin eficiencia\u00a0si no hab\u00eda una intenci\u00f3n\u00a0de afectar al gobierno que represento\u201d, declar\u00f3 este lunes durante su conferencia de prensa matutina en Palacio Nacional.\u00a0<\/span><\/p>\n<\/div>\n<div>\n<p><span style=\"font-size: 14pt;\">\u201cHasta present\u00f3 la se\u00f1ora Karla un libro\u00a0este sobre el tema\u00a0y ya le vamos a demostrar\u00a0de que\u00a0cuando menos\u00a0actu\u00f3\u00a0de manera irresponsable, de mala fe\u201d, dijo.<\/span><\/p>\n<p><img loading=\"lazy\" decoding=\"async\" class=\"alignnone size-medium wp-image-20357\" src=\"http:\/\/noticiasveracruz.com\/wp-content\/uploads\/2023\/11\/AMLO-conferencia-mananera-300x187.jpg\" alt=\"\" width=\"300\" height=\"187\" srcset=\"https:\/\/noticiasveracruz.com\/wp-content\/uploads\/2023\/11\/AMLO-conferencia-mananera-300x187.jpg 300w, https:\/\/noticiasveracruz.com\/wp-content\/uploads\/2023\/11\/AMLO-conferencia-mananera.jpg 768w\" sizes=\"auto, (max-width: 300px) 100vw, 300px\" \/><\/p>\n<div>\n<p><span style=\"font-size: 14pt;\">El mandatario acus\u00f3 a Karla Quintana de formar parte de una organizaci\u00f3n de \u201cderecha\u201d y de \u201calterar los padrones de desaparecidos\u201d.<\/span><\/p>\n<\/div>\n<div>\n<p><span style=\"font-size: 14pt;\">\u201cNo es cierto que haya 126 mil desaparecidos, no es cierto y lo vamos a probar porque hemos hecho un censo casa por casa y los desaparecidos se han encontrado\u201d, expres\u00f3.<\/span><\/p>\n<\/div>\n<div>\n<div id=\"div-gpt-ad-ddnotamexicoZA_box_b\">\n<p><span style=\"font-size: 14pt;\">\u201cDe manera muy irresponsable, de mala f\u00e9, sal\u00edan a decir que hab\u00edan 120 mil desaparecidos\u201d, sentenci\u00f3, a pesar de la denuncia de familiares de personas ausentes.<\/span><\/p>\n<\/div>\n<\/div>\n<div>\n<p><span style=\"font-size: 14pt;\">Esto despu\u00e9s de que Quintana sostuviera la semana pasada durante el Seminario sobre Violencia y Paz del\u00a0Colegio de M\u00e9xico (Colmex) que el censo ordenado por AMLO tiene como fin reducir la cifra de personas ausentes en el actual sexenio y as\u00ed como en los gobiernos estatales morenistas.<\/span><\/p>\n<\/div>\n<div>\n<p><span style=\"font-size: 14pt;\">Ante esto, L\u00f3pez Obrador asegur\u00f3 que el censo que realiza el Gobierno Federal a trav\u00e9s de la\u00a0Secretar\u00eda del Bienestar\u00a0ser\u00e1 concluido \u201cen un mes\u201d, cuando se dar\u00e1n a conocer los resultados.<\/span><\/p>\n<div>\n<p><span style=\"font-size: 14pt;\">El censo ordenado por le presidente L\u00f3pez Obrador ha sido objeto de pol\u00e9mica, debido a que organizaciones han expresado preocupaciones por la posibilidad de que se maquillen las cifras con fines electorales. Asimismo, han advertido que el procedimiento por el que se lleva a cabo podr\u00eda ser revictimizante.<\/span><\/p>\n<\/div>\n<div>\n<p><span style=\"font-size: 14pt;\">Quintana, que ahora funge como investigadora visitante del Colmex, revel\u00f3 la semana pasada que su renuncia a la\u00a0Comisi\u00f3n Nacional de B\u00fasqueda (CNB)\u00a0el pasado 23 de agosto se debi\u00f3 a la oposici\u00f3n que present\u00f3 contra dicho censo.<\/span><\/p>\n<p><span style=\"font-size: 14pt;\">La investigadora reiter\u00f3 que el fin de los registros debe ser buscar a las personas cuyo paradero no se conoce, pero lament\u00f3 que este no sea el caso para el ejercicio ordenado por AMLO.<\/span><\/p>\n<p><span style=\"font-size: 14pt;\">\u201cNadie est\u00e1 en contra de un proceso de que haya un proceso de actualizaci\u00f3n de un registro. Lo que queremos tener es el mejor registro posible para tener mayores posibilidades de encontrar a alguien, sea mayor o menor el n\u00famero\u201d, aclar\u00f3.<\/span><\/p>\n<p><span style=\"font-size: 14pt;\">\u201cLa intenci\u00f3n que se tiene con este ejercicio no es actualizar un registro para tener la mejor informaci\u00f3n posible para poder encontrar m\u00e1s personas; la intenci\u00f3n es el reducir la cifra de personas desaparecidas\u201d, precis\u00f3.<\/span><\/p>\n<p><span style=\"font-size: 14pt;\">Quintana, denunci\u00f3 que el censo que es \u201crevictimizante\u201d y se\u00f1al\u00f3 que lo lleva a cabo una autoridad que no est\u00e1 reconocida por la ley como buscadora ni est\u00e1 capacitada para realizar este tipo de trabajo.<\/span><\/p>\n<\/div>\n<\/div>\n<\/div>\n","protected":false},"excerpt":{"rendered":"<p>El presidente Andr\u00e9s Manuel L\u00f3pez Obrador acuso a la ex comisionada de B\u00fasqueda,\u00a0Karla Quintana, de haber alterado el Registro Nacional<\/p>\n","protected":false},"author":4,"featured_media":20358,"comment_status":"closed","ping_status":"closed","sticky":false,"template":"","format":"standard","meta":{"colormag_page_container_layout":"default_layout","colormag_page_sidebar_layout":"default_layout","_jetpack_memberships_contains_paid_content":false,"footnotes":"","jetpack_publicize_message":"","jetpack_publicize_feature_enabled":true,"jetpack_social_post_already_shared":true,"jetpack_social_options":{"image_generator_settings":{"template":"highway","default_image_id":0,"font":"","enabled":false},"version":2}},"categories":[4],"tags":[],"class_list":["post-20356","post","type-post","status-publish","format-standard","has-post-thumbnail","hentry","category-nacional"],"jetpack_publicize_connections":[],"jetpack_featured_media_url":"https:\/\/noticiasveracruz.com\/wp-content\/uploads\/2023\/11\/amlo-karla-quintana-cnb-desaparecidos-censo-2-13112023-700x438-1.jpg","jetpack_sharing_enabled":true,"publishpress_future_action":{"enabled":false,"date":"2026-05-06 21:27:51","action":"change-status","newStatus":"draft","terms":[],"taxonomy":"category","extraData":[]},"publishpress_future_workflow_manual_trigger":{"enabledWorkflows":[]},"_links":{"self":[{"href":"https:\/\/noticiasveracruz.com\/index.php\/wp-json\/wp\/v2\/posts\/20356","targetHints":{"allow":["GET"]}}],"collection":[{"href":"https:\/\/noticiasveracruz.com\/index.php\/wp-json\/wp\/v2\/posts"}],"about":[{"href":"https:\/\/noticiasveracruz.com\/index.php\/wp-json\/wp\/v2\/types\/post"}],"author":[{"embeddable":true,"href":"https:\/\/noticiasveracruz.com\/index.php\/wp-json\/wp\/v2\/users\/4"}],"replies":[{"embeddable":true,"href":"https:\/\/noticiasveracruz.com\/index.php\/wp-json\/wp\/v2\/comments?post=20356"}],"version-history":[{"count":0,"href":"https:\/\/noticiasveracruz.com\/index.php\/wp-json\/wp\/v2\/posts\/20356\/revisions"}],"wp:featuredmedia":[{"embeddable":true,"href":"https:\/\/noticiasveracruz.com\/index.php\/wp-json\/wp\/v2\/media\/20358"}],"wp:attachment":[{"href":"https:\/\/noticiasveracruz.com\/index.php\/wp-json\/wp\/v2\/media?parent=20356"}],"wp:term":[{"taxonomy":"category","embeddable":true,"href":"https:\/\/noticiasveracruz.com\/index.php\/wp-json\/wp\/v2\/categories?post=20356"},{"taxonomy":"post_tag","embeddable":true,"href":"https:\/\/noticiasveracruz.com\/index.php\/wp-json\/wp\/v2\/tags?post=20356"}],"curies":[{"name":"wp","href":"https:\/\/api.w.org\/{rel}","templated":true}]}}