{"id":20352,"date":"2023-11-13T11:30:15","date_gmt":"2023-11-13T17:30:15","guid":{"rendered":"https:\/\/noticiasveracruz.com\/?p=20352"},"modified":"2023-11-13T11:30:15","modified_gmt":"2023-11-13T17:30:15","slug":"amlo-enviara-el-miercoles-terna-al-senado-para-elegir-nueva-ministra-de-la-scjn","status":"publish","type":"post","link":"https:\/\/noticiasveracruz.com\/index.php\/2023\/11\/13\/amlo-enviara-el-miercoles-terna-al-senado-para-elegir-nueva-ministra-de-la-scjn\/","title":{"rendered":"AMLO enviar\u00e1 el mi\u00e9rcoles terna al Senado para elegir nueva ministra de la SCJN"},"content":{"rendered":"<p><span style=\"font-size: 14pt;\">El presidente Andr\u00e9s Manuel L\u00f3pez Obrador se\u00f1al\u00f3 que ser\u00e1 el mi\u00e9rcoles de esta semana cuando env\u00ede al Senado de la Rep\u00fablica la terna de candidatas a ministras de la Suprema Corte de Justicia de la Naci\u00f3n (SCJN) para ocupar la vacante que dej\u00f3 el ministro Arturo Zald\u00edvar, luego de su renuncia la semana pasada para sumarse a la candidatura de Claudia Sheinbaum.<\/span><\/p>\n<p><span style=\"font-size: 14pt;\">Confirm\u00f3 que dicha terna estar\u00e1 integrada por mujeres y que la C\u00e1mara alta ser\u00e1 la responsable de avalar o no alguna de estas propuestas.<\/span><\/p>\n<p><img loading=\"lazy\" decoding=\"async\" class=\"size-medium wp-image-20354\" src=\"http:\/\/noticiasveracruz.com\/wp-content\/uploads\/2023\/11\/Arturo-Zaldivar-Cuartoscuro-300x200.jpg\" alt=\"\" width=\"300\" height=\"200\" srcset=\"https:\/\/noticiasveracruz.com\/wp-content\/uploads\/2023\/11\/Arturo-Zaldivar-Cuartoscuro-300x200.jpg 300w, https:\/\/noticiasveracruz.com\/wp-content\/uploads\/2023\/11\/Arturo-Zaldivar-Cuartoscuro-768x512.jpg 768w, https:\/\/noticiasveracruz.com\/wp-content\/uploads\/2023\/11\/Arturo-Zaldivar-Cuartoscuro.jpg 992w\" sizes=\"auto, (max-width: 300px) 100vw, 300px\" \/><\/p>\n<p><span style=\"font-size: 14pt;\">La secretaria de Gobernaci\u00f3n, Luisa Mar\u00eda Alcalde, puntualiz\u00f3 que a\u00fan no se puede dar a conocer el nombre de las candidatas a la Corte, ya que primero se tiene que discutir y votar en comisiones del Senado, el martes, la aceptaci\u00f3n o no de la renuncia de Zald\u00edvar Lelo de Larrea, y el mi\u00e9rcoles en el pleno de ese \u00f3rgano legislativo.<\/span><\/p>\n<p><span style=\"font-size: 14pt;\">Una vez que el pleno de la C\u00e1mara de Senadores avale la renuncia del ministro Arturo Zald\u00edvar, detall\u00f3 la funcionaria, el Ejecutivo federal enviar\u00e1 la terna de candidatas a la Suprema Corte el mismo mi\u00e9rcoles.<\/span><\/p>\n","protected":false},"excerpt":{"rendered":"<p>El presidente Andr\u00e9s Manuel L\u00f3pez Obrador se\u00f1al\u00f3 que ser\u00e1 el mi\u00e9rcoles de esta semana cuando env\u00ede al Senado de la<\/p>\n","protected":false},"author":4,"featured_media":20353,"comment_status":"closed","ping_status":"closed","sticky":false,"template":"","format":"standard","meta":{"colormag_page_container_layout":"default_layout","colormag_page_sidebar_layout":"default_layout","_jetpack_memberships_contains_paid_content":false,"footnotes":"","jetpack_publicize_message":"","jetpack_publicize_feature_enabled":true,"jetpack_social_post_already_shared":true,"jetpack_social_options":{"image_generator_settings":{"template":"highway","default_image_id":0,"font":"","enabled":false},"version":2}},"categories":[4],"tags":[],"class_list":["post-20352","post","type-post","status-publish","format-standard","has-post-thumbnail","hentry","category-nacional"],"jetpack_publicize_connections":[],"jetpack_featured_media_url":"https:\/\/noticiasveracruz.com\/wp-content\/uploads\/2023\/11\/16849496538688-1.jpg","jetpack_sharing_enabled":true,"publishpress_future_action":{"enabled":false,"date":"2026-05-06 20:39:38","action":"change-status","newStatus":"draft","terms":[],"taxonomy":"category","extraData":[]},"publishpress_future_workflow_manual_trigger":{"enabledWorkflows":[]},"_links":{"self":[{"href":"https:\/\/noticiasveracruz.com\/index.php\/wp-json\/wp\/v2\/posts\/20352","targetHints":{"allow":["GET"]}}],"collection":[{"href":"https:\/\/noticiasveracruz.com\/index.php\/wp-json\/wp\/v2\/posts"}],"about":[{"href":"https:\/\/noticiasveracruz.com\/index.php\/wp-json\/wp\/v2\/types\/post"}],"author":[{"embeddable":true,"href":"https:\/\/noticiasveracruz.com\/index.php\/wp-json\/wp\/v2\/users\/4"}],"replies":[{"embeddable":true,"href":"https:\/\/noticiasveracruz.com\/index.php\/wp-json\/wp\/v2\/comments?post=20352"}],"version-history":[{"count":0,"href":"https:\/\/noticiasveracruz.com\/index.php\/wp-json\/wp\/v2\/posts\/20352\/revisions"}],"wp:featuredmedia":[{"embeddable":true,"href":"https:\/\/noticiasveracruz.com\/index.php\/wp-json\/wp\/v2\/media\/20353"}],"wp:attachment":[{"href":"https:\/\/noticiasveracruz.com\/index.php\/wp-json\/wp\/v2\/media?parent=20352"}],"wp:term":[{"taxonomy":"category","embeddable":true,"href":"https:\/\/noticiasveracruz.com\/index.php\/wp-json\/wp\/v2\/categories?post=20352"},{"taxonomy":"post_tag","embeddable":true,"href":"https:\/\/noticiasveracruz.com\/index.php\/wp-json\/wp\/v2\/tags?post=20352"}],"curies":[{"name":"wp","href":"https:\/\/api.w.org\/{rel}","templated":true}]}}