{"id":20348,"date":"2023-11-13T11:23:41","date_gmt":"2023-11-13T17:23:41","guid":{"rendered":"https:\/\/noticiasveracruz.com\/?p=20348"},"modified":"2023-11-13T11:23:41","modified_gmt":"2023-11-13T17:23:41","slug":"va-la-derecha-espanola-contra-pacto-de-pedro-sanchez","status":"publish","type":"post","link":"https:\/\/noticiasveracruz.com\/index.php\/2023\/11\/13\/va-la-derecha-espanola-contra-pacto-de-pedro-sanchez\/","title":{"rendered":"Va la derecha espa\u00f1ola contra pacto de Pedro S\u00e1nchez"},"content":{"rendered":"<p class=\"s-s\"><span style=\"font-size: 14pt;\">Madrid.- Cientos de miles de personas se manifestaron ayer en Espa\u00f1a contra el pacto de investidura que permitir\u00e1 la primera relecci\u00f3n del socialista Pedro S\u00e1nchez en la presidencia del gobierno. El derechista Partido Popular (PP) convoc\u00f3 a 52 concentraciones, una en cada capital de provincia del pa\u00eds, lo que evidenci\u00f3 la indignaci\u00f3n en los votantes conservadores por el acuerdo suscrito entre el Partido Socialista Obrero Espa\u00f1ol (PSOE) y las formaciones nacionalistas vascas, catalanas y gallegas.<\/span><\/p>\n<p><span style=\"font-size: 14pt;\">Las estimaciones oficiales de las delegaciones del gobierno en todo el pa\u00eds, que dependen del Ejecutivo, calcularon que en la movilizaci\u00f3n participaron m\u00e1s de 600 mil personas. El PP asegur\u00f3 que fueron 2 millones. En Madrid, escenario de la protesta m\u00e1s numerosa, el partido de derecha estim\u00f3 500 mil personas, y el gobierno central 80 mil.<\/span><\/p>\n<p><img loading=\"lazy\" decoding=\"async\" class=\"alignnone size-medium wp-image-20349\" src=\"http:\/\/noticiasveracruz.com\/wp-content\/uploads\/2023\/11\/fc60f087-01bc-413c-ae4c-6659e9f5f4aa_alta-libre-aspect-ratio_default_0-300x169.jpg\" alt=\"\" width=\"300\" height=\"169\" srcset=\"https:\/\/noticiasveracruz.com\/wp-content\/uploads\/2023\/11\/fc60f087-01bc-413c-ae4c-6659e9f5f4aa_alta-libre-aspect-ratio_default_0-300x169.jpg 300w, https:\/\/noticiasveracruz.com\/wp-content\/uploads\/2023\/11\/fc60f087-01bc-413c-ae4c-6659e9f5f4aa_alta-libre-aspect-ratio_default_0-1024x576.jpg 1024w, https:\/\/noticiasveracruz.com\/wp-content\/uploads\/2023\/11\/fc60f087-01bc-413c-ae4c-6659e9f5f4aa_alta-libre-aspect-ratio_default_0-768x432.jpg 768w, https:\/\/noticiasveracruz.com\/wp-content\/uploads\/2023\/11\/fc60f087-01bc-413c-ae4c-6659e9f5f4aa_alta-libre-aspect-ratio_default_0.jpg 1200w\" sizes=\"auto, (max-width: 300px) 100vw, 300px\" \/><\/p>\n<p><span style=\"font-size: 14pt;\">En cualquier caso, se trat\u00f3 de una de las marchas m\u00e1s numerosas de los \u00faltimos a\u00f1os. En Madrid, todas las calles del centro y la Puerta del Sol se inundaron de ciudadanos que portaban banderas espa\u00f1olas, pancartas y gritaban consignas:\u00a0<q>Pedro S\u00e1nchez, hijo de puta<\/q>.\u00a0<q>No en nuestro nombre<\/q>.\u00a0<q>No es una sede, es un puticlub<\/q>\u00a0(en alusi\u00f3n a la oficina central en la capital del PSOE);\u00a0<q>Marlaska maric\u00f3n<\/q>\u00a0(en referencia al ministro del Interior, Fernando Grande-Marlaska, quien ha hecho de su homosexualidad una causa) y\u00a0<q>Espa\u00f1a cristiana, no musulmana<\/q>, entre otras.<\/span><\/p>\n<p><span style=\"font-size: 14pt;\">Hubo concentraciones en las principales ciudades de Andaluc\u00eda, Valencia, Castilla y Le\u00f3n, Murcia, Islas Canarias, Islas Baleares, Galicia y Extremadura. En Catalu\u00f1a hubo protesta multitudinaria en Barcelona, mientras en el resto de ciudades, como Girona, Tarragona y Lleida, la afluencia fue menor.<\/span><\/p>\n<p><span style=\"font-size: 14pt;\">El PP sac\u00f3 a las calles a cientos de miles que, de forma pac\u00edfica, rechazaron los acuerdos que permitir\u00e1n la investidura de S\u00e1nchez, sobre todo el que firm\u00f3 con Junts per Catalunya (JxCat) y su l\u00edder, el ex presidente catal\u00e1n Carles Puigdemont, el cual garantiza una ley general de amnist\u00eda a los separatistas imputados por causas vinculadas al proceso de independencia unilateral de octubre de 2017, adem\u00e1s de que abre la puerta a una negociaci\u00f3n para celebrar un referendo de independencia en los pr\u00f3ximos cuatro a\u00f1os y a traspasar las competencias en materia fiscal a la regi\u00f3n, con lo que Catalu\u00f1a recaudar\u00eda todo lo que ingresa y no se aplicar\u00eda la pol\u00edtica de redistribuci\u00f3n de la riqueza con el resto de las autonom\u00edas m\u00e1s pobres como era hasta ahora.<\/span><\/p>\n<p><span style=\"font-size: 14pt;\">En Madrid, el l\u00edder del PP, Alberto N\u00fa\u00f1ez Feij\u00f3o, fue el orador principal:\u00a0<q>no nos callaremos porque lo que se est\u00e1 haciendo es lo contrario a lo que hemos votado. \u00bfPor qu\u00e9 tienen miedo a las urnas? Hay que construir un gran proceso de entendimiento, como en la transici\u00f3n y no caer en las provocaciones de la izquierda, que trata de demonizar las protestas. Que sepan que no nos van a intimidar<\/q>.<\/span><\/p>\n<p><span style=\"font-size: 14pt;\">Al final de las concentraciones del PP, miles se dirigieron, alentados por la extrema derecha de Vox, a las sedes del PSOE en diversas ciudades. En Madrid, por d\u00e9cimo d\u00eda consecutivo se llev\u00f3 a cabo una protesta en las inmediaciones de la oficina central del partido, en la que de nuevo se corearon consignas contra el pacto de investidura y contra S\u00e1nchez.<\/span><\/p>\n","protected":false},"excerpt":{"rendered":"<p>Madrid.- Cientos de miles de personas se manifestaron ayer en Espa\u00f1a contra el pacto de investidura que permitir\u00e1 la primera<\/p>\n","protected":false},"author":4,"featured_media":20350,"comment_status":"closed","ping_status":"closed","sticky":false,"template":"","format":"standard","meta":{"colormag_page_container_layout":"default_layout","colormag_page_sidebar_layout":"default_layout","_jetpack_memberships_contains_paid_content":false,"footnotes":"","jetpack_publicize_message":"","jetpack_publicize_feature_enabled":true,"jetpack_social_post_already_shared":true,"jetpack_social_options":{"image_generator_settings":{"template":"highway","default_image_id":0,"font":"","enabled":false},"version":2}},"categories":[355],"tags":[],"class_list":["post-20348","post","type-post","status-publish","format-standard","has-post-thumbnail","hentry","category-internacional"],"jetpack_publicize_connections":[],"jetpack_featured_media_url":"https:\/\/noticiasveracruz.com\/wp-content\/uploads\/2023\/11\/las-marchas-contra-el-acuerdo-de-pedro-sanchez-con-juntxs-sacuden-a-espana-1696140.jpg","jetpack_sharing_enabled":true,"publishpress_future_action":{"enabled":false,"date":"2026-05-06 19:56:27","action":"change-status","newStatus":"draft","terms":[],"taxonomy":"category","extraData":[]},"publishpress_future_workflow_manual_trigger":{"enabledWorkflows":[]},"_links":{"self":[{"href":"https:\/\/noticiasveracruz.com\/index.php\/wp-json\/wp\/v2\/posts\/20348","targetHints":{"allow":["GET"]}}],"collection":[{"href":"https:\/\/noticiasveracruz.com\/index.php\/wp-json\/wp\/v2\/posts"}],"about":[{"href":"https:\/\/noticiasveracruz.com\/index.php\/wp-json\/wp\/v2\/types\/post"}],"author":[{"embeddable":true,"href":"https:\/\/noticiasveracruz.com\/index.php\/wp-json\/wp\/v2\/users\/4"}],"replies":[{"embeddable":true,"href":"https:\/\/noticiasveracruz.com\/index.php\/wp-json\/wp\/v2\/comments?post=20348"}],"version-history":[{"count":0,"href":"https:\/\/noticiasveracruz.com\/index.php\/wp-json\/wp\/v2\/posts\/20348\/revisions"}],"wp:featuredmedia":[{"embeddable":true,"href":"https:\/\/noticiasveracruz.com\/index.php\/wp-json\/wp\/v2\/media\/20350"}],"wp:attachment":[{"href":"https:\/\/noticiasveracruz.com\/index.php\/wp-json\/wp\/v2\/media?parent=20348"}],"wp:term":[{"taxonomy":"category","embeddable":true,"href":"https:\/\/noticiasveracruz.com\/index.php\/wp-json\/wp\/v2\/categories?post=20348"},{"taxonomy":"post_tag","embeddable":true,"href":"https:\/\/noticiasveracruz.com\/index.php\/wp-json\/wp\/v2\/tags?post=20348"}],"curies":[{"name":"wp","href":"https:\/\/api.w.org\/{rel}","templated":true}]}}