{"id":20337,"date":"2023-11-13T08:16:34","date_gmt":"2023-11-13T14:16:34","guid":{"rendered":"https:\/\/noticiasveracruz.com\/?p=20337"},"modified":"2023-11-13T08:16:34","modified_gmt":"2023-11-13T14:16:34","slug":"biden-pierde-apoyo-electoral-entre-la-clase-trabajadora","status":"publish","type":"post","link":"https:\/\/noticiasveracruz.com\/index.php\/2023\/11\/13\/biden-pierde-apoyo-electoral-entre-la-clase-trabajadora\/","title":{"rendered":"Biden pierde apoyo electoral entre la clase trabajadora"},"content":{"rendered":"<p class=\"s-s\"><span style=\"font-size: 14pt;\">A un a\u00f1o de los comicios, diversos indicadores elevan la alarma sobre si el presidente Joe Biden podr\u00eda perder la relecci\u00f3n, abriendo la puerta, otra vez, a la ultraderecha estadunidense. Uno de los factores claves ser\u00e1 la clase trabajadora que, por ahora, est\u00e1 abandonando al mandatario.<\/span><\/p>\n<p><span style=\"font-size: 14pt;\">La econom\u00eda estadunidense ha crecido robustamente en los \u00faltimos meses, pero para muchos trabajadores entrevistados por\u00a0<em>La Jornada\u00a0<\/em>durante una gira por partes del medio-oeste del pa\u00eds \u2013donde est\u00e1n varios de los estados que determinan las elecciones nacionales\u2013 la mayor preocupaci\u00f3n fue sobre el precio de papas, detergente, gasolina, entre otros productos b\u00e1sicos, y colocaron la culpa en el manejo de la econom\u00eda del presidente.<\/span><\/p>\n<p><span style=\"font-size: 14pt;\">La campa\u00f1a para la relecci\u00f3n de Biden est\u00e1 en apuros al arrancar el a\u00f1o electoral que culminar\u00e1 en noviembre de 2024. En cinco de los seis estados que m\u00e1s probablemente determinar\u00e1n el resultado final de la elecci\u00f3n presidencial, Donald Trump est\u00e1 por encima de Biden en las preferencias, en gran medida por preocupaciones sobre la econom\u00eda y la edad del mandatario, seg\u00fan una encuesta reciente del\u00a0<em>New York Times<\/em>. Otras encuestas \u2013CBS News, ABC News\/Ipsos y Morning Consult Bloomberg\u2013 confirman esta tendencia.<\/span><\/p>\n<p><span style=\"font-size: 14pt;\">La encuesta registra que en casi todos los principales temas electoral \u2013econom\u00eda, migraci\u00f3n, guerra de Israel, seguridad nacional\u2013 por m\u00e1s de 10 puntos (22 en caso de la econom\u00eda) la gente conf\u00eda m\u00e1s en Trump que en Biden.<\/span><\/p>\n<p><span style=\"font-size: 14pt;\"><q>La econom\u00eda est\u00e1 mejorando, pero mucha gente no lo ve ni lo siente, y culpan a Biden<\/q>, resumi\u00f3 el columnista Charles Blow al evaluar las encuestas. En entrevistas el mes pasado en Michigan y Ohio, aun los trabajadores automotrices en huelga que finalmente ganaron mejoras en salarios siguen expresando preocupaciones sobre el precio de alimentos y combustibles, entre otros gastos sobre art\u00edculos b\u00e1sicos.\u00a0<q>La inflaci\u00f3n podr\u00eda estar disminuyendo, pero los precios no bajan<\/q>, coment\u00f3 una trabajadora automotriz afroestadunidense.<\/span><\/p>\n<p><span style=\"font-size: 14pt;\">En el an\u00e1lisis de la encuesta, el\u00a0<em>New York Times\u00a0<\/em>concluy\u00f3 que\u00a0<q>el deterioro en el apoyo a Biden es amplio en casi todo grupo demogr\u00e1fico, pero muestra un golpe especialmente profundo entre los votantes j\u00f3venes, los afroestadunidenses y los hispanos, mientras Trump va obteniendo niveles de apoyo antes inimaginables con ellos<\/q>.<\/span><\/p>\n<p><span style=\"font-size: 14pt;\">Biden a\u00fan tiene el apoyo de la mayor\u00eda de los afroestadunidenses y latinos, pero esa encuesta registr\u00f3 una reducci\u00f3n significativa y alarmante. En lugar de consolidar el apoyo abrumador de estos dos grupos demogr\u00e1ficos, la encuesta del\u00a0<em>Times<\/em>\u00a0encontr\u00f3 que hoy d\u00eda 42 por ciento de los latinos y 22 por ciento de los afroestadunidenses favorecen a Trump.<\/span><\/p>\n","protected":false},"excerpt":{"rendered":"<p>A un a\u00f1o de los comicios, diversos indicadores elevan la alarma sobre si el presidente Joe Biden podr\u00eda perder la<\/p>\n","protected":false},"author":4,"featured_media":20338,"comment_status":"closed","ping_status":"closed","sticky":false,"template":"","format":"standard","meta":{"colormag_page_container_layout":"default_layout","colormag_page_sidebar_layout":"default_layout","_jetpack_memberships_contains_paid_content":false,"footnotes":"","jetpack_publicize_message":"","jetpack_publicize_feature_enabled":true,"jetpack_social_post_already_shared":true,"jetpack_social_options":{"image_generator_settings":{"template":"highway","default_image_id":0,"font":"","enabled":false},"version":2}},"categories":[355],"tags":[],"class_list":["post-20337","post","type-post","status-publish","format-standard","has-post-thumbnail","hentry","category-internacional"],"jetpack_publicize_connections":[],"jetpack_featured_media_url":"https:\/\/noticiasveracruz.com\/wp-content\/uploads\/2023\/11\/65516eaf77b41.jpeg","jetpack_sharing_enabled":true,"publishpress_future_action":{"enabled":false,"date":"2026-05-06 22:18:31","action":"change-status","newStatus":"draft","terms":[],"taxonomy":"category","extraData":[]},"publishpress_future_workflow_manual_trigger":{"enabledWorkflows":[]},"_links":{"self":[{"href":"https:\/\/noticiasveracruz.com\/index.php\/wp-json\/wp\/v2\/posts\/20337","targetHints":{"allow":["GET"]}}],"collection":[{"href":"https:\/\/noticiasveracruz.com\/index.php\/wp-json\/wp\/v2\/posts"}],"about":[{"href":"https:\/\/noticiasveracruz.com\/index.php\/wp-json\/wp\/v2\/types\/post"}],"author":[{"embeddable":true,"href":"https:\/\/noticiasveracruz.com\/index.php\/wp-json\/wp\/v2\/users\/4"}],"replies":[{"embeddable":true,"href":"https:\/\/noticiasveracruz.com\/index.php\/wp-json\/wp\/v2\/comments?post=20337"}],"version-history":[{"count":0,"href":"https:\/\/noticiasveracruz.com\/index.php\/wp-json\/wp\/v2\/posts\/20337\/revisions"}],"wp:featuredmedia":[{"embeddable":true,"href":"https:\/\/noticiasveracruz.com\/index.php\/wp-json\/wp\/v2\/media\/20338"}],"wp:attachment":[{"href":"https:\/\/noticiasveracruz.com\/index.php\/wp-json\/wp\/v2\/media?parent=20337"}],"wp:term":[{"taxonomy":"category","embeddable":true,"href":"https:\/\/noticiasveracruz.com\/index.php\/wp-json\/wp\/v2\/categories?post=20337"},{"taxonomy":"post_tag","embeddable":true,"href":"https:\/\/noticiasveracruz.com\/index.php\/wp-json\/wp\/v2\/tags?post=20337"}],"curies":[{"name":"wp","href":"https:\/\/api.w.org\/{rel}","templated":true}]}}