{"id":20279,"date":"2023-11-10T09:18:33","date_gmt":"2023-11-10T15:18:33","guid":{"rendered":"https:\/\/noticiasveracruz.com\/?p=20279"},"modified":"2023-11-10T09:18:33","modified_gmt":"2023-11-10T15:18:33","slug":"presentan-convocatoria-para-la-medalla-adolfo-ruiz-cortines-2023","status":"publish","type":"post","link":"https:\/\/noticiasveracruz.com\/index.php\/2023\/11\/10\/presentan-convocatoria-para-la-medalla-adolfo-ruiz-cortines-2023\/","title":{"rendered":"Presentan Convocatoria para la  Medalla \u201cAdolfo Ruiz Cortines\u201d 2023"},"content":{"rendered":"<p><span style=\"font-size: 14pt;\">Xalapa.- En cumplimiento a lo dispuesto en los art\u00edculos 1, 19, 20 y 21 de la Ley de Premios del Estado, este jueves, en el Palacio Legislativo, fue instalada la Comisi\u00f3n Especial para el Otorgamiento de la Medalla y Diploma \u201cAdolfo Ruiz Cortines\u201d 2023.<\/span><\/p>\n<p><span style=\"font-size: 14pt;\">En la reuni\u00f3n, los diputados Magaly Armenta Oliveros, presidenta, Jaime Enrique de la Garza Mart\u00ednez, secretario, Ana Miriam Ferr\u00e1ez Centeno, Paul Mart\u00ednez Marie, Lourdes Ju\u00e1rez Lara y Citlali Medell\u00edn Careaga, vocales de la Comisi\u00f3n Especial, aprobaron e instruyeron publicar la Convocatoria que norma el procedimiento a seguir.<\/span><\/p>\n<p><img loading=\"lazy\" decoding=\"async\" class=\"alignnone size-medium wp-image-20281\" src=\"http:\/\/noticiasveracruz.com\/wp-content\/uploads\/2023\/11\/8c2-300x200.jpg\" alt=\"\" width=\"300\" height=\"200\" srcset=\"https:\/\/noticiasveracruz.com\/wp-content\/uploads\/2023\/11\/8c2-300x200.jpg 300w, https:\/\/noticiasveracruz.com\/wp-content\/uploads\/2023\/11\/8c2-1024x684.jpg 1024w, https:\/\/noticiasveracruz.com\/wp-content\/uploads\/2023\/11\/8c2-768x513.jpg 768w, https:\/\/noticiasveracruz.com\/wp-content\/uploads\/2023\/11\/8c2-1536x1025.jpg 1536w, https:\/\/noticiasveracruz.com\/wp-content\/uploads\/2023\/11\/8c2.jpg 1600w\" sizes=\"auto, (max-width: 300px) 100vw, 300px\" \/><\/p>\n<p><span style=\"font-size: 14pt;\">De esta manera, el Congreso del Estado convoca a asociaciones civiles y culturales, clubes de servicio, sindicatos, barras, agrupaciones y ciudadanos en general, para que propongan al ciudadano o la ciudadana con los m\u00e9ritos suficientes para recibir la Medalla y Diploma \u201cAdolfo Ruiz Cortines\u201d 2023.<\/span><\/p>\n<p><span style=\"font-size: 14pt;\">De acuerdo con el documento, el periodo para la recepci\u00f3n de propuestas, mismas que deber\u00e1n adjuntar una semblanza y exposici\u00f3n de motivos, abarca del 13 al 24 de noviembre, en d\u00edas h\u00e1biles, de 09:00 a 18:00 horas, en la oficina de la diputada Magaly Armenta Oliveros, del Palacio Legislativo.<\/span><\/p>\n<p><span style=\"font-size: 14pt;\">Al t\u00e9rmino de esta etapa, la Comisi\u00f3n seleccionar\u00e1, de entre las personas e instituciones propuestas, a las tres de mayor m\u00e9rito y emitir\u00e1 el Dictamen correspondiente que ser\u00e1 puesto a consideraci\u00f3n del Pleno del Congreso, que decidir\u00e1 a qui\u00e9n se otorga esta distinci\u00f3n.<\/span><\/p>\n<p><span style=\"font-size: 14pt;\">Esta condecoraci\u00f3n ser\u00e1 entregada en Sesi\u00f3n Solemne en el Recinto Oficial de Sesiones del Palacio Legislativo en la fecha que determine la Junta de Coordinaci\u00f3n Pol\u00edtica.<\/span><\/p>\n","protected":false},"excerpt":{"rendered":"<p>Xalapa.- En cumplimiento a lo dispuesto en los art\u00edculos 1, 19, 20 y 21 de la Ley de Premios del<\/p>\n","protected":false},"author":4,"featured_media":20280,"comment_status":"closed","ping_status":"closed","sticky":false,"template":"","format":"standard","meta":{"colormag_page_container_layout":"default_layout","colormag_page_sidebar_layout":"default_layout","_jetpack_memberships_contains_paid_content":false,"footnotes":"","jetpack_publicize_message":"","jetpack_publicize_feature_enabled":true,"jetpack_social_post_already_shared":true,"jetpack_social_options":{"image_generator_settings":{"template":"highway","default_image_id":0,"font":"","enabled":false},"version":2}},"categories":[356],"tags":[],"class_list":["post-20279","post","type-post","status-publish","format-standard","has-post-thumbnail","hentry","category-veracruz"],"jetpack_publicize_connections":[],"jetpack_featured_media_url":"https:\/\/noticiasveracruz.com\/wp-content\/uploads\/2023\/11\/8c.jpg","jetpack_sharing_enabled":true,"publishpress_future_action":{"enabled":false,"date":"2026-05-08 07:05:59","action":"change-status","newStatus":"draft","terms":[],"taxonomy":"category","extraData":[]},"publishpress_future_workflow_manual_trigger":{"enabledWorkflows":[]},"_links":{"self":[{"href":"https:\/\/noticiasveracruz.com\/index.php\/wp-json\/wp\/v2\/posts\/20279","targetHints":{"allow":["GET"]}}],"collection":[{"href":"https:\/\/noticiasveracruz.com\/index.php\/wp-json\/wp\/v2\/posts"}],"about":[{"href":"https:\/\/noticiasveracruz.com\/index.php\/wp-json\/wp\/v2\/types\/post"}],"author":[{"embeddable":true,"href":"https:\/\/noticiasveracruz.com\/index.php\/wp-json\/wp\/v2\/users\/4"}],"replies":[{"embeddable":true,"href":"https:\/\/noticiasveracruz.com\/index.php\/wp-json\/wp\/v2\/comments?post=20279"}],"version-history":[{"count":0,"href":"https:\/\/noticiasveracruz.com\/index.php\/wp-json\/wp\/v2\/posts\/20279\/revisions"}],"wp:featuredmedia":[{"embeddable":true,"href":"https:\/\/noticiasveracruz.com\/index.php\/wp-json\/wp\/v2\/media\/20280"}],"wp:attachment":[{"href":"https:\/\/noticiasveracruz.com\/index.php\/wp-json\/wp\/v2\/media?parent=20279"}],"wp:term":[{"taxonomy":"category","embeddable":true,"href":"https:\/\/noticiasveracruz.com\/index.php\/wp-json\/wp\/v2\/categories?post=20279"},{"taxonomy":"post_tag","embeddable":true,"href":"https:\/\/noticiasveracruz.com\/index.php\/wp-json\/wp\/v2\/tags?post=20279"}],"curies":[{"name":"wp","href":"https:\/\/api.w.org\/{rel}","templated":true}]}}