{"id":20263,"date":"2023-11-10T09:00:10","date_gmt":"2023-11-10T15:00:10","guid":{"rendered":"https:\/\/noticiasveracruz.com\/?p=20263"},"modified":"2023-11-10T09:00:10","modified_gmt":"2023-11-10T15:00:10","slug":"premio-carlos-fuentes-a-poniatowska","status":"publish","type":"post","link":"https:\/\/noticiasveracruz.com\/index.php\/2023\/11\/10\/premio-carlos-fuentes-a-poniatowska\/","title":{"rendered":"Premio Carlos Fuentes a Poniatowska"},"content":{"rendered":"<div id=\"article-content-tts\" class=\"nota-contenido mb-5\">\n<div id=\"content_nitf\">\n<div class=\"col col1\">\n<p class=\"s-s\"><span style=\"font-size: 14pt;\">Recibo el premio que \u00e9l me env\u00eda con un gui\u00f1o: \u2018Ah\u00ed te va, Poni, te lo ten\u00eda guardado\u2019\u201d, dijo con humor la escritora y periodista Elena Poniatowska (1932) en la ceremonia de entrega del Premio Internacional Carlos Fuentes a la Creaci\u00f3n Literaria en el Idioma Espa\u00f1ol 2023, efectuada ayer en el teatro del Palacio de Bellas Artes.<\/span><\/p>\n<p><span style=\"font-size: 14pt;\">\u201cNunca cre\u00ed que vivir\u00eda m\u00e1s que \u00e9l o que Jos\u00e9 Emilio Pacheco, Carlos Monsiv\u00e1is y Vicente Rojo, mis compa\u00f1eros de trabajo en el diario <em>M\u00e9xico en la Cultura\u201d, <\/em>continu\u00f3.<\/span><\/p>\n<p><span style=\"font-size: 14pt;\">En 1953, Poniatowska inici\u00f3 su carrera en el periodismo con la intenci\u00f3n de documentar ese M\u00e9xico que se convirti\u00f3 en su hogar, y comenz\u00f3 la escritura de \u201cmiles de p\u00e1ginas fervorosas que abarcan personajes que me impactaron, desde Alfonso Reyes hasta el estudiante de la <em>prepa <\/em>en Coyoac\u00e1n; desde Mar\u00eda F\u00e9lix hasta Jesusa Palancares, quien al lado de varias soldaderas paraliz\u00f3 a toda la Rep\u00fablica al acostarse con sus enaguas sobre los rieles e impedir, durante la Revoluci\u00f3n Mexicana, el arranque de la locomotora en 1910\u201d.<\/span><\/p>\n<p><span style=\"font-size: 14pt;\">A sus 91 a\u00f1os, Elenita, como le dicen de cari\u00f1o sus amigos y lectores, expres\u00f3: <q>todav\u00eda soy una locomotora<\/q>, igual que esas hero\u00ednas que document\u00f3. Eso s\u00ed, a lo largo de 70 a\u00f1os, a\u00f1adi\u00f3, \u201cnunca abandon\u00e9 el por qu\u00e9, d\u00f3nde, cu\u00e1ndo y c\u00f3mo, las primeras preguntas del periodismo. Quiz\u00e1s habr\u00eda tenido m\u00e1s seguridad en m\u00ed misma de nacer en M\u00e9xico, pero me trajeron de Par\u00eds y sigo preguntando lo mismo.<\/span><\/p>\n<p><span style=\"font-size: 14pt;\"><q>Vi\u00e9ndolo bien, mi vida ha sido un inmenso signo de interrogaci\u00f3n; ahora sigo pregunt\u00e1ndome c\u00f3mo hacer las cosas y qu\u00e9 va a pasar con M\u00e9xico; cu\u00e1l va ser el destino de mis 10 nietos y el de todos los ni\u00f1os de nuestro pa\u00eds<\/q>, plante\u00f3 la articulista de <em>La Jornada .<\/em><\/span><\/p>\n<p><span style=\"font-size: 14pt;\">Para Poniatowska, recibir un premio que lleva el nombre de Carlos Fuentes, a quien conoci\u00f3 desde los a\u00f1os 50, <q>cuando a\u00fan no sab\u00edamos cu\u00e1l ser\u00eda nuestra vocaci\u00f3n<\/q>, equivale a <q>levantar la vista sorprendida por un estallido de luces que gira en el cielo como la Rueda de la Fortuna gira sobre la tierra<\/q>.<\/span><\/p>\n<\/div>\n<div class=\"col col2\">\n<p><span style=\"font-size: 14pt;\">Record\u00f3 que su entra\u00f1able amigo era \u201cel m\u00e1s vital, el m\u00e1s alerta, el m\u00e1s enterado de los j\u00f3venes creadores de su generaci\u00f3n. Desbordaba vida y audacia. Estaba en todo, lo sab\u00eda todo, conquistaba a la \u2018ni\u00f1a bien\u2019 y a Gladys Garc\u00eda de ojos de capul\u00edn; entraba al Sal\u00f3n M\u00e9xico y a la sala Manuel M. Ponce\u201d.<\/span><\/p>\n<p><span style=\"font-size: 14pt;\">La premiada insisti\u00f3 en el <q>estallido creativo<\/q> de Fuentes, porque <q>a todos nos alcanz\u00f3, y porque esa misma capacidad creadora le impidi\u00f3 envejecer. Supo muy pronto cu\u00e1l ser\u00eda su vocaci\u00f3n<\/q>.<\/span><\/p>\n<p><span style=\"font-size: 14pt;\">Fuentes, sigui\u00f3, \u201csiempre gir\u00f3 en un campo magn\u00e9tico desde que desenterr\u00f3 <em>El espejo enterrado.<\/em> M\u00e1s que otros grandes mexicanos, represent\u00f3, para la generaci\u00f3n de los a\u00f1os 50, el surgimiento de un viento de libertad\u201d.<\/span><\/p>\n<p><span style=\"font-size: 14pt;\">Fuentes levant\u00f3 sobre las p\u00e1ginas en blanco <q>una escritura que nos engrandece<\/q>. Poniatowska hizo votos para que los presentes <q>salgan de aqu\u00ed con la certeza de que ser amiga y recordar a Carlos Fuentes es un regalo tan valioso como fue el propio Fuentes, un mexicano que trajo muy buena suerte a M\u00e9xico y seguir\u00e1 tray\u00e9ndosela a creadores que hoy por hoy todav\u00eda son adolescentes<\/q>.<\/span><\/p>\n<p><span style=\"font-size: 14pt;\">En su intervenci\u00f3n, Silvia Lemus, viuda de Fuentes, retom\u00f3 las palabras del escritor sobre la galardonada: <q>Siempre admiro su convicci\u00f3n y su valor. No siempre estoy de acuerdo con ella en sus juicios, pero por fortuna hoy la democracia mexicana se hace de acuerdos y desacuerdos l\u00edcitos, respetables y respetados. Lo importante de Elena es que sus posiciones en la calle no disminuyen ni suplantan sus devociones en la casa: el amor a sus hijos, la fidelidad a sus amigos, la entrega a sus letras<\/q>.<\/span><\/p>\n<p><span style=\"font-size: 14pt;\">Se refiri\u00f3 cari\u00f1osamente as\u00ed a la galardonada: <q>la conoc\u00ed de peque\u00f1a, disfrazada de gatito<\/q>.<\/span><\/p>\n<p><span style=\"font-size: 14pt;\">Elena Poniatowska acudi\u00f3 a la ceremonia ataviada con el traje juchiteco que le fue regalado hace a\u00f1os con la recomendaci\u00f3n de siempre pon\u00e9rselo en momentos de relevancia.<\/span><\/p>\n<\/div>\n<\/div>\n<\/div>\n","protected":false},"excerpt":{"rendered":"<p>Recibo el premio que \u00e9l me env\u00eda con un gui\u00f1o: \u2018Ah\u00ed te va, Poni, te lo ten\u00eda guardado\u2019\u201d, dijo con<\/p>\n","protected":false},"author":4,"featured_media":20264,"comment_status":"closed","ping_status":"closed","sticky":false,"template":"","format":"standard","meta":{"colormag_page_container_layout":"default_layout","colormag_page_sidebar_layout":"default_layout","_jetpack_memberships_contains_paid_content":false,"footnotes":"","jetpack_publicize_message":"","jetpack_publicize_feature_enabled":true,"jetpack_social_post_already_shared":true,"jetpack_social_options":{"image_generator_settings":{"template":"highway","default_image_id":0,"font":"","enabled":false},"version":2}},"categories":[358],"tags":[],"class_list":["post-20263","post","type-post","status-publish","format-standard","has-post-thumbnail","hentry","category-cultura"],"jetpack_publicize_connections":[],"jetpack_featured_media_url":"https:\/\/noticiasveracruz.com\/wp-content\/uploads\/2023\/11\/ca-times.brightspotcdn-2.jpg","jetpack_sharing_enabled":true,"publishpress_future_action":{"enabled":false,"date":"2026-05-08 02:55:30","action":"change-status","newStatus":"draft","terms":[],"taxonomy":"category","extraData":[]},"publishpress_future_workflow_manual_trigger":{"enabledWorkflows":[]},"_links":{"self":[{"href":"https:\/\/noticiasveracruz.com\/index.php\/wp-json\/wp\/v2\/posts\/20263","targetHints":{"allow":["GET"]}}],"collection":[{"href":"https:\/\/noticiasveracruz.com\/index.php\/wp-json\/wp\/v2\/posts"}],"about":[{"href":"https:\/\/noticiasveracruz.com\/index.php\/wp-json\/wp\/v2\/types\/post"}],"author":[{"embeddable":true,"href":"https:\/\/noticiasveracruz.com\/index.php\/wp-json\/wp\/v2\/users\/4"}],"replies":[{"embeddable":true,"href":"https:\/\/noticiasveracruz.com\/index.php\/wp-json\/wp\/v2\/comments?post=20263"}],"version-history":[{"count":0,"href":"https:\/\/noticiasveracruz.com\/index.php\/wp-json\/wp\/v2\/posts\/20263\/revisions"}],"wp:featuredmedia":[{"embeddable":true,"href":"https:\/\/noticiasveracruz.com\/index.php\/wp-json\/wp\/v2\/media\/20264"}],"wp:attachment":[{"href":"https:\/\/noticiasveracruz.com\/index.php\/wp-json\/wp\/v2\/media?parent=20263"}],"wp:term":[{"taxonomy":"category","embeddable":true,"href":"https:\/\/noticiasveracruz.com\/index.php\/wp-json\/wp\/v2\/categories?post=20263"},{"taxonomy":"post_tag","embeddable":true,"href":"https:\/\/noticiasveracruz.com\/index.php\/wp-json\/wp\/v2\/tags?post=20263"}],"curies":[{"name":"wp","href":"https:\/\/api.w.org\/{rel}","templated":true}]}}