{"id":20259,"date":"2023-11-10T08:57:28","date_gmt":"2023-11-10T14:57:28","guid":{"rendered":"https:\/\/noticiasveracruz.com\/?p=20259"},"modified":"2023-11-10T08:57:28","modified_gmt":"2023-11-10T14:57:28","slug":"el-exodo-palestino","status":"publish","type":"post","link":"https:\/\/noticiasveracruz.com\/index.php\/2023\/11\/10\/el-exodo-palestino\/","title":{"rendered":"El \u00e9xodo palestino"},"content":{"rendered":"<p class=\"s-s\"><span style=\"font-size: 14pt;\">Gaza. Las fuerzas israel\u00edes luchaban ayer contra militantes de Hamas entre edificios en ruinas en el norte de la franja de Gaza, acerc\u00e1ndose cada vez m\u00e1s a los grandes hospitales de Al Shifa y Al Quds, mientras miles de palestinos hu\u00edan hacia el sur por un peligroso camino, donde sorteaban tanques y cad\u00e1veres insepultos junto con los bombardeos sin tregua.<\/span><\/p>\n<p><span style=\"font-size: 14pt;\">Israel orden\u00f3 nuevamente ayer a los residentes que evacuaran del norte de Gaza. Sin embargo, muchos permanecen en la zona, mientras a su alrededor se libran batallas terrestres y contin\u00faan los ataques a\u00e9reos desde Tel Aviv.<\/span><\/p>\n<p><span style=\"font-size: 14pt;\">Las tropas de Benjamin Netanyahu estaban a 3 kil\u00f3metros del hospital Al Shifa, en el centro de la ciudad de Gaza, indic\u00f3 su director, Mohammed Abu Selmia. En el nosocomio, desbordado por la constante llegada de heridos, est\u00e1n hacinadas cientos de familias en tiendas de campa\u00f1a.<\/span><\/p>\n<p><span style=\"font-size: 14pt;\">Seg\u00fan el ej\u00e9rcito israel\u00ed, el principal centro de mando de Hamas est\u00e1 dentro y debajo del complejo hospitalario de Al Shifa, y los altos cargos del grupo insurgente se esconden all\u00ed, utilizando las instalaciones como escudo. Tanto el movimiento islamita como el personal del centro niegan esa acusaci\u00f3n y sostienen que el ej\u00e9rcito busca un pretexto para atacarlo.<\/span><\/p>\n<p><img loading=\"lazy\" decoding=\"async\" class=\"alignnone size-medium wp-image-20260\" src=\"http:\/\/noticiasveracruz.com\/wp-content\/uploads\/2023\/11\/da7219a4-c2d0-4afe-9d60-599a950841a1_alta-libre-aspect-ratio_default_0-300x169.jpg\" alt=\"\" width=\"300\" height=\"169\" srcset=\"https:\/\/noticiasveracruz.com\/wp-content\/uploads\/2023\/11\/da7219a4-c2d0-4afe-9d60-599a950841a1_alta-libre-aspect-ratio_default_0-300x169.jpg 300w, https:\/\/noticiasveracruz.com\/wp-content\/uploads\/2023\/11\/da7219a4-c2d0-4afe-9d60-599a950841a1_alta-libre-aspect-ratio_default_0-1024x576.jpg 1024w, https:\/\/noticiasveracruz.com\/wp-content\/uploads\/2023\/11\/da7219a4-c2d0-4afe-9d60-599a950841a1_alta-libre-aspect-ratio_default_0-768x432.jpg 768w, https:\/\/noticiasveracruz.com\/wp-content\/uploads\/2023\/11\/da7219a4-c2d0-4afe-9d60-599a950841a1_alta-libre-aspect-ratio_default_0.jpg 1200w\" sizes=\"auto, (max-width: 300px) 100vw, 300px\" \/><\/p>\n<p><span style=\"font-size: 14pt;\">Miles de gazat\u00edes, que caminaban entre tanques israel\u00edes y cad\u00e1veres por un paso fronterizo para salir de la ciudad cercada de Gaza, relataron que tem\u00edan una nueva <em>Nakba<\/em> (cat\u00e1strofe, en \u00e1rabe), que signific\u00f3 su expulsi\u00f3n masiva tras la fundaci\u00f3n de Israel en 1948.<\/span><\/p>\n<p><span style=\"font-size: 14pt;\">Los enfrentamientos y bombardeos en torno a la carretera principal Salah al-Din, la \u00fanica v\u00eda de escape para los civiles que huyen de un asedio cada vez m\u00e1s intenso, continuaban lo que pone en peligro a los desplazados, indic\u00f3 la Oficina de la ONU para la Coordinaci\u00f3n de Asuntos Humanitarios.<\/span><\/p>\n<p><span style=\"font-size: 14pt;\"><q>\u00bfC\u00f3mo se ven las cosas detr\u00e1s de nosotros? Destrucci\u00f3n y muerte. Salimos con miedo<\/q>, relat\u00f3 una mujer que se identific\u00f3 como Um Hassan. <q>Somos el pobre pueblo palestino cuyas casas fueron destruidas<\/q>, dijo, lo que calific\u00f3 como una segunda <em>Nakba<\/em>. La guerra de 1948, cuando los palestinos huyeron o fueron expulsados de sus hogares, est\u00e1 tatuada en su memoria colectiva. Muchos han expresado su temor a que, si ahora se les obliga a abandonar sus hogares, al igual que a sus antepasados, nunca se les permita regresar.<\/span><\/p>\n","protected":false},"excerpt":{"rendered":"<p>Gaza. Las fuerzas israel\u00edes luchaban ayer contra militantes de Hamas entre edificios en ruinas en el norte de la franja<\/p>\n","protected":false},"author":4,"featured_media":20261,"comment_status":"closed","ping_status":"closed","sticky":false,"template":"","format":"standard","meta":{"colormag_page_container_layout":"default_layout","colormag_page_sidebar_layout":"default_layout","_jetpack_memberships_contains_paid_content":false,"footnotes":"","jetpack_publicize_message":"","jetpack_publicize_feature_enabled":true,"jetpack_social_post_already_shared":true,"jetpack_social_options":{"image_generator_settings":{"template":"highway","default_image_id":0,"font":"","enabled":false},"version":2}},"categories":[355],"tags":[],"class_list":["post-20259","post","type-post","status-publish","format-standard","has-post-thumbnail","hentry","category-internacional"],"jetpack_publicize_connections":[],"jetpack_featured_media_url":"https:\/\/noticiasveracruz.com\/wp-content\/uploads\/2023\/11\/img2.rtve_.jpg","jetpack_sharing_enabled":true,"publishpress_future_action":{"enabled":false,"date":"2026-05-08 03:53:48","action":"change-status","newStatus":"draft","terms":[],"taxonomy":"category","extraData":[]},"publishpress_future_workflow_manual_trigger":{"enabledWorkflows":[]},"_links":{"self":[{"href":"https:\/\/noticiasveracruz.com\/index.php\/wp-json\/wp\/v2\/posts\/20259","targetHints":{"allow":["GET"]}}],"collection":[{"href":"https:\/\/noticiasveracruz.com\/index.php\/wp-json\/wp\/v2\/posts"}],"about":[{"href":"https:\/\/noticiasveracruz.com\/index.php\/wp-json\/wp\/v2\/types\/post"}],"author":[{"embeddable":true,"href":"https:\/\/noticiasveracruz.com\/index.php\/wp-json\/wp\/v2\/users\/4"}],"replies":[{"embeddable":true,"href":"https:\/\/noticiasveracruz.com\/index.php\/wp-json\/wp\/v2\/comments?post=20259"}],"version-history":[{"count":0,"href":"https:\/\/noticiasveracruz.com\/index.php\/wp-json\/wp\/v2\/posts\/20259\/revisions"}],"wp:featuredmedia":[{"embeddable":true,"href":"https:\/\/noticiasveracruz.com\/index.php\/wp-json\/wp\/v2\/media\/20261"}],"wp:attachment":[{"href":"https:\/\/noticiasveracruz.com\/index.php\/wp-json\/wp\/v2\/media?parent=20259"}],"wp:term":[{"taxonomy":"category","embeddable":true,"href":"https:\/\/noticiasveracruz.com\/index.php\/wp-json\/wp\/v2\/categories?post=20259"},{"taxonomy":"post_tag","embeddable":true,"href":"https:\/\/noticiasveracruz.com\/index.php\/wp-json\/wp\/v2\/tags?post=20259"}],"curies":[{"name":"wp","href":"https:\/\/api.w.org\/{rel}","templated":true}]}}