{"id":20235,"date":"2023-11-09T16:14:52","date_gmt":"2023-11-09T22:14:52","guid":{"rendered":"https:\/\/noticiasveracruz.com\/?p=20235"},"modified":"2023-11-09T16:14:52","modified_gmt":"2023-11-09T22:14:52","slug":"20235","status":"publish","type":"post","link":"https:\/\/noticiasveracruz.com\/index.php\/2023\/11\/09\/20235\/","title":{"rendered":""},"content":{"rendered":"<p><span style=\"font-size: 14pt;\">Tuxpan, Ver.- Para contribuir al sano desarrollo de la poblaci\u00f3n, y preservar la salud visual de las familias tuxpe\u00f1as, se llev\u00f3 a cabo una jornada m\u00e1s de salud visual en los bajos de presidencia municipal.<\/span><\/p>\n<p><img loading=\"lazy\" decoding=\"async\" class=\"alignnone size-medium wp-image-20238\" src=\"http:\/\/noticiasveracruz.com\/wp-content\/uploads\/2023\/11\/WhatsApp-Image-2023-11-09-at-15.46.22-300x199.jpeg\" alt=\"\" width=\"300\" height=\"199\" srcset=\"https:\/\/noticiasveracruz.com\/wp-content\/uploads\/2023\/11\/WhatsApp-Image-2023-11-09-at-15.46.22-300x199.jpeg 300w, https:\/\/noticiasveracruz.com\/wp-content\/uploads\/2023\/11\/WhatsApp-Image-2023-11-09-at-15.46.22-1024x681.jpeg 1024w, https:\/\/noticiasveracruz.com\/wp-content\/uploads\/2023\/11\/WhatsApp-Image-2023-11-09-at-15.46.22-768x511.jpeg 768w, https:\/\/noticiasveracruz.com\/wp-content\/uploads\/2023\/11\/WhatsApp-Image-2023-11-09-at-15.46.22.jpeg 1280w\" sizes=\"auto, (max-width: 300px) 100vw, 300px\" \/><\/p>\n<p><span style=\"font-size: 14pt;\">Especialistas del Grupo \u00d3ptico del Totonacapan aplicaron ex\u00e1menes de la vista de manera gratuita para detectar oportunamente cualquier enfermedad ocular que puedan padecer ni\u00f1as, ni\u00f1os y adultos, y determinar si requieren lentes, estudios o tratamientos adicionales.<\/span><\/p>\n<p><img loading=\"lazy\" decoding=\"async\" class=\"alignnone size-medium wp-image-20237\" src=\"http:\/\/noticiasveracruz.com\/wp-content\/uploads\/2023\/11\/WhatsApp-Image-2023-11-09-at-15.46.221-300x199.jpeg\" alt=\"\" width=\"300\" height=\"199\" srcset=\"https:\/\/noticiasveracruz.com\/wp-content\/uploads\/2023\/11\/WhatsApp-Image-2023-11-09-at-15.46.221-300x199.jpeg 300w, https:\/\/noticiasveracruz.com\/wp-content\/uploads\/2023\/11\/WhatsApp-Image-2023-11-09-at-15.46.221-1024x681.jpeg 1024w, https:\/\/noticiasveracruz.com\/wp-content\/uploads\/2023\/11\/WhatsApp-Image-2023-11-09-at-15.46.221-768x511.jpeg 768w, https:\/\/noticiasveracruz.com\/wp-content\/uploads\/2023\/11\/WhatsApp-Image-2023-11-09-at-15.46.221.jpeg 1280w\" sizes=\"auto, (max-width: 300px) 100vw, 300px\" \/><\/p>\n<p><span style=\"font-size: 14pt;\">Adem\u00e1s, se ofrecieron anteojos a muy bajo costo, en apoyo a la econom\u00eda familiar.<\/span><\/p>\n<p><span style=\"font-size: 14pt;\">A trav\u00e9s de estas campa\u00f1as que realiza la Sindicatura \u00danica, a cargo de la Mtra. Beatriz Pi\u00f1a Vergara, se ha beneficiado a una gran cantidad de personas en situaci\u00f3n vulnerable.<\/span><\/p>\n<p><span style=\"font-size: 14pt;\">La s\u00edndica invit\u00f3 a la ciudadan\u00eda a asistir cada jueves a la planta baja de presidencia municipal, de 10:00 a 15:00 horas, y beneficiarse con estas jornadas.<\/span><\/p>\n<p><span style=\"font-size: 14pt;\">El Gobierno de Tuxpan que encabeza el Lic. Jos\u00e9 Manuel Pozos Castro mantiene una atenci\u00f3n permanente a la ciudadan\u00eda en temas prioritarios como la salud.<\/span><\/p>\n","protected":false},"excerpt":{"rendered":"<p>Tuxpan, Ver.- Para contribuir al sano desarrollo de la poblaci\u00f3n, y preservar la salud visual de las familias tuxpe\u00f1as, se<\/p>\n","protected":false},"author":4,"featured_media":20236,"comment_status":"closed","ping_status":"closed","sticky":false,"template":"","format":"standard","meta":{"colormag_page_container_layout":"default_layout","colormag_page_sidebar_layout":"default_layout","_jetpack_memberships_contains_paid_content":false,"footnotes":"","jetpack_publicize_message":"","jetpack_publicize_feature_enabled":true,"jetpack_social_post_already_shared":true,"jetpack_social_options":{"image_generator_settings":{"template":"highway","default_image_id":0,"font":"","enabled":false},"version":2}},"categories":[356],"tags":[],"class_list":["post-20235","post","type-post","status-publish","format-standard","has-post-thumbnail","hentry","category-veracruz"],"jetpack_publicize_connections":[],"jetpack_featured_media_url":"https:\/\/noticiasveracruz.com\/wp-content\/uploads\/2023\/11\/WhatsApp-Image-2023-11-09-at-15.46.21.jpeg","jetpack_sharing_enabled":true,"publishpress_future_action":{"enabled":false,"date":"2026-05-10 08:41:32","action":"change-status","newStatus":"draft","terms":[],"taxonomy":"category","extraData":[]},"publishpress_future_workflow_manual_trigger":{"enabledWorkflows":[]},"_links":{"self":[{"href":"https:\/\/noticiasveracruz.com\/index.php\/wp-json\/wp\/v2\/posts\/20235","targetHints":{"allow":["GET"]}}],"collection":[{"href":"https:\/\/noticiasveracruz.com\/index.php\/wp-json\/wp\/v2\/posts"}],"about":[{"href":"https:\/\/noticiasveracruz.com\/index.php\/wp-json\/wp\/v2\/types\/post"}],"author":[{"embeddable":true,"href":"https:\/\/noticiasveracruz.com\/index.php\/wp-json\/wp\/v2\/users\/4"}],"replies":[{"embeddable":true,"href":"https:\/\/noticiasveracruz.com\/index.php\/wp-json\/wp\/v2\/comments?post=20235"}],"version-history":[{"count":0,"href":"https:\/\/noticiasveracruz.com\/index.php\/wp-json\/wp\/v2\/posts\/20235\/revisions"}],"wp:featuredmedia":[{"embeddable":true,"href":"https:\/\/noticiasveracruz.com\/index.php\/wp-json\/wp\/v2\/media\/20236"}],"wp:attachment":[{"href":"https:\/\/noticiasveracruz.com\/index.php\/wp-json\/wp\/v2\/media?parent=20235"}],"wp:term":[{"taxonomy":"category","embeddable":true,"href":"https:\/\/noticiasveracruz.com\/index.php\/wp-json\/wp\/v2\/categories?post=20235"},{"taxonomy":"post_tag","embeddable":true,"href":"https:\/\/noticiasveracruz.com\/index.php\/wp-json\/wp\/v2\/tags?post=20235"}],"curies":[{"name":"wp","href":"https:\/\/api.w.org\/{rel}","templated":true}]}}