{"id":20221,"date":"2023-11-09T12:30:51","date_gmt":"2023-11-09T18:30:51","guid":{"rendered":"https:\/\/noticiasveracruz.com\/?p=20221"},"modified":"2023-11-09T12:30:51","modified_gmt":"2023-11-09T18:30:51","slug":"la-terna-para-relevar-a-zaldivar-sera-de-mujeres-amlo","status":"publish","type":"post","link":"https:\/\/noticiasveracruz.com\/index.php\/2023\/11\/09\/la-terna-para-relevar-a-zaldivar-sera-de-mujeres-amlo\/","title":{"rendered":"La terna para relevar a Zald\u00edvar ser\u00e1 de mujeres: AMLO"},"content":{"rendered":"<div class=\"col col1\">\n<p class=\"s-s\"><span style=\"font-size: 14pt;\">El presidente Andr\u00e9s Manuel L\u00f3pez Obrador acept\u00f3 la renuncia de Arturo Zald\u00edvar como ministro de la Suprema Corte de Justicia de la Naci\u00f3n (SCJN) y anunci\u00f3 que enviar\u00e1 la terna de propuesta para sustituirlo, precisando que muy probablemente se incline porque sean puras mujeres. En principio, ser\u00eda una designaci\u00f3n para terminar el periodo de Zald\u00edvar, esto es, a 2024.<\/span><\/p>\n<p><span style=\"font-size: 14pt;\">\u2013\u00bfEs un a\u00f1o?<\/span><\/p>\n<p><span style=\"font-size: 14pt;\">\u2013S\u00ed. Concluir el periodo de un a\u00f1o, pero el que quiere servir lo va a hacer ( &#8230;) tengo la informaci\u00f3n que es para que concluya el periodo, pero si se puede para m\u00e1s tiempo, mejor.<\/span><\/p>\n<p><span style=\"font-size: 14pt;\">Sobre la <q>causa grave<\/q> que motiv\u00f3 la dimisi\u00f3n, el mandatario dijo que eso es cuesti\u00f3n de interpretaci\u00f3n, pero cuando alguien ya no quiere estar en un cargo, <q>no se le puede obligar<\/q>. En conferencia, declin\u00f3 pronunciarse sobre la legalidad de incorporarse r\u00e1pidamente al equipo de la coordinadora de la defensa de la Cuarta Transformaci\u00f3n, Claudia Sheinbaum, porque eso deben analizarlo los especialistas, se\u00f1al\u00f3.<\/span><\/p>\n<p><span style=\"font-size: 14pt;\">Sobre la terna que enviar\u00e1 al Senado, desliz\u00f3: \u201cvoy a empezar a ver a qui\u00e9n propongo, a ver si tengo suerte y le atino, porque he propuesto cuatro y dos salieron <em>conservas<\/em>\u201d. No obstante, asegur\u00f3 que no incurrir\u00e1 en la simulaci\u00f3n de antes, cuando enviaban la terna con la consigna de qui\u00e9n quer\u00edan que quedara; en este caso se realizar\u00e1n las propuestas para que los senadores decidan, afirm\u00f3.<\/span><\/p>\n<p><span style=\"font-size: 14pt;\"><q>Lo que s\u00ed debe haber es lealtad al proyecto; no es una lealtad personal. A quienes propuse y nos traicionaron, no fue a m\u00ed, sino al pueblo, al proyecto de transformaci\u00f3n, porque fue votar contra los libros de texto, contra las empresas p\u00fablicas, que son del pueblo.<\/q><\/span><\/p>\n<\/div>\n<div class=\"col col2\">\n<p><span style=\"font-size: 14pt;\">Record\u00f3 que la \u00fanica vez que habl\u00f3 con los dos ministros que \u00e9l propuso y que, insisti\u00f3, lo traicionaron, fue cuando estaba por definirse la preservaci\u00f3n del mando de la Guardia Nacional en la Secretar\u00eda de la Defensa Nacional (Sedena), <q>porque me interesaba mucho el destino de esa corporaci\u00f3n, que nos ha costado mucho levantar<\/q>. Buscaba que no se repitiera la experiencia de la entonces Polic\u00eda Federal, expuso, que se mantuvo en las secretar\u00edas de Gobernaci\u00f3n y de Seguridad, quedando en manos de Genaro Garc\u00eda Luna.<\/span><\/p>\n<p><span style=\"font-size: 14pt;\">Anunci\u00f3 que antes de concluir su sexenio, realizar\u00e1 un nuevo intento, al enviar otra iniciativa de reforma constitucional para que se confirme la adscripci\u00f3n de la Guardia Nacional en la Sedena, porque es posible que quien llegue a la Presidencia cuente con la mayor\u00eda calificada para aprobar cambios a la Constituci\u00f3n.<\/span><\/p>\n<p><span style=\"font-size: 14pt;\"><q>Que no me vengan con el cuento de la militarizaci\u00f3n, \u00bfeh?; ya han enga\u00f1ado y manipulado mucho con eso; que no se olvide que nuestro Ej\u00e9rcito es distinto a otros, este es uno que surge del movimiento revolucionario. Ac\u00e9rquense, platiquen con los soldados, incluso con los mandos. No pongan una barrera de por medio, no act\u00faen de manera dogm\u00e1tica, apliquen el juicio pr\u00e1ctico y hablen con la gente. Son hijos de campesinos, de obreros, de comerciantes, de profesionales, de militares.<\/q><\/span><\/p>\n<\/div>\n","protected":false},"excerpt":{"rendered":"<p>El presidente Andr\u00e9s Manuel L\u00f3pez Obrador acept\u00f3 la renuncia de Arturo Zald\u00edvar como ministro de la Suprema Corte de Justicia<\/p>\n","protected":false},"author":4,"featured_media":20222,"comment_status":"closed","ping_status":"closed","sticky":false,"template":"","format":"standard","meta":{"colormag_page_container_layout":"default_layout","colormag_page_sidebar_layout":"default_layout","_jetpack_memberships_contains_paid_content":false,"footnotes":"","jetpack_publicize_message":"","jetpack_publicize_feature_enabled":true,"jetpack_social_post_already_shared":true,"jetpack_social_options":{"image_generator_settings":{"template":"highway","default_image_id":0,"font":"","enabled":false},"version":2}},"categories":[4],"tags":[],"class_list":["post-20221","post","type-post","status-publish","format-standard","has-post-thumbnail","hentry","category-nacional"],"jetpack_publicize_connections":[],"jetpack_featured_media_url":"https:\/\/noticiasveracruz.com\/wp-content\/uploads\/2023\/11\/Arturo-Zaldivar-1.jpg","jetpack_sharing_enabled":true,"publishpress_future_action":{"enabled":false,"date":"2026-05-08 09:40:14","action":"change-status","newStatus":"draft","terms":[],"taxonomy":"category","extraData":[]},"publishpress_future_workflow_manual_trigger":{"enabledWorkflows":[]},"_links":{"self":[{"href":"https:\/\/noticiasveracruz.com\/index.php\/wp-json\/wp\/v2\/posts\/20221","targetHints":{"allow":["GET"]}}],"collection":[{"href":"https:\/\/noticiasveracruz.com\/index.php\/wp-json\/wp\/v2\/posts"}],"about":[{"href":"https:\/\/noticiasveracruz.com\/index.php\/wp-json\/wp\/v2\/types\/post"}],"author":[{"embeddable":true,"href":"https:\/\/noticiasveracruz.com\/index.php\/wp-json\/wp\/v2\/users\/4"}],"replies":[{"embeddable":true,"href":"https:\/\/noticiasveracruz.com\/index.php\/wp-json\/wp\/v2\/comments?post=20221"}],"version-history":[{"count":0,"href":"https:\/\/noticiasveracruz.com\/index.php\/wp-json\/wp\/v2\/posts\/20221\/revisions"}],"wp:featuredmedia":[{"embeddable":true,"href":"https:\/\/noticiasveracruz.com\/index.php\/wp-json\/wp\/v2\/media\/20222"}],"wp:attachment":[{"href":"https:\/\/noticiasveracruz.com\/index.php\/wp-json\/wp\/v2\/media?parent=20221"}],"wp:term":[{"taxonomy":"category","embeddable":true,"href":"https:\/\/noticiasveracruz.com\/index.php\/wp-json\/wp\/v2\/categories?post=20221"},{"taxonomy":"post_tag","embeddable":true,"href":"https:\/\/noticiasveracruz.com\/index.php\/wp-json\/wp\/v2\/tags?post=20221"}],"curies":[{"name":"wp","href":"https:\/\/api.w.org\/{rel}","templated":true}]}}