{"id":20214,"date":"2023-11-09T12:17:56","date_gmt":"2023-11-09T18:17:56","guid":{"rendered":"https:\/\/noticiasveracruz.com\/?p=20214"},"modified":"2023-11-09T12:17:56","modified_gmt":"2023-11-09T18:17:56","slug":"pj-no-ha-entregado-fideicomisos-para-acapulco-amlo","status":"publish","type":"post","link":"https:\/\/noticiasveracruz.com\/index.php\/2023\/11\/09\/pj-no-ha-entregado-fideicomisos-para-acapulco-amlo\/","title":{"rendered":"PJ no ha entregado fideicomisos para Acapulco: AMLO"},"content":{"rendered":"<p><span style=\"font-size: 14pt;\">El presidente Andr\u00e9s Manuel L\u00f3pez Obrador reproch\u00f3 este jueves que el Poder Judicial de la Federaci\u00f3n no ha concretado la entrega de 15 mil millones de pesos de sus fideicomisos para la reconstrucci\u00f3n de Acapulco, pese a que la presidenta de la Suprema Corte de Justicia de la Naci\u00f3n (SCJN), Norma Pi\u00f1a Hern\u00e1ndez, se comprometi\u00f3 a ello en una carta enviada al mandatario.<\/span><\/p>\n<p><span style=\"font-size: 14pt;\">\u201cSeguramente se han de haber enojado los del bloque conservador con ella y le han de haber dicho \u201csi los fideicomisos no se tocan y ahora c\u00f3mo vas a comprometer para ayudar a Acapulco, si no nos preguntaste, qu\u00e9 te crees, qu\u00e9 te mandas sola\u201d\u201d, expres\u00f3 el tabasque\u00f1o en su habitual rueda de prensa en Palacio Nacional.<\/span><\/p>\n<p><img loading=\"lazy\" decoding=\"async\" class=\"size-medium wp-image-20215\" src=\"http:\/\/noticiasveracruz.com\/wp-content\/uploads\/2023\/11\/954056_Normalidad-Acapulco-4_impreso-300x200.jpg\" alt=\"\" width=\"300\" height=\"200\" srcset=\"https:\/\/noticiasveracruz.com\/wp-content\/uploads\/2023\/11\/954056_Normalidad-Acapulco-4_impreso-300x200.jpg 300w, https:\/\/noticiasveracruz.com\/wp-content\/uploads\/2023\/11\/954056_Normalidad-Acapulco-4_impreso-1024x684.jpg 1024w, https:\/\/noticiasveracruz.com\/wp-content\/uploads\/2023\/11\/954056_Normalidad-Acapulco-4_impreso-768x513.jpg 768w, https:\/\/noticiasveracruz.com\/wp-content\/uploads\/2023\/11\/954056_Normalidad-Acapulco-4_impreso-1536x1027.jpg 1536w, https:\/\/noticiasveracruz.com\/wp-content\/uploads\/2023\/11\/954056_Normalidad-Acapulco-4_impreso.jpg 1616w\" sizes=\"auto, (max-width: 300px) 100vw, 300px\" \/><\/p>\n<p><span style=\"font-size: 14pt;\">\u201cTodav\u00eda no veo claro qu\u00e9 est\u00e1n pensando, no se puede esa jugarreta, el doble discurso, la doble moral, la hipocres\u00eda, decir por ac\u00e1 vamos a devolver los 15 mil millones de Acapulco, y por ac\u00e1 los jueces que son libres y promueven amparos\u201d, sigui\u00f3 el jefe del Ejecutivo.<\/span><\/p>\n<p><span style=\"font-size: 14pt;\">Agreg\u00f3 que conf\u00eda en que el compromiso de la presidenta de la SCJN sea cumplido.<\/span><\/p>\n<p><span style=\"font-size: 14pt;\">\u201cVamos a esperarnos porque cuando ella lo plante\u00f3 yo hice un reconocimiento y claro que lo voy a reconocer, pero no se pueden ocultar estas cosas\u201d, declar\u00f3.<\/span><\/p>\n<p><span style=\"font-size: 14pt;\">\u201cA lo mejor los ministros defienden lo que est\u00e1 por escrito, que es el compromiso de entregar los 15 mil millones a Acapulco. Tenemos recursos, pero ayudar\u00eda, no est\u00e1 de m\u00e1s, y est\u00e1 el compromiso p\u00fablico\u201d, a\u00f1adi\u00f3.<\/span><\/p>\n","protected":false},"excerpt":{"rendered":"<p>El presidente Andr\u00e9s Manuel L\u00f3pez Obrador reproch\u00f3 este jueves que el Poder Judicial de la Federaci\u00f3n no ha concretado la<\/p>\n","protected":false},"author":4,"featured_media":20216,"comment_status":"closed","ping_status":"closed","sticky":false,"template":"","format":"standard","meta":{"colormag_page_container_layout":"default_layout","colormag_page_sidebar_layout":"default_layout","_jetpack_memberships_contains_paid_content":false,"footnotes":"","jetpack_publicize_message":"","jetpack_publicize_feature_enabled":true,"jetpack_social_post_already_shared":true,"jetpack_social_options":{"image_generator_settings":{"template":"highway","default_image_id":0,"font":"","enabled":false},"version":2}},"categories":[4],"tags":[],"class_list":["post-20214","post","type-post","status-publish","format-standard","has-post-thumbnail","hentry","category-nacional"],"jetpack_publicize_connections":[],"jetpack_featured_media_url":"https:\/\/noticiasveracruz.com\/wp-content\/uploads\/2023\/11\/reconstruccion-acapulco-guerrero-mexico-noticia-otis-estado-nacional.jpg","jetpack_sharing_enabled":true,"publishpress_future_action":{"enabled":false,"date":"2026-05-08 07:49:39","action":"change-status","newStatus":"draft","terms":[],"taxonomy":"category","extraData":[]},"publishpress_future_workflow_manual_trigger":{"enabledWorkflows":[]},"_links":{"self":[{"href":"https:\/\/noticiasveracruz.com\/index.php\/wp-json\/wp\/v2\/posts\/20214","targetHints":{"allow":["GET"]}}],"collection":[{"href":"https:\/\/noticiasveracruz.com\/index.php\/wp-json\/wp\/v2\/posts"}],"about":[{"href":"https:\/\/noticiasveracruz.com\/index.php\/wp-json\/wp\/v2\/types\/post"}],"author":[{"embeddable":true,"href":"https:\/\/noticiasveracruz.com\/index.php\/wp-json\/wp\/v2\/users\/4"}],"replies":[{"embeddable":true,"href":"https:\/\/noticiasveracruz.com\/index.php\/wp-json\/wp\/v2\/comments?post=20214"}],"version-history":[{"count":0,"href":"https:\/\/noticiasveracruz.com\/index.php\/wp-json\/wp\/v2\/posts\/20214\/revisions"}],"wp:featuredmedia":[{"embeddable":true,"href":"https:\/\/noticiasveracruz.com\/index.php\/wp-json\/wp\/v2\/media\/20216"}],"wp:attachment":[{"href":"https:\/\/noticiasveracruz.com\/index.php\/wp-json\/wp\/v2\/media?parent=20214"}],"wp:term":[{"taxonomy":"category","embeddable":true,"href":"https:\/\/noticiasveracruz.com\/index.php\/wp-json\/wp\/v2\/categories?post=20214"},{"taxonomy":"post_tag","embeddable":true,"href":"https:\/\/noticiasveracruz.com\/index.php\/wp-json\/wp\/v2\/tags?post=20214"}],"curies":[{"name":"wp","href":"https:\/\/api.w.org\/{rel}","templated":true}]}}