{"id":20210,"date":"2023-11-09T12:14:21","date_gmt":"2023-11-09T18:14:21","guid":{"rendered":"https:\/\/noticiasveracruz.com\/?p=20210"},"modified":"2023-11-09T12:14:21","modified_gmt":"2023-11-09T18:14:21","slug":"acepta-israel-pausas-diarias-de-4-horas-en-gaz","status":"publish","type":"post","link":"https:\/\/noticiasveracruz.com\/index.php\/2023\/11\/09\/acepta-israel-pausas-diarias-de-4-horas-en-gaz\/","title":{"rendered":"Acepta Israel pausas diarias de 4 horas en Gaz"},"content":{"rendered":"<p><span style=\"font-size: 14pt;\">Tropas israel\u00edes y milicianos de Hamas se enfrentaron el jueves en encarnizados combates en la asolada ciudad de Gaza, en tanto que Israel acept\u00f3 hacer \u00abpausas diarias de cuatro horas\u00bb en operaciones militares en el norte del territorio palestino, seg\u00fan Estados Unidos.<\/span><\/p>\n<p><span style=\"font-size: 14pt;\">Israel \u00abcomenzar\u00e1 a hacer pausas diarias de cuatro horas en determinadas zonas del norte de la Franja de Gaza, que se anunciar\u00e1n con tres horas de antelaci\u00f3n\u00bb a partir de este jueves, declar\u00f3 un portavoz de la Casa Blanca.<\/span><\/p>\n<p><span style=\"font-size: 14pt;\">Horas antes, el presidente de Estados Unidos, Joe Biden, afirm\u00f3 que actualmente \u00abno hay posibilidad\u00bb de un alto el fuego entre Israel y Hamas en la franja de Gaza.<\/span><\/p>\n<p><span style=\"font-size: 14pt;\">\u00abNinguna. No hay posibilidad\u00bb, dijo el mandatario dem\u00f3crata a los periodistas al salir de la Casa Blanca para viajar a Illinois cuando se le pregunt\u00f3 sobre las posibilidades de un alto el fuego en el asediado enclave palestino.<\/span><\/p>\n<p><span style=\"font-size: 14pt;\">Miles de civiles palestinos iniciaron su huida a pie hacia el sur de la Franja de Gaza, dejando atr\u00e1s el bombardeado norte, donde los combatientes de Hamas -con rifles de asalto y granadas propulsadas por cohete- se enfrentaron a los israel\u00edes respaldados por veh\u00edculos blindados.<\/span><\/p>\n<p><img loading=\"lazy\" decoding=\"async\" class=\"alignnone size-medium wp-image-20211\" src=\"http:\/\/noticiasveracruz.com\/wp-content\/uploads\/2023\/11\/6544de6924cf2-300x169.jpg\" alt=\"\" width=\"300\" height=\"169\" srcset=\"https:\/\/noticiasveracruz.com\/wp-content\/uploads\/2023\/11\/6544de6924cf2-300x169.jpg 300w, https:\/\/noticiasveracruz.com\/wp-content\/uploads\/2023\/11\/6544de6924cf2-1024x576.jpg 1024w, https:\/\/noticiasveracruz.com\/wp-content\/uploads\/2023\/11\/6544de6924cf2-768x432.jpg 768w, https:\/\/noticiasveracruz.com\/wp-content\/uploads\/2023\/11\/6544de6924cf2.jpg 1220w\" sizes=\"auto, (max-width: 300px) 100vw, 300px\" \/><\/p>\n<p><span style=\"font-size: 14pt;\">En una incursi\u00f3n al epicentro de los combates organizada por el ej\u00e9rcito israel\u00ed, cuyas im\u00e1genes fueron sometidas a la censura militar, un equipo de AFP observ\u00f3 palmeras quemadas, farolas torcidas o paneles de se\u00f1alizaci\u00f3n deformados a lo largo de la carretera que bordea la costa.<\/span><\/p>\n<p><span style=\"font-size: 14pt;\">El jueves, el ej\u00e9rcito anunci\u00f3 que la v\u00edspera tom\u00f3 el control de un \u00abimportante centro\u00bb de Hamas en Jabaliya, un campo de refugiados del norte de Gaza, desde el que \u00ablos terroristas se entrenan y llevan a cabo ataques\u00bb.<\/span><\/p>\n<p><span style=\"font-size: 14pt;\">Israel prometi\u00f3 \u00abaniquilar a Hamas\u00bb en represalia por el ataque del 7 de octubre, en el que combatientes islamistas mataron a mil 400 personas, en su mayor\u00eda civiles, y secuestraron a unas 240.<\/span><\/p>\n<p><span style=\"font-size: 14pt;\">A los bombardeos practicados desde el ataque de Hamas, Israel le sum\u00f3 el 27 de octubre una ofensiva terrestre que, seg\u00fan su ej\u00e9rcito, le permiti\u00f3 entrar \u00abprofundamente\u00bb en la ciudad de Gaza. En la operaci\u00f3n han muerto ya 34 soldados israel\u00edes.<\/span><\/p>\n<p><span style=\"font-size: 14pt;\">Seg\u00fan Israel, la ciudad alberga el \u00abcentro\u00bb de Hamas, escondido en una red de t\u00faneles de varios cientos de kil\u00f3metros.<\/span><\/p>\n","protected":false},"excerpt":{"rendered":"<p>Tropas israel\u00edes y milicianos de Hamas se enfrentaron el jueves en encarnizados combates en la asolada ciudad de Gaza, en<\/p>\n","protected":false},"author":4,"featured_media":20212,"comment_status":"closed","ping_status":"closed","sticky":false,"template":"","format":"standard","meta":{"colormag_page_container_layout":"default_layout","colormag_page_sidebar_layout":"default_layout","_jetpack_memberships_contains_paid_content":false,"footnotes":"","jetpack_publicize_message":"","jetpack_publicize_feature_enabled":true,"jetpack_social_post_already_shared":true,"jetpack_social_options":{"image_generator_settings":{"template":"highway","default_image_id":0,"font":"","enabled":false},"version":2}},"categories":[355],"tags":[],"class_list":["post-20210","post","type-post","status-publish","format-standard","has-post-thumbnail","hentry","category-internacional"],"jetpack_publicize_connections":[],"jetpack_featured_media_url":"https:\/\/noticiasveracruz.com\/wp-content\/uploads\/2023\/11\/ca-times.brightspotcdn-1.jpg","jetpack_sharing_enabled":true,"publishpress_future_action":{"enabled":false,"date":"2026-05-08 07:05:26","action":"change-status","newStatus":"draft","terms":[],"taxonomy":"category","extraData":[]},"publishpress_future_workflow_manual_trigger":{"enabledWorkflows":[]},"_links":{"self":[{"href":"https:\/\/noticiasveracruz.com\/index.php\/wp-json\/wp\/v2\/posts\/20210","targetHints":{"allow":["GET"]}}],"collection":[{"href":"https:\/\/noticiasveracruz.com\/index.php\/wp-json\/wp\/v2\/posts"}],"about":[{"href":"https:\/\/noticiasveracruz.com\/index.php\/wp-json\/wp\/v2\/types\/post"}],"author":[{"embeddable":true,"href":"https:\/\/noticiasveracruz.com\/index.php\/wp-json\/wp\/v2\/users\/4"}],"replies":[{"embeddable":true,"href":"https:\/\/noticiasveracruz.com\/index.php\/wp-json\/wp\/v2\/comments?post=20210"}],"version-history":[{"count":0,"href":"https:\/\/noticiasveracruz.com\/index.php\/wp-json\/wp\/v2\/posts\/20210\/revisions"}],"wp:featuredmedia":[{"embeddable":true,"href":"https:\/\/noticiasveracruz.com\/index.php\/wp-json\/wp\/v2\/media\/20212"}],"wp:attachment":[{"href":"https:\/\/noticiasveracruz.com\/index.php\/wp-json\/wp\/v2\/media?parent=20210"}],"wp:term":[{"taxonomy":"category","embeddable":true,"href":"https:\/\/noticiasveracruz.com\/index.php\/wp-json\/wp\/v2\/categories?post=20210"},{"taxonomy":"post_tag","embeddable":true,"href":"https:\/\/noticiasveracruz.com\/index.php\/wp-json\/wp\/v2\/tags?post=20210"}],"curies":[{"name":"wp","href":"https:\/\/api.w.org\/{rel}","templated":true}]}}