{"id":20207,"date":"2023-11-08T22:48:04","date_gmt":"2023-11-09T04:48:04","guid":{"rendered":"https:\/\/noticiasveracruz.com\/?p=20207"},"modified":"2023-11-08T22:48:04","modified_gmt":"2023-11-09T04:48:04","slug":"xochitl-se-registra-como-precandidata-presidencial","status":"publish","type":"post","link":"https:\/\/noticiasveracruz.com\/index.php\/2023\/11\/08\/xochitl-se-registra-como-precandidata-presidencial\/","title":{"rendered":"X\u00f3chitl se registra como precandidata presidencial"},"content":{"rendered":"<p><span style=\"font-size: 14pt;\">X\u00f3chitl G\u00e1lvez se registr\u00f3 este 8 de noviembre como precandidata del PAN a la Presidencia de la Rep\u00fablica para las elecciones de 2024. La senadora fue recibida entre porras a su llegada al CEN de Acci\u00f3n Nacional donde realiz\u00f3 el proceso para oficializar que es la abanderada \u00fanica del Frente Amplio por M\u00e9xico.<\/span><\/p>\n<p><span style=\"font-size: 14pt;\">\u201cHoy iniciamos la batalla m\u00e1s importante, de la lucha por la libertad, de la lucha por la democracia, hoy iniciamos una batalla que va a rendir frutos, vamos a alcanzar a la candidata oficial (Claudia Sheinbaum) y vamos a arrasar\u201d, asegur\u00f3 luego de su registro ante militantes panistas que la acompa\u00f1aron, entre ellos Margarita Zavala.<\/span><\/p>\n<p><span style=\"font-size: 14pt;\">Acompa\u00f1ada por el l\u00edder nacional del PAN, Marko Cort\u00e9s, la precandidata presidencial llam\u00f3 a la militancia a dejar cualquier proyecto personal y a caminar a su lado para lograr el cambio. Les asegur\u00f3 que si no les toc\u00f3 ser candidatos s\u00ed van a ser gobierno juntos.<\/span><\/p>\n<p><span style=\"font-size: 14pt;\">\u00a0\u201cDejemos atr\u00e1s cualquier proyecto personal, comprendo que muchos hemos trabajado por un sue\u00f1o, pero hoy de lo que se trata es de ponernos de acuerdo, y hoy si no te toca ser diputado, candidato a gobernador, te toca caminar conmigo y juntos vamos a ser gobierno\u201d, puntualiz\u00f3.<\/span><\/p>\n<p><span style=\"font-size: 14pt;\">Por su parte Acci\u00f3n Nacional asegur\u00f3 que hoy inicia el cambio para M\u00e9xico. \u201cHoy inicia el camino que nos llevar\u00e1 a corregir el rumbo del pa\u00eds\u201d.<\/span><\/p>\n","protected":false},"excerpt":{"rendered":"<p>X\u00f3chitl G\u00e1lvez se registr\u00f3 este 8 de noviembre como precandidata del PAN a la Presidencia de la Rep\u00fablica para las<\/p>\n","protected":false},"author":4,"featured_media":20208,"comment_status":"closed","ping_status":"closed","sticky":false,"template":"","format":"standard","meta":{"colormag_page_container_layout":"default_layout","colormag_page_sidebar_layout":"default_layout","_jetpack_memberships_contains_paid_content":false,"footnotes":"","jetpack_publicize_message":"","jetpack_publicize_feature_enabled":true,"jetpack_social_post_already_shared":true,"jetpack_social_options":{"image_generator_settings":{"template":"highway","default_image_id":0,"font":"","enabled":false},"version":2}},"categories":[4],"tags":[],"class_list":["post-20207","post","type-post","status-publish","format-standard","has-post-thumbnail","hentry","category-nacional"],"jetpack_publicize_connections":[],"jetpack_featured_media_url":"https:\/\/noticiasveracruz.com\/wp-content\/uploads\/2023\/11\/A16a.jpg","jetpack_sharing_enabled":true,"publishpress_future_action":{"enabled":false,"date":"2026-05-08 06:25:10","action":"change-status","newStatus":"draft","terms":[],"taxonomy":"category","extraData":[]},"publishpress_future_workflow_manual_trigger":{"enabledWorkflows":[]},"_links":{"self":[{"href":"https:\/\/noticiasveracruz.com\/index.php\/wp-json\/wp\/v2\/posts\/20207","targetHints":{"allow":["GET"]}}],"collection":[{"href":"https:\/\/noticiasveracruz.com\/index.php\/wp-json\/wp\/v2\/posts"}],"about":[{"href":"https:\/\/noticiasveracruz.com\/index.php\/wp-json\/wp\/v2\/types\/post"}],"author":[{"embeddable":true,"href":"https:\/\/noticiasveracruz.com\/index.php\/wp-json\/wp\/v2\/users\/4"}],"replies":[{"embeddable":true,"href":"https:\/\/noticiasveracruz.com\/index.php\/wp-json\/wp\/v2\/comments?post=20207"}],"version-history":[{"count":0,"href":"https:\/\/noticiasveracruz.com\/index.php\/wp-json\/wp\/v2\/posts\/20207\/revisions"}],"wp:featuredmedia":[{"embeddable":true,"href":"https:\/\/noticiasveracruz.com\/index.php\/wp-json\/wp\/v2\/media\/20208"}],"wp:attachment":[{"href":"https:\/\/noticiasveracruz.com\/index.php\/wp-json\/wp\/v2\/media?parent=20207"}],"wp:term":[{"taxonomy":"category","embeddable":true,"href":"https:\/\/noticiasveracruz.com\/index.php\/wp-json\/wp\/v2\/categories?post=20207"},{"taxonomy":"post_tag","embeddable":true,"href":"https:\/\/noticiasveracruz.com\/index.php\/wp-json\/wp\/v2\/tags?post=20207"}],"curies":[{"name":"wp","href":"https:\/\/api.w.org\/{rel}","templated":true}]}}