{"id":20173,"date":"2023-11-08T12:49:46","date_gmt":"2023-11-08T18:49:46","guid":{"rendered":"https:\/\/noticiasveracruz.com\/?p=20173"},"modified":"2023-11-08T12:49:46","modified_gmt":"2023-11-08T18:49:46","slug":"con-cuitlahuac-mas-desaparecidos-que-con-duarte","status":"publish","type":"post","link":"https:\/\/noticiasveracruz.com\/index.php\/2023\/11\/08\/con-cuitlahuac-mas-desaparecidos-que-con-duarte\/","title":{"rendered":"Con Cuitl\u00e1huac, m\u00e1s desaparecidos que con Duarte"},"content":{"rendered":"<p><span style=\"font-size: 14pt;\"><strong>Por Aurelio Contreras Moreno<\/strong><\/span><\/p>\n<p><span style=\"font-size: 14pt;\">Las protestas de los dos \u00faltimos d\u00edas en la capital del estado de Veracruz desnudaron \u2013otra vez- la incompetencia y, sobre todo, la indolencia del gobierno de Cuitl\u00e1huac Garc\u00eda Jim\u00e9nez, espec\u00edficamente, respecto del tema de los desaparecidos en el estado.<\/span><\/p>\n<p><span style=\"font-size: 14pt;\">Desde el lunes, m\u00e1s de 30 colectivos de familiares de personas desaparecidas del estado de Veracruz tomaron el palacio de gobierno y las calles del centro y la salida de Xalapa a Veracruz puerto demandando una reuni\u00f3n con el gobernador Cuitl\u00e1huac Garc\u00eda Jim\u00e9nez, con la fiscal general del estado Ver\u00f3nica Hern\u00e1ndez Giad\u00e1ns y con los titulares de las instituciones que conforman el Mecanismo Estatal de Coordinaci\u00f3n (MEC).<\/span><\/p>\n<p><span style=\"font-size: 14pt;\">En su posicionamiento p\u00fablico, los colectivos expresaron \u201cnuestra consternaci\u00f3n ante la lentitud en los avances para localizar e identificar a nuestros seres queridos. Vemos que los procesos de b\u00fasqueda, recuperaciones e identificaci\u00f3n est\u00e1n tardando a\u00f1os para lograr notificaciones y restituciones\u201d.<\/span><\/p>\n<p><span style=\"font-size: 14pt;\">Se\u00f1alaron que \u201cal ver por ejemplo que en seis a\u00f1os de intervenci\u00f3n en el predio la Guapota, si bien las exhumaciones se han realizado con todo el debido cuidado, solamente se han logrado restituciones de 11 de los cuerpos recuperados, nos preocupa lograr identificar a todos los que se han encontrado mientras estamos con vida\u201d.<\/span><\/p>\n<p><span style=\"font-size: 14pt;\">Le recordaron a Garc\u00eda Jim\u00e9nez que su primer acto como gobernador fue solicitar una Declaratoria por Crisis de Violaciones de Derechos Humanos en Materia de Desaparici\u00f3n de Personas, y que a pesar de que \u201cha habido avances importantes en el estado\u201d, la dimensi\u00f3n de la crisis de desapariciones \u201csigue rebasando las capacidades del estado, y sigue urgiendo localizar a nuestros seres queridos y lograr la verdad y la justicia\u201d.<\/span><\/p>\n<p><span style=\"font-size: 14pt;\">Y pusieron el dedo en la llaga: \u201cActualmente en el estado de Veracruz, seg\u00fan el Registro Nacional de Personas Desaparecidas o No Localizadas, hay siete mil 390 personas en esa condici\u00f3n. Han incrementado de forma alarmante las desapariciones registradas en el \u00faltimo a\u00f1o y medio. Hasta el mes de junio del 2022 se hab\u00edan registrado cinco mil 816 casos, lo cual implica que se han registrado mil 574 desapariciones en los \u00faltimos 11 meses\u201d.<\/span><\/p>\n<p><span style=\"font-size: 14pt;\">La respuesta de Cuitl\u00e1huac Garc\u00eda fue ignorar a las manifestantes, en su mayor\u00eda mujeres. Madres, hijas o hermanas de desaparecidos que confiaron en la palabra de un gobernante supuestamente \u201chumanista\u201d y \u201cprogresista\u201d, que prefiri\u00f3 alegar tener una agenda \u201cmuy apretada\u201d como para atenderlas. Y es que estaba muy \u201cocupado\u201d en labores de \u201csupervisi\u00f3n\u201d de la reconstrucci\u00f3n del estadio de f\u00fatbol Luis \u201cPirata\u201d Fuente, cuando ni siquiera hay un equipo profesional para utilizarlo.<\/span><\/p>\n<p><span style=\"font-size: 14pt;\">Timorato, el gobernador balbuce\u00f3 que su administraci\u00f3n es la que m\u00e1s recursos ha invertido en el tema y que de no ser por \u00e9l, los colectivos andar\u00edan al garete. Y como si les hiciera un favor, propuso recibirlos el 24 de noviembre, a lo que las manifestantes se negaron y amenazaron con extender indefinidamente el bloqueo de calles y la toma de palacio de gobierno. As\u00ed que finalmente cedi\u00f3, y accedi\u00f3 atenderlas este jueves por la noche.<\/span><\/p>\n<p><span style=\"font-size: 14pt;\">\u00bfQu\u00e9 saldr\u00e1 de esa reuni\u00f3n? Seguramente muy poco. Si acaso m\u00e1s promesas de un gobierno que ha fallado monumentalmente en todo, pero principalmente en lo que fue su primer y m\u00e1s importante compromiso. Al grado que ya es el que tiene las peores cifras de desaparecidos de la historia.<\/span><\/p>\n<p><span style=\"font-size: 14pt;\">Mayra Ledesma Arronte, quien fue la primera directora general de Cultura de Paz y Derechos Humanos de este gobierno, public\u00f3 en sus redes las cifras que muestran la magnitud del fracaso que Cuitl\u00e1huac Garc\u00eda quisiera ocultar.<\/span><\/p>\n<p><span style=\"font-size: 14pt;\">Con datos de la Comisi\u00f3n Nacional de Personas Desaparecidas, basadas en la informaci\u00f3n del Secretariado Ejecutivo del Sistema Nacional de Seguridad P\u00fablica \u2013sin contemplar la cifra negra-, hasta mayo de 2023 se registran dos mil 340 personas desaparecidas en lo que va del sexenio de Cuitl\u00e1huac Garc\u00eda, que ya super\u00f3 lo que parec\u00eda insuperable: las dos mil 311 personas desaparecidas durante el sexenio de Javier Duarte. Muy por arriba de las 849 personas desaparecidas en el bienio de Miguel \u00c1ngel Yunes Linares, y de las 266 del periodo de Fidel Herrera Beltr\u00e1n, cuando comenz\u00f3 la tragedia en el estado de Veracruz.<\/span><\/p>\n<p><span style=\"font-size: 14pt;\">\u201cLas desaparici\u00f3n forzada y por particulares de personas en Veracruz, se han incrementado en este periodo de gobierno en comparaci\u00f3n al periodo de Duarte. Es decir, no solo es atender, lo que el actual gobierno insiste, \u2018lo de antes\u2019, sino atender tambi\u00e9n lo actual. Las cifras d\u00eda a d\u00eda crecen. Esto quiere decir que la estrategia contra la delincuencia organizada NO est\u00e1 funcionando en este rubro. Recordemos que una obligaci\u00f3n del Gobierno es garantizar la seguridad de su poblaci\u00f3n\u201d, sentenci\u00f3 Mayra Ledesma, quien por no someterse a la \u201cl\u00ednea\u201d, ha sufrido hostigamiento por parte del mismo gobierno en el que trabaj\u00f3.<\/span><\/p>\n<p><span style=\"font-size: 14pt;\">Y todav\u00eda se atreve Cuitl\u00e1huac Garc\u00eda a pedir que las madres de desaparecidos \u201centiendan\u201d que tiene una \u201capretada agenda\u201d.<\/span><\/p>\n<p><img loading=\"lazy\" decoding=\"async\" class=\"alignnone wp-image-20051 size-full\" src=\"http:\/\/noticiasveracruz.com\/wp-content\/uploads\/2023\/11\/FIRMA-EDITORIAL-PD.jpg\" alt=\"\" width=\"1024\" height=\"125\" srcset=\"https:\/\/noticiasveracruz.com\/wp-content\/uploads\/2023\/11\/FIRMA-EDITORIAL-PD.jpg 1024w, https:\/\/noticiasveracruz.com\/wp-content\/uploads\/2023\/11\/FIRMA-EDITORIAL-PD-300x37.jpg 300w, https:\/\/noticiasveracruz.com\/wp-content\/uploads\/2023\/11\/FIRMA-EDITORIAL-PD-768x94.jpg 768w\" sizes=\"auto, (max-width: 1024px) 100vw, 1024px\" \/><\/p>\n","protected":false},"excerpt":{"rendered":"<p>Por Aurelio Contreras Moreno Las protestas de los dos \u00faltimos d\u00edas en la capital del estado de Veracruz desnudaron \u2013otra<\/p>\n","protected":false},"author":4,"featured_media":3578,"comment_status":"closed","ping_status":"closed","sticky":false,"template":"","format":"standard","meta":{"colormag_page_container_layout":"default_layout","colormag_page_sidebar_layout":"default_layout","_jetpack_memberships_contains_paid_content":false,"footnotes":"","jetpack_publicize_message":"","jetpack_publicize_feature_enabled":true,"jetpack_social_post_already_shared":true,"jetpack_social_options":{"image_generator_settings":{"template":"highway","default_image_id":0,"font":"","enabled":false},"version":2}},"categories":[6],"tags":[],"class_list":["post-20173","post","type-post","status-publish","format-standard","has-post-thumbnail","hentry","category-columnistas"],"jetpack_publicize_connections":[],"jetpack_featured_media_url":"https:\/\/noticiasveracruz.com\/wp-content\/uploads\/2022\/04\/P-AURELIO-CONTRERAS.png","jetpack_sharing_enabled":true,"publishpress_future_action":{"enabled":false,"date":"2026-05-08 07:04:52","action":"change-status","newStatus":"draft","terms":[],"taxonomy":"category","extraData":[]},"publishpress_future_workflow_manual_trigger":{"enabledWorkflows":[]},"_links":{"self":[{"href":"https:\/\/noticiasveracruz.com\/index.php\/wp-json\/wp\/v2\/posts\/20173","targetHints":{"allow":["GET"]}}],"collection":[{"href":"https:\/\/noticiasveracruz.com\/index.php\/wp-json\/wp\/v2\/posts"}],"about":[{"href":"https:\/\/noticiasveracruz.com\/index.php\/wp-json\/wp\/v2\/types\/post"}],"author":[{"embeddable":true,"href":"https:\/\/noticiasveracruz.com\/index.php\/wp-json\/wp\/v2\/users\/4"}],"replies":[{"embeddable":true,"href":"https:\/\/noticiasveracruz.com\/index.php\/wp-json\/wp\/v2\/comments?post=20173"}],"version-history":[{"count":0,"href":"https:\/\/noticiasveracruz.com\/index.php\/wp-json\/wp\/v2\/posts\/20173\/revisions"}],"wp:featuredmedia":[{"embeddable":true,"href":"https:\/\/noticiasveracruz.com\/index.php\/wp-json\/wp\/v2\/media\/3578"}],"wp:attachment":[{"href":"https:\/\/noticiasveracruz.com\/index.php\/wp-json\/wp\/v2\/media?parent=20173"}],"wp:term":[{"taxonomy":"category","embeddable":true,"href":"https:\/\/noticiasveracruz.com\/index.php\/wp-json\/wp\/v2\/categories?post=20173"},{"taxonomy":"post_tag","embeddable":true,"href":"https:\/\/noticiasveracruz.com\/index.php\/wp-json\/wp\/v2\/tags?post=20173"}],"curies":[{"name":"wp","href":"https:\/\/api.w.org\/{rel}","templated":true}]}}