{"id":20170,"date":"2023-11-08T12:46:59","date_gmt":"2023-11-08T18:46:59","guid":{"rendered":"https:\/\/noticiasveracruz.com\/?p=20170"},"modified":"2023-11-08T12:46:59","modified_gmt":"2023-11-08T18:46:59","slug":"el-periodista-raul-torres","status":"publish","type":"post","link":"https:\/\/noticiasveracruz.com\/index.php\/2023\/11\/08\/el-periodista-raul-torres\/","title":{"rendered":"El periodista Ra\u00fal Torres"},"content":{"rendered":"<ul>\n<li><strong><span style=\"font-size: 14pt;\">Falleci\u00f3 en Orizaba donde radicaba los \u00faltimos a\u00f1os<\/span><\/strong><\/li>\n<li><strong><span style=\"font-size: 14pt;\">Fue reportero de Comunicaci\u00f3n Social mucho tiempo<\/span><\/strong><\/li>\n<li><strong><span style=\"font-size: 14pt;\">Ten\u00eda una asombrosa memoria de datos y hechos<\/span><\/strong><\/li>\n<\/ul>\n<p><strong><span style=\"font-size: 14pt;\">Por Miguel Angel Cristiani G.<\/span><\/strong><\/p>\n<p><span style=\"font-size: 14pt;\">La triste noticia del fallecimiento del periodista Ra\u00fal Torres Jim\u00e9nez empez\u00f3 a circular en las redes sociales a primeras horas de este martes, desde la ciudad de Orizaba en donde se encontraba en \u00faltimas fechas.<\/span><\/p>\n<p><span style=\"font-size: 14pt;\">Ra\u00fal Torres como era conocido, se inici\u00f3 en el periodismo en el diario El Sol del Centro en la ciudad de Orizaba.<\/span><\/p>\n<p><span style=\"font-size: 14pt;\">Luego vino a trabajar a la capital del estado, a Comunicaci\u00f3n Social, en donde sirvi\u00f3 a distintos gobiernos durante muchos a\u00f1os hasta su jubilaci\u00f3n.<\/span><\/p>\n<p><span style=\"font-size: 14pt;\">Ra\u00fal ten\u00eda una asombrosa memoria, recordaba las fechas y eventos que hab\u00edan ocurrido en los \u00faltimos a\u00f1os.<\/span><\/p>\n<p><span style=\"font-size: 14pt;\">Era una aut\u00e9ntica memoria hist\u00f3rica del gobierno.<\/span><\/p>\n<p><span style=\"font-size: 14pt;\">Cuando and\u00e1bamos en giras por los municipios de Veracruz, Ra\u00fal siempre recordaba alguna an\u00e9cdota ocurrida hac\u00eda ya alg\u00fan tiempo.<\/span><\/p>\n<p><img loading=\"lazy\" decoding=\"async\" class=\"alignnone size-medium wp-image-20171\" src=\"http:\/\/noticiasveracruz.com\/wp-content\/uploads\/2023\/11\/raul-torres-300x225.jpg\" alt=\"\" width=\"300\" height=\"225\" srcset=\"https:\/\/noticiasveracruz.com\/wp-content\/uploads\/2023\/11\/raul-torres-300x225.jpg 300w, https:\/\/noticiasveracruz.com\/wp-content\/uploads\/2023\/11\/raul-torres-1024x768.jpg 1024w, https:\/\/noticiasveracruz.com\/wp-content\/uploads\/2023\/11\/raul-torres-768x576.jpg 768w, https:\/\/noticiasveracruz.com\/wp-content\/uploads\/2023\/11\/raul-torres-1536x1152.jpg 1536w, https:\/\/noticiasveracruz.com\/wp-content\/uploads\/2023\/11\/raul-torres.jpg 2048w\" sizes=\"auto, (max-width: 300px) 100vw, 300px\" \/><\/p>\n<p><span style=\"font-size: 14pt;\">Le gustaba traer en la bolsa de la camisa colgando varias plumas y cuando le preguntaban el motivo, explicaba que en alguna ocasi\u00f3n cuando fue llamado al despacho del gobernador en turno, se le acab\u00f3 la tinta a su pluma y desde entonces tra\u00eda una colecci\u00f3n por lo que llegara a ofrecerse.<\/span><\/p>\n<p><span style=\"font-size: 14pt;\">Son innumerables las an\u00e9cdotas que contaba Ra\u00fal Torres, ya sea en el cami\u00f3n de alguna gira de los reporteros de Xalapa, en la sala de prensa en alg\u00fan municipio o al regreso de alg\u00fan evento.<\/span><\/p>\n<p><span style=\"font-size: 14pt;\">Ra\u00fal Torres formaba parte -hasta su merecida jubilaci\u00f3n- de esa aguerrida brigada de reporteros de la Coordinaci\u00f3n de Comunicaci\u00f3n Social, que nosotros siempre hemos dicho que son los h\u00e9roes an\u00f3nimos de la informaci\u00f3n, porque trabajan de sol a sol y a lo largo de todo el territorio veracruzano, todos los d\u00edas, todo el a\u00f1o.<\/span><\/p>\n<p><span style=\"font-size: 14pt;\">Aunque desafortunadamente no siempre es valorada su destacada actividad para difundir las actividades m\u00e1s relevantes del gobierno en turno.<\/span><\/p>\n<p><span style=\"font-size: 14pt;\">En la Coordinaci\u00f3n de Comunicaci\u00f3n Social, nos toc\u00f3 trabajar con Ra\u00fal Torres, bajo el mando del pol\u00edtico de Tres Zapotes Yayo Guti\u00e9rrez, en la administraci\u00f3n de don Agust\u00edn Acosta Lagunes.<\/span><\/p>\n<p><span style=\"font-size: 14pt;\">Al finalizar el sexenio del economista de Paso de Ovejas, nos fuimos junto con Yayo Guti\u00e9rrez y Fausto Fern\u00e1ndez Ponte a la redacci\u00f3n del peri\u00f3dico Politica.<\/span><\/p>\n<p><span style=\"font-size: 14pt;\">Ra\u00fal Torres se qued\u00f3 en la jefatura de prensa en la Coordinaci\u00f3n de Comunicaci\u00f3n Social, en donde sigui\u00f3 laborando varios a\u00f1os m\u00e1s, hasta su jubilaci\u00f3n.<\/span><\/p>\n<p><span style=\"font-size: 14pt;\">Luego se fue algunos a\u00f1os a Espa\u00f1a, a las Islas Canarias por donde anduvo tambi\u00e9n haciendo algunos reportajes.<\/span><\/p>\n<p><span style=\"font-size: 14pt;\">Regres\u00f3 a su natal Orizaba, en donde finalmente este martes en las primeras horas del d\u00eda, se fue para seguir narrando las historias desde el m\u00e1s all\u00e1.<\/span><\/p>\n<p><span style=\"font-size: 14pt;\">Para m\u00e1s informaci\u00f3n consulta nuestra p\u00e1gina\u00a0<a href=\"https:\/\/www.xn--bitacoraspolticas-ovb.com\/\" data-saferedirecturl=\"https:\/\/www.google.com\/url?q=https:\/\/www.xn--bitacoraspolticas-ovb.com\/&amp;source=gmail&amp;ust=1699555191839000&amp;usg=AOvVaw01pCaxMbfMFWfhjNTjDkt0\">https:\/\/www.xn--bitacoraspolticas-ovb.com\/<\/a><\/span><\/p>\n<p><img loading=\"lazy\" decoding=\"async\" class=\"alignnone wp-image-20051 size-full\" src=\"http:\/\/noticiasveracruz.com\/wp-content\/uploads\/2023\/11\/FIRMA-EDITORIAL-PD.jpg\" alt=\"\" width=\"1024\" height=\"125\" srcset=\"https:\/\/noticiasveracruz.com\/wp-content\/uploads\/2023\/11\/FIRMA-EDITORIAL-PD.jpg 1024w, https:\/\/noticiasveracruz.com\/wp-content\/uploads\/2023\/11\/FIRMA-EDITORIAL-PD-300x37.jpg 300w, https:\/\/noticiasveracruz.com\/wp-content\/uploads\/2023\/11\/FIRMA-EDITORIAL-PD-768x94.jpg 768w\" sizes=\"auto, (max-width: 1024px) 100vw, 1024px\" \/><\/p>\n","protected":false},"excerpt":{"rendered":"<p>Falleci\u00f3 en Orizaba donde radicaba los \u00faltimos a\u00f1os Fue reportero de Comunicaci\u00f3n Social mucho tiempo Ten\u00eda una asombrosa memoria de<\/p>\n","protected":false},"author":4,"featured_media":3280,"comment_status":"closed","ping_status":"closed","sticky":false,"template":"","format":"standard","meta":{"colormag_page_container_layout":"default_layout","colormag_page_sidebar_layout":"default_layout","_jetpack_memberships_contains_paid_content":false,"footnotes":"","jetpack_publicize_message":"","jetpack_publicize_feature_enabled":true,"jetpack_social_post_already_shared":true,"jetpack_social_options":{"image_generator_settings":{"template":"highway","default_image_id":0,"font":"","enabled":false},"version":2}},"categories":[6],"tags":[],"class_list":["post-20170","post","type-post","status-publish","format-standard","has-post-thumbnail","hentry","category-columnistas"],"jetpack_publicize_connections":[],"jetpack_featured_media_url":"https:\/\/noticiasveracruz.com\/wp-content\/uploads\/2022\/04\/NV-MIGUEL-A\u0301NGEL-CRISTIANI.png","jetpack_sharing_enabled":true,"publishpress_future_action":{"enabled":false,"date":"2026-05-08 08:48:43","action":"change-status","newStatus":"draft","terms":[],"taxonomy":"category","extraData":[]},"publishpress_future_workflow_manual_trigger":{"enabledWorkflows":[]},"_links":{"self":[{"href":"https:\/\/noticiasveracruz.com\/index.php\/wp-json\/wp\/v2\/posts\/20170","targetHints":{"allow":["GET"]}}],"collection":[{"href":"https:\/\/noticiasveracruz.com\/index.php\/wp-json\/wp\/v2\/posts"}],"about":[{"href":"https:\/\/noticiasveracruz.com\/index.php\/wp-json\/wp\/v2\/types\/post"}],"author":[{"embeddable":true,"href":"https:\/\/noticiasveracruz.com\/index.php\/wp-json\/wp\/v2\/users\/4"}],"replies":[{"embeddable":true,"href":"https:\/\/noticiasveracruz.com\/index.php\/wp-json\/wp\/v2\/comments?post=20170"}],"version-history":[{"count":0,"href":"https:\/\/noticiasveracruz.com\/index.php\/wp-json\/wp\/v2\/posts\/20170\/revisions"}],"wp:featuredmedia":[{"embeddable":true,"href":"https:\/\/noticiasveracruz.com\/index.php\/wp-json\/wp\/v2\/media\/3280"}],"wp:attachment":[{"href":"https:\/\/noticiasveracruz.com\/index.php\/wp-json\/wp\/v2\/media?parent=20170"}],"wp:term":[{"taxonomy":"category","embeddable":true,"href":"https:\/\/noticiasveracruz.com\/index.php\/wp-json\/wp\/v2\/categories?post=20170"},{"taxonomy":"post_tag","embeddable":true,"href":"https:\/\/noticiasveracruz.com\/index.php\/wp-json\/wp\/v2\/tags?post=20170"}],"curies":[{"name":"wp","href":"https:\/\/api.w.org\/{rel}","templated":true}]}}