{"id":20136,"date":"2023-11-07T08:50:59","date_gmt":"2023-11-07T14:50:59","guid":{"rendered":"https:\/\/noticiasveracruz.com\/?p=20136"},"modified":"2023-11-07T08:50:59","modified_gmt":"2023-11-07T14:50:59","slug":"produccion-exportacion-y-venta-de-vehiculos-crecieron-en-enero-octubre","status":"publish","type":"post","link":"https:\/\/noticiasveracruz.com\/index.php\/2023\/11\/07\/produccion-exportacion-y-venta-de-vehiculos-crecieron-en-enero-octubre\/","title":{"rendered":"Producci\u00f3n, exportaci\u00f3n y venta de veh\u00edculos crecieron en enero-octubre"},"content":{"rendered":"<p><span style=\"font-size: 14pt;\">En los primeros 10 meses de 2023, la producci\u00f3n, exportaci\u00f3n y venta de veh\u00edculos ligeros de la industria automotriz en M\u00e9xico crecieron en promedio 18 por ciento anual, revelaron estad\u00edsticas del Registro Administrativo de la Industria Automotriz de Veh\u00edculos Ligeros.<\/span><\/p>\n<p><span style=\"font-size: 14pt;\">De acuerdo con el reporte que dio a conocer el Instituto Nacional de Estad\u00edstica y Geograf\u00eda (Inegi), la producci\u00f3n de veh\u00edculos ligeros en el pa\u00eds ascendi\u00f3 a 3 millones 233 mil 887 veh\u00edculos ligeros, lo que represent\u00f3 un crecimiento de 15.91 por ciento (443 mil 901 unidades) en el periodo enero-octubre de 2023, con respecto al mismo periodo de 2022.<\/span><\/p>\n<p><span style=\"font-size: 14pt;\">Los camiones ligeros representaron 76.3 por ciento del total producido, mientras que el resto correspondi\u00f3 a la fabricaci\u00f3n de autom\u00f3viles.<\/span><\/p>\n<p><span style=\"font-size: 14pt;\">Por su parte, la exportaci\u00f3n de veh\u00edculos ligeros sumaron 2 millones 737 mil 262 unidades, 14.47 por ciento m\u00e1s con respecto al acumulado de los primeros 10 meses del a\u00f1o pasado. Lo anterior, en medio de problemas de huelga automotriz en Estados Unidos.<\/span><\/p>\n<p><span style=\"font-size: 14pt;\">El Instituto Nacional de Estad\u00edstica y Geograf\u00eda dio a conocer el Registro Administrativo de la Industria Automotriz de Veh\u00edculos Ligeros (RAIAVL). Su informaci\u00f3n proviene de 23 empresas afiliadas a la Asociaci\u00f3n Mexicana de la Industria Automotriz, Giant Motors Latinoam\u00e9rica y Autos Orientales Picacho.<\/span><\/p>\n<p><span style=\"font-size: 14pt;\">Al cierre de octubre de 2023, se vendieron un mill\u00f3n 89 mil 513 veh\u00edculos ligeros, lo que represent\u00f3 24.71 por ciento en el periodo de referencia.<\/span><\/p>\n","protected":false},"excerpt":{"rendered":"<p>En los primeros 10 meses de 2023, la producci\u00f3n, exportaci\u00f3n y venta de veh\u00edculos ligeros de la industria automotriz en<\/p>\n","protected":false},"author":4,"featured_media":20137,"comment_status":"closed","ping_status":"closed","sticky":false,"template":"","format":"standard","meta":{"colormag_page_container_layout":"default_layout","colormag_page_sidebar_layout":"default_layout","_jetpack_memberships_contains_paid_content":false,"footnotes":"","jetpack_publicize_message":"","jetpack_publicize_feature_enabled":true,"jetpack_social_post_already_shared":true,"jetpack_social_options":{"image_generator_settings":{"template":"highway","default_image_id":0,"font":"","enabled":false},"version":2}},"categories":[1947],"tags":[],"class_list":["post-20136","post","type-post","status-publish","format-standard","has-post-thumbnail","hentry","category-economia"],"jetpack_publicize_connections":[],"jetpack_featured_media_url":"https:\/\/noticiasveracruz.com\/wp-content\/uploads\/2023\/11\/produccion-de-veh-culos_1.jpg","jetpack_sharing_enabled":true,"publishpress_future_action":{"enabled":false,"date":"2026-05-06 21:37:45","action":"change-status","newStatus":"draft","terms":[],"taxonomy":"category","extraData":[]},"publishpress_future_workflow_manual_trigger":{"enabledWorkflows":[]},"_links":{"self":[{"href":"https:\/\/noticiasveracruz.com\/index.php\/wp-json\/wp\/v2\/posts\/20136","targetHints":{"allow":["GET"]}}],"collection":[{"href":"https:\/\/noticiasveracruz.com\/index.php\/wp-json\/wp\/v2\/posts"}],"about":[{"href":"https:\/\/noticiasveracruz.com\/index.php\/wp-json\/wp\/v2\/types\/post"}],"author":[{"embeddable":true,"href":"https:\/\/noticiasveracruz.com\/index.php\/wp-json\/wp\/v2\/users\/4"}],"replies":[{"embeddable":true,"href":"https:\/\/noticiasveracruz.com\/index.php\/wp-json\/wp\/v2\/comments?post=20136"}],"version-history":[{"count":0,"href":"https:\/\/noticiasveracruz.com\/index.php\/wp-json\/wp\/v2\/posts\/20136\/revisions"}],"wp:featuredmedia":[{"embeddable":true,"href":"https:\/\/noticiasveracruz.com\/index.php\/wp-json\/wp\/v2\/media\/20137"}],"wp:attachment":[{"href":"https:\/\/noticiasveracruz.com\/index.php\/wp-json\/wp\/v2\/media?parent=20136"}],"wp:term":[{"taxonomy":"category","embeddable":true,"href":"https:\/\/noticiasveracruz.com\/index.php\/wp-json\/wp\/v2\/categories?post=20136"},{"taxonomy":"post_tag","embeddable":true,"href":"https:\/\/noticiasveracruz.com\/index.php\/wp-json\/wp\/v2\/tags?post=20136"}],"curies":[{"name":"wp","href":"https:\/\/api.w.org\/{rel}","templated":true}]}}