{"id":20133,"date":"2023-11-07T08:47:12","date_gmt":"2023-11-07T14:47:12","guid":{"rendered":"https:\/\/noticiasveracruz.com\/?p=20133"},"modified":"2023-11-07T08:47:12","modified_gmt":"2023-11-07T14:47:12","slug":"mexico-con-el-gasto-en-salud-mas-bajo-en-la-ocde","status":"publish","type":"post","link":"https:\/\/noticiasveracruz.com\/index.php\/2023\/11\/07\/mexico-con-el-gasto-en-salud-mas-bajo-en-la-ocde\/","title":{"rendered":"M\u00e9xico, con el gasto en salud m\u00e1s bajo en la OCDE"},"content":{"rendered":"<p><span style=\"font-size: 14pt;\">M\u00e9xico tiene el gasto en salud m\u00e1s bajo por habitante entre los pa\u00edses que conforman la Organizaci\u00f3n para la Cooperaci\u00f3n y el Desarrollo Econ\u00f3micos (OCDE), un rezago que se combina con el hecho de que ocupa el primer lugar en prevalencia de diabetes, sin que se hayan resuelto problemas viejos, como la alta incidencia de mortalidad infantil, enmarc\u00f3 Frederico Guanais, jefe adjunto de la Divisi\u00f3n de Salud del organismo.<\/span><\/p>\n<p><span style=\"font-size: 14pt;\">Al comentar la situaci\u00f3n en M\u00e9xico, el especialista de la OCDE no desech\u00f3 de inmediato las declaraciones realizadas por el presidente Andr\u00e9s Manuel L\u00f3pez Obrador sobre que su administraci\u00f3n dejar\u00e1 uno de los mejores sistemas de salud en el mundo. Guanais rode\u00f3; dijo que ese tipo de reformas suelen llevar a\u00f1os, en Holanda tom\u00f3 m\u00e1s de una d\u00e9cada, y deben verse con un enfoque transexenal, dado que las realizadas de manera apresurada suelen derivar en una reducci\u00f3n en la prestaci\u00f3n de servicios durante los primeros a\u00f1os.<\/span><\/p>\n<p><span style=\"font-size: 14pt;\">M\u00e9xico cuenta con el gasto por habitante m\u00e1s bajo en salud entre los pa\u00edses de la OCDE, mil 181 d\u00f3lares, cantidad que no s\u00f3lo equivale a menos de una cuarta parte del promedio de la organizaci\u00f3n, que alcanza los de 4 mil 986 d\u00f3lares, sino que tambi\u00e9n se cuenta por debajo de econom\u00edas latinoamericanas, como Colombia y Costa Rica que, respectivamente, ocupan el segundo y tercer esca\u00f1o.<\/span><\/p>\n<p><span style=\"font-size: 14pt;\">Otra de las aristas es que casi la mitad del gasto en salud que se hace en M\u00e9xico, el 47 por ciento proviene directamente de los bolsillos de las familias. Lo que adem\u00e1s de evidenciar el \u201cproblema fuerte de financiamiento de los sistemas de salud\u201d, se vuelve m\u00e1s \u201cgrave por la desigualdad de ingresos que existe en la regi\u00f3n\u201d, dijo Guanais, sobre una tendencia que se replica en la mayor\u00eda de econom\u00edas latinoamericanas que pertenecen a la OCDE.<\/span><\/p>\n<p><span style=\"font-size: 14pt;\">De acuerdo con cifras comparables a 2021, en M\u00e9xico el gasto en salud represent\u00f3 5.5 por ciento del producto interno bruto (PIB). En s\u00ed es uno de los m\u00e1s bajos de la OCDE, que cuenta con un promedio de 9.2 por ciento; a ello se suma que casi la mitad del recurso sale directamente de las personas, en lugar de ser provisto con gasto p\u00fablico.<\/span><\/p>\n<p><span style=\"font-size: 14pt;\">Tanto en infraestructura como en personal, el pa\u00eds se mantiene por debajo de econom\u00edas similares, de acuerdo con los datos recuperados por la OCDE hasta 2021. Hay una cama de hospital por cada mil habitantes, la proporci\u00f3n m\u00e1s baja entre los pa\u00edses que pertenecen a la organizaci\u00f3n, as\u00ed como 2.5 m\u00e9dicos y 2.9 por ciento de enfermeras, ambos indicadores por debajo del promedio de la OCDE.<\/span><\/p>\n<p><span style=\"font-size: 14pt;\">Guanais explic\u00f3 que adem\u00e1s de los \u201cviejos desaf\u00edos que no han sido superados\u201d, como el que M\u00e9xico ocupa el segundo lugar en mortalidad infantil, s\u00f3lo por debajo de Colombia, y el que la esperanza de vida es de 75.4 a\u00f1os, 4.9 por debajo del promedio de la OCDE, se suman nuevos problemas a atender, principalmente por la obesidad.<\/span><\/p>\n<p><span style=\"font-size: 14pt;\">En M\u00e9xico, uno de cada tres adultos es obseso, lo que deriva en un impacto de 5.3 por ciento del producto interno bruto por los gastos en salud y la p\u00e9rdida de fuerza de trabajo. A ello se suma que 17 de cada 100 tiene diabetes, lo que genera mayores presiones, actuales y futuras sobre los recursos de los sistemas de salud, explic\u00f3 el investigador de la OCDE.<\/span><\/p>\n<p><span style=\"font-size: 14pt;\">El pa\u00eds, como todos los de Am\u00e9rica Latina que pertenecen a la organizaci\u00f3n, requieren gastar m\u00e1s y mejor en los sistemas de salud y sobre todo en servicios de atenci\u00f3n primaria, coment\u00f3 Guanais. No s\u00f3lo se trata de m\u00e1s recursos, sino de garantizar que tengan un uso eficiente, porque se ha identificado que hasta \u201c20 por ciento del gasto en salud es un despilfarro\u201d, coment\u00f3 el investigador.<\/span><\/p>\n","protected":false},"excerpt":{"rendered":"<p>M\u00e9xico tiene el gasto en salud m\u00e1s bajo por habitante entre los pa\u00edses que conforman la Organizaci\u00f3n para la Cooperaci\u00f3n<\/p>\n","protected":false},"author":4,"featured_media":20134,"comment_status":"closed","ping_status":"closed","sticky":false,"template":"","format":"standard","meta":{"colormag_page_container_layout":"default_layout","colormag_page_sidebar_layout":"default_layout","_jetpack_memberships_contains_paid_content":false,"footnotes":"","jetpack_publicize_message":"","jetpack_publicize_feature_enabled":true,"jetpack_social_post_already_shared":true,"jetpack_social_options":{"image_generator_settings":{"template":"highway","default_image_id":0,"font":"","enabled":false},"version":2}},"categories":[1947],"tags":[],"class_list":["post-20133","post","type-post","status-publish","format-standard","has-post-thumbnail","hentry","category-economia"],"jetpack_publicize_connections":[],"jetpack_featured_media_url":"https:\/\/noticiasveracruz.com\/wp-content\/uploads\/2023\/11\/6549d77e0cd28.jpeg","jetpack_sharing_enabled":true,"publishpress_future_action":{"enabled":false,"date":"2026-05-06 20:48:03","action":"change-status","newStatus":"draft","terms":[],"taxonomy":"category","extraData":[]},"publishpress_future_workflow_manual_trigger":{"enabledWorkflows":[]},"_links":{"self":[{"href":"https:\/\/noticiasveracruz.com\/index.php\/wp-json\/wp\/v2\/posts\/20133","targetHints":{"allow":["GET"]}}],"collection":[{"href":"https:\/\/noticiasveracruz.com\/index.php\/wp-json\/wp\/v2\/posts"}],"about":[{"href":"https:\/\/noticiasveracruz.com\/index.php\/wp-json\/wp\/v2\/types\/post"}],"author":[{"embeddable":true,"href":"https:\/\/noticiasveracruz.com\/index.php\/wp-json\/wp\/v2\/users\/4"}],"replies":[{"embeddable":true,"href":"https:\/\/noticiasveracruz.com\/index.php\/wp-json\/wp\/v2\/comments?post=20133"}],"version-history":[{"count":0,"href":"https:\/\/noticiasveracruz.com\/index.php\/wp-json\/wp\/v2\/posts\/20133\/revisions"}],"wp:featuredmedia":[{"embeddable":true,"href":"https:\/\/noticiasveracruz.com\/index.php\/wp-json\/wp\/v2\/media\/20134"}],"wp:attachment":[{"href":"https:\/\/noticiasveracruz.com\/index.php\/wp-json\/wp\/v2\/media?parent=20133"}],"wp:term":[{"taxonomy":"category","embeddable":true,"href":"https:\/\/noticiasveracruz.com\/index.php\/wp-json\/wp\/v2\/categories?post=20133"},{"taxonomy":"post_tag","embeddable":true,"href":"https:\/\/noticiasveracruz.com\/index.php\/wp-json\/wp\/v2\/tags?post=20133"}],"curies":[{"name":"wp","href":"https:\/\/api.w.org\/{rel}","templated":true}]}}