{"id":20130,"date":"2023-11-07T08:42:02","date_gmt":"2023-11-07T14:42:02","guid":{"rendered":"https:\/\/noticiasveracruz.com\/?p=20130"},"modified":"2023-11-07T08:42:02","modified_gmt":"2023-11-07T14:42:02","slug":"sre-y-onu-evaluan-programas-del-organismo-implementados-en-mexico","status":"publish","type":"post","link":"https:\/\/noticiasveracruz.com\/index.php\/2023\/11\/07\/sre-y-onu-evaluan-programas-del-organismo-implementados-en-mexico\/","title":{"rendered":"SRE y ONU eval\u00faan programas del organismo implementados en M\u00e9xico"},"content":{"rendered":"<p><span style=\"font-size: 14pt;\">Se llev\u00f3 a cabo la reuni\u00f3n entre el Comit\u00e9 Directivo Conjunto del Marco de Cooperaci\u00f3n de las Naciones Unidas para el Desarrollo Sostenible en M\u00e9xico (2020-2025) y las autoridades de la Secretar\u00eda de Relaciones Exteriores (SRE), con el objetivo de dar seguimiento a la implementaci\u00f3n de los programas e iniciativas de este organismo internacional.<\/span><\/p>\n<p><span style=\"font-size: 14pt;\">Por parte de la canciller\u00eda mexicana, presidi\u00f3 el encuentro la titular de la SRE, Alicia B\u00e1rcena Ibarra; y por la ONU su coordinador residente en nuestro pa\u00eds, Peter Grohamann.<\/span><\/p>\n<p><span style=\"font-size: 14pt;\">Entre los programas de Naciones Unidas que se evaluaron en este encuentro destacaron \u00abCerrando Brechas\u00bb, que promovi\u00f3 el acceso a la protecci\u00f3n social de m\u00e1s de 54 mil mujeres trabajadoras del hogar, jornaleras agr\u00edcolas y trabajadoras del sector de cuidados.<\/span><\/p>\n<p><span style=\"font-size: 14pt;\">Tambi\u00e9n el Atlas Prospectivo Territorial-Industrial, dise\u00f1ado junto con la canciller\u00eda con el objetivo de sustentar la planificaci\u00f3n urbano-regional para generar empleos decentes y cadenas de valor en 113 municipios de nueve estados.<\/span><\/p>\n<p><span style=\"font-size: 14pt;\">Igualmente, el programa Spotlight, el cual contribuy\u00f3 a fortalecer leyes federales y estatales para prevenir y responder a la violencia contra las mujeres, incluyendo el feminicidio.<\/span><\/p>\n<p><span style=\"font-size: 14pt;\">En este marco, la secretaria Alicia B\u00e1rcena agradeci\u00f3 el trabajo y la solidaridad de las agencias y programas de las Naciones Unidas que se encuentran colaborando con las autoridades federales, estatales y municipales en el estado de Guerrero para brindar asistencia humanitaria a las v\u00edctimas del hurac\u00e1n <em>Otis<\/em>.<\/span><\/p>\n","protected":false},"excerpt":{"rendered":"<p>Se llev\u00f3 a cabo la reuni\u00f3n entre el Comit\u00e9 Directivo Conjunto del Marco de Cooperaci\u00f3n de las Naciones Unidas para<\/p>\n","protected":false},"author":4,"featured_media":20131,"comment_status":"closed","ping_status":"closed","sticky":false,"template":"","format":"standard","meta":{"colormag_page_container_layout":"default_layout","colormag_page_sidebar_layout":"default_layout","_jetpack_memberships_contains_paid_content":false,"footnotes":"","jetpack_publicize_message":"","jetpack_publicize_feature_enabled":true,"jetpack_social_post_already_shared":true,"jetpack_social_options":{"image_generator_settings":{"template":"highway","default_image_id":0,"font":"","enabled":false},"version":2}},"categories":[355],"tags":[],"class_list":["post-20130","post","type-post","status-publish","format-standard","has-post-thumbnail","hentry","category-internacional"],"jetpack_publicize_connections":[],"jetpack_featured_media_url":"https:\/\/noticiasveracruz.com\/wp-content\/uploads\/2023\/11\/ec7d7fdc-edff-4c3a-981d-89f3830785a0-scaled.jpg","jetpack_sharing_enabled":true,"publishpress_future_action":{"enabled":false,"date":"2026-05-06 20:04:20","action":"change-status","newStatus":"draft","terms":[],"taxonomy":"category","extraData":[]},"publishpress_future_workflow_manual_trigger":{"enabledWorkflows":[]},"_links":{"self":[{"href":"https:\/\/noticiasveracruz.com\/index.php\/wp-json\/wp\/v2\/posts\/20130","targetHints":{"allow":["GET"]}}],"collection":[{"href":"https:\/\/noticiasveracruz.com\/index.php\/wp-json\/wp\/v2\/posts"}],"about":[{"href":"https:\/\/noticiasveracruz.com\/index.php\/wp-json\/wp\/v2\/types\/post"}],"author":[{"embeddable":true,"href":"https:\/\/noticiasveracruz.com\/index.php\/wp-json\/wp\/v2\/users\/4"}],"replies":[{"embeddable":true,"href":"https:\/\/noticiasveracruz.com\/index.php\/wp-json\/wp\/v2\/comments?post=20130"}],"version-history":[{"count":0,"href":"https:\/\/noticiasveracruz.com\/index.php\/wp-json\/wp\/v2\/posts\/20130\/revisions"}],"wp:featuredmedia":[{"embeddable":true,"href":"https:\/\/noticiasveracruz.com\/index.php\/wp-json\/wp\/v2\/media\/20131"}],"wp:attachment":[{"href":"https:\/\/noticiasveracruz.com\/index.php\/wp-json\/wp\/v2\/media?parent=20130"}],"wp:term":[{"taxonomy":"category","embeddable":true,"href":"https:\/\/noticiasveracruz.com\/index.php\/wp-json\/wp\/v2\/categories?post=20130"},{"taxonomy":"post_tag","embeddable":true,"href":"https:\/\/noticiasveracruz.com\/index.php\/wp-json\/wp\/v2\/tags?post=20130"}],"curies":[{"name":"wp","href":"https:\/\/api.w.org\/{rel}","templated":true}]}}