{"id":20121,"date":"2023-11-07T08:30:39","date_gmt":"2023-11-07T14:30:39","guid":{"rendered":"https:\/\/noticiasveracruz.com\/?p=20121"},"modified":"2023-11-07T08:30:39","modified_gmt":"2023-11-07T14:30:39","slug":"todo-el-dinero-para-las-elecciones","status":"publish","type":"post","link":"https:\/\/noticiasveracruz.com\/index.php\/2023\/11\/07\/todo-el-dinero-para-las-elecciones\/","title":{"rendered":"Todo el dinero para las elecciones"},"content":{"rendered":"<p><span style=\"font-size: 14pt;\"><strong>Por Aurelio Contreras Moreno<\/strong><\/span><\/p>\n<p><span style=\"font-size: 14pt;\">Emulando los \u201cmejores\u201d tiempos de su \u201cabuelo\u201d el PRI, los \u201clevantadedos\u201d diputados obradoristas aprobaron este lunes en lo general el dictamen del Proyecto de Presupuesto de Egresos de la Federaci\u00f3n (PEF) que, sin ambages ni medias tintas, lo que busca es meterle dinero a la pol\u00edtica electoral durante el proceso de 2024.<\/span><\/p>\n<p><span style=\"font-size: 14pt;\">La mayor\u00eda de\u00a0Morena y sus aliados aprobaron que el gobierno de Andr\u00e9s Manuel L\u00f3pez Obrador gaste la friolera de nueve billones 66 mil 45 millones de pesos \u2013con endeudamiento de dos billones de por medio-, en a\u00f1o de elecciones presidenciales concurrentes con la renovaci\u00f3n del Congreso de la Uni\u00f3n y nueve gubernaturas. Pr\u00e1cticamente un cheque al portador para que el r\u00e9gimen lo use para influir en los comicios a trav\u00e9s de lo \u00fanico que sabe hacer: pol\u00edtica clientelar.<\/span><\/p>\n<p><span style=\"font-size: 14pt;\">El monto total aprobado al grupo de \u201cDesarrollo Social\u201d del Presupuesto federal asciende a cuatro mil 384 millones 582.4 pesos, que es lo que se dispondr\u00e1 para el pago de las pensiones para adultos mayores y programas como \u201cJ\u00f3venes construyendo futuro\u201d, que presentan se\u00f1alamientos de la Auditor\u00eda Superior de la Federaci\u00f3n por desv\u00edos millonarios.<\/span><\/p>\n<p><span style=\"font-size: 14pt;\">Al Programa de Becas de Educaci\u00f3n B\u00e1sica para el Bienestar \u201cBenito Ju\u00e1rez\u201d se le asignaron a su vez 13 mil 262 millones de pesos adicionales. Todo ese dinero tiene un \u00fanico prop\u00f3sito: comprar conciencias para ganarse el voto de los ciudadanos necesitados \u2013y tambi\u00e9n de los convenencieros- con todo y el desastre en que el obradorato tiene sumido al pa\u00eds.<\/span><\/p>\n<p><span style=\"font-size: 14pt;\">Baste ver que a los damnificados en Acapulco no se les asign\u00f3 un solo peso en el PEF, pues seg\u00fan el gobierno con enviarles despensas y aumentar los montos de sus programas clientelares, basta y sobra.<\/span><\/p>\n<p><span style=\"font-size: 14pt;\">Pero en realidad, lo que no quieren es distraer recursos de lo \u00fanico que verdaderamente les importa: la politiquer\u00eda y la megaloman\u00eda de L\u00f3pez Obrador, encarnada en sus fara\u00f3nicas \u2013y hasta la fecha, inservibles- obras insignia. \u00a1Ah! Y para seguir llenando las alforjas de los militares, la nueva \u201ccasta divina\u201d en M\u00e9xico. Algo que lamentaremos por muchos a\u00f1os.<\/span><\/p>\n<p><span style=\"font-size: 14pt;\">En cambio, se concret\u00f3 parte de lo que fue siempre parte del plan obradorista: debilitar a los organismos y poderes aut\u00f3nomos, en el af\u00e1n de la restauraci\u00f3n autoritaria de la \u201cpresidencia imperial\u201d.<\/span><\/p>\n<p><span style=\"font-size: 14pt;\">Los m\u00e1s de 13 mil millones de pesos\u00a0que se destinar\u00e1n a las \u201cbecas del bienestar\u201d les fueron recortados al Poder Judicial, al Instituto Nacional Electoral y al Tribunal Electoral del Poder Judicial de la Federaci\u00f3n \u00a1en a\u00f1o electoral!; al Instituto Nacional de Acceso a la Informaci\u00f3n y a la Comisi\u00f3n Federal de Competencia Econ\u00f3mica. Todos, contrapesos necesarios para evitar la concentraci\u00f3n del poder en un solo estrato, y por lo cual si en sus manos hubiese estado, L\u00f3pez Obrador los habr\u00eda ya desaparecido.<\/span><\/p>\n<p><span style=\"font-size: 14pt;\">Todo el dinero p\u00fablico, el dinero de los mexicanos, el de usted y el m\u00edo, ser\u00e1 usado para la organizar la elecci\u00f3n de Estado m\u00e1s grotesca de la historia. Y no parece haber nada que pueda detener ese retroceso hist\u00f3rico.<\/span><\/p>\n<p><span style=\"font-size: 14pt;\">\u00a0Humillaci\u00f3n p\u00fablica a la UV. \u00bfY el rector?<\/span><\/p>\n<p><span style=\"font-size: 14pt;\">El gobierno de Veracruz present\u00f3 tambi\u00e9n su proyecto de presupuesto 2024 para el estado, que asciende a 163 mil millones de pesos, 10 por ciento m\u00e1s de lo que \u00bfejerci\u00f3? este a\u00f1o.<\/span><\/p>\n<p><span style=\"font-size: 14pt;\">Y el dato que m\u00e1s llama la atenci\u00f3n es que la Secretar\u00eda de Finanzas \u2013porque el que cobra como gobernador est\u00e1 ocupado con las flores de su jard\u00edn- ignor\u00f3 ol\u00edmpicamente el reclamo de la Universidad Veracruzana de que se cumpla lo que ordena la Constituci\u00f3n local y se le otorgue el 4 por ciento del presupuesto total del estado, lo que equivaldr\u00eda a que se le transfirieran unos ocho mil millones de pesos.<\/span><\/p>\n<p><span style=\"font-size: 14pt;\">En cambio, el presupuesto propuesto para la casa de estudios es de unos mil 500 millones menos de lo que le corresponde constitucionalmente. \u00a1Ah, pero le van a hacer el \u201cfavor\u201d, de asignarle casi 900 millones m\u00e1s que en 2023!<\/span><\/p>\n<p><span style=\"font-size: 14pt;\">Por cierto, \u00bfalguien sabe si a\u00fan hay rector en la UV?<\/span><\/p>\n<p><img loading=\"lazy\" decoding=\"async\" class=\"alignnone wp-image-20051 size-full\" src=\"http:\/\/noticiasveracruz.com\/wp-content\/uploads\/2023\/11\/FIRMA-EDITORIAL-PD.jpg\" alt=\"\" width=\"1024\" height=\"125\" srcset=\"https:\/\/noticiasveracruz.com\/wp-content\/uploads\/2023\/11\/FIRMA-EDITORIAL-PD.jpg 1024w, https:\/\/noticiasveracruz.com\/wp-content\/uploads\/2023\/11\/FIRMA-EDITORIAL-PD-300x37.jpg 300w, https:\/\/noticiasveracruz.com\/wp-content\/uploads\/2023\/11\/FIRMA-EDITORIAL-PD-768x94.jpg 768w\" sizes=\"auto, (max-width: 1024px) 100vw, 1024px\" \/><\/p>\n","protected":false},"excerpt":{"rendered":"<p>Por Aurelio Contreras Moreno Emulando los \u201cmejores\u201d tiempos de su \u201cabuelo\u201d el PRI, los \u201clevantadedos\u201d diputados obradoristas aprobaron este lunes<\/p>\n","protected":false},"author":4,"featured_media":3578,"comment_status":"closed","ping_status":"closed","sticky":false,"template":"","format":"standard","meta":{"colormag_page_container_layout":"default_layout","colormag_page_sidebar_layout":"default_layout","_jetpack_memberships_contains_paid_content":false,"footnotes":"","jetpack_publicize_message":"","jetpack_publicize_feature_enabled":true,"jetpack_social_post_already_shared":true,"jetpack_social_options":{"image_generator_settings":{"template":"highway","default_image_id":0,"font":"","enabled":false},"version":2}},"categories":[6],"tags":[],"class_list":["post-20121","post","type-post","status-publish","format-standard","has-post-thumbnail","hentry","category-columnistas"],"jetpack_publicize_connections":[],"jetpack_featured_media_url":"https:\/\/noticiasveracruz.com\/wp-content\/uploads\/2022\/04\/P-AURELIO-CONTRERAS.png","jetpack_sharing_enabled":true,"publishpress_future_action":{"enabled":false,"date":"2026-05-06 17:45:48","action":"change-status","newStatus":"draft","terms":[],"taxonomy":"category","extraData":[]},"publishpress_future_workflow_manual_trigger":{"enabledWorkflows":[]},"_links":{"self":[{"href":"https:\/\/noticiasveracruz.com\/index.php\/wp-json\/wp\/v2\/posts\/20121","targetHints":{"allow":["GET"]}}],"collection":[{"href":"https:\/\/noticiasveracruz.com\/index.php\/wp-json\/wp\/v2\/posts"}],"about":[{"href":"https:\/\/noticiasveracruz.com\/index.php\/wp-json\/wp\/v2\/types\/post"}],"author":[{"embeddable":true,"href":"https:\/\/noticiasveracruz.com\/index.php\/wp-json\/wp\/v2\/users\/4"}],"replies":[{"embeddable":true,"href":"https:\/\/noticiasveracruz.com\/index.php\/wp-json\/wp\/v2\/comments?post=20121"}],"version-history":[{"count":0,"href":"https:\/\/noticiasveracruz.com\/index.php\/wp-json\/wp\/v2\/posts\/20121\/revisions"}],"wp:featuredmedia":[{"embeddable":true,"href":"https:\/\/noticiasveracruz.com\/index.php\/wp-json\/wp\/v2\/media\/3578"}],"wp:attachment":[{"href":"https:\/\/noticiasveracruz.com\/index.php\/wp-json\/wp\/v2\/media?parent=20121"}],"wp:term":[{"taxonomy":"category","embeddable":true,"href":"https:\/\/noticiasveracruz.com\/index.php\/wp-json\/wp\/v2\/categories?post=20121"},{"taxonomy":"post_tag","embeddable":true,"href":"https:\/\/noticiasveracruz.com\/index.php\/wp-json\/wp\/v2\/tags?post=20121"}],"curies":[{"name":"wp","href":"https:\/\/api.w.org\/{rel}","templated":true}]}}