{"id":20119,"date":"2023-11-07T08:27:51","date_gmt":"2023-11-07T14:27:51","guid":{"rendered":"https:\/\/noticiasveracruz.com\/?p=20119"},"modified":"2023-11-07T08:27:51","modified_gmt":"2023-11-07T14:27:51","slug":"la-yuneocracia","status":"publish","type":"post","link":"https:\/\/noticiasveracruz.com\/index.php\/2023\/11\/07\/la-yuneocracia\/","title":{"rendered":"La Yuneocracia"},"content":{"rendered":"<p><span style=\"font-size: 14pt;\"><strong>Por: Luis Ram\u00edrez Baqueiro<\/strong><\/span><\/p>\n<p><span style=\"font-size: 12pt;\"><em>\u201cLa mentira produce flores, pero no frutos.\u201d \u2013 Proverbio chino<\/em><\/span><\/p>\n<p><span style=\"font-size: 14pt;\">\u00a0Vaya que los pol\u00edticos veracruzanos \u2013 a lo largo de la historia- son a la saz\u00f3n de los acontecimientos nacionales los m\u00e1s h\u00e1biles en eso de ir a la vanguardia en la posibilidad de explorar y crear nuevas escuelas de formaci\u00f3n pol\u00edtica.<\/span><\/p>\n<p><span style=\"font-size: 14pt;\">Los liberales veracruzanos del siglo XIX marcaron la pauta de la consolidaci\u00f3n de la Independencia, posteriormente la Rep\u00fablica, y finalmente, el paso a la construcci\u00f3n del M\u00e9xico que hoy conocemos.<\/span><\/p>\n<p><span style=\"font-size: 14pt;\">Enumerarlos quiz\u00e1 ser\u00eda ofensivo bajo el precepto de no dejar fuera el nombre de todos ellos.<\/span><\/p>\n<p><span style=\"font-size: 14pt;\">Pero los actuales actores pol\u00edticos se llevan las palmas, al menos, los pertenecientes a un linaje, pero de origen similar.<\/span><\/p>\n<p><span style=\"font-size: 14pt;\">As\u00ed las Familias Yunes, tanto las originarias de Soledad de Doblado o las del Valle de Perote, lo confirman.<\/span><\/p>\n<p><span style=\"font-size: 14pt;\">Y es que en los tiempos de la construcci\u00f3n de la primera gran coalici\u00f3n opositora, resulta que entre al menos dos actores de esos clanes, han inventado lo que se llama a partir de ahora, la \u201cYuneocracia\u201d.<\/span><\/p>\n<p><span style=\"font-size: 14pt;\">Alejados del concepto griego de la democracia, H\u00e9ctor Yunes Landa y Jos\u00e9 Francisco Yunes Zorrilla ya se pusieron de acuerdo, afirmando que el candidato del Frente Amplio por Veracruz (FAV) ser\u00e1 un Yunes.<\/span><\/p>\n<p><span style=\"font-size: 14pt;\">O sea que estos dos avezados creadores de la \u201cYuneocracia\u201d de buenas a primeras, acabaron con las posibilidades de que los integrantes del FAV tanto a nivel partidista PAN-PRI-PRD se manifiesten.<\/span><\/p>\n<p><span style=\"font-size: 14pt;\">Mucho menos, se habr\u00e1 de dar paso a otros actores pol\u00edticos que pudieran aspirar al cargo de Gobernador del Estado, como en el caso del senador panista Julen Rementer\u00eda del Puerto, quien habr\u00eda expresado su inter\u00e9s por concursar, o el caso de la \u00fanica mujer que dentro de su mismo partido el PRI, habr\u00eda expresado su inter\u00e9s por concursar, en la persona de la diputada local, Anil\u00fa Ingram Vallines a pesar del discurso falaz de enarbolar la bandera de la equidad y el equilibrio pol\u00edtico entre hombres y mujeres.<\/span><\/p>\n<p><span style=\"font-size: 14pt;\">Eso en la Yuneocracia no es posible, eso jam\u00e1s suceder\u00e1, porque en el fondo, el asunto, es quedarse con el control de Veracruz, para de alguna manera obtener beneficios de orden cupular o de grupo, alejados totalmente del motivo primog\u00e9nito de velar por el inter\u00e9s del colectivo y del bien com\u00fan de la sociedad.<\/span><\/p>\n<p><span style=\"font-size: 14pt;\">As\u00ed que aquellos que esperaban ser contemplados por sus partidos, para pelear la candidatura a unos d\u00edas del arranque de las precampa\u00f1as, si nos pone a pensar, pues queda claro que el Club de Tobby impera en la mente de los dos priistas.<\/span><\/p>\n<p><span style=\"font-size: 14pt;\">Lo que pase con las y los dem\u00e1s actores pol\u00edticos \u2013aspiracionistas- se pueden ir cocinando en otro momento, porque al final lo que importa es imponer un nuevo r\u00e9gimen pol\u00edtico veracruzano, en la Yuneocracia Priista.<\/span><\/p>\n<p><span style=\"font-size: 14pt;\">\u00a0Al tiempo.<\/span><\/p>\n<p><img loading=\"lazy\" decoding=\"async\" class=\"alignnone wp-image-20051 size-full\" src=\"http:\/\/noticiasveracruz.com\/wp-content\/uploads\/2023\/11\/FIRMA-EDITORIAL-PD.jpg\" alt=\"\" width=\"1024\" height=\"125\" srcset=\"https:\/\/noticiasveracruz.com\/wp-content\/uploads\/2023\/11\/FIRMA-EDITORIAL-PD.jpg 1024w, https:\/\/noticiasveracruz.com\/wp-content\/uploads\/2023\/11\/FIRMA-EDITORIAL-PD-300x37.jpg 300w, https:\/\/noticiasveracruz.com\/wp-content\/uploads\/2023\/11\/FIRMA-EDITORIAL-PD-768x94.jpg 768w\" sizes=\"auto, (max-width: 1024px) 100vw, 1024px\" \/><\/p>\n","protected":false},"excerpt":{"rendered":"<p>Por: Luis Ram\u00edrez Baqueiro \u201cLa mentira produce flores, pero no frutos.\u201d \u2013 Proverbio chino \u00a0Vaya que los pol\u00edticos veracruzanos \u2013<\/p>\n","protected":false},"author":4,"featured_media":3572,"comment_status":"closed","ping_status":"closed","sticky":false,"template":"","format":"standard","meta":{"colormag_page_container_layout":"default_layout","colormag_page_sidebar_layout":"default_layout","_jetpack_memberships_contains_paid_content":false,"footnotes":"","jetpack_publicize_message":"","jetpack_publicize_feature_enabled":true,"jetpack_social_post_already_shared":true,"jetpack_social_options":{"image_generator_settings":{"template":"highway","default_image_id":0,"font":"","enabled":false},"version":2}},"categories":[6],"tags":[],"class_list":["post-20119","post","type-post","status-publish","format-standard","has-post-thumbnail","hentry","category-columnistas"],"jetpack_publicize_connections":[],"jetpack_featured_media_url":"https:\/\/noticiasveracruz.com\/wp-content\/uploads\/2022\/04\/LUIS-RAMI\u0301REZ-BAQUEIRO.png","jetpack_sharing_enabled":true,"publishpress_future_action":{"enabled":false,"date":"2026-05-06 16:59:50","action":"change-status","newStatus":"draft","terms":[],"taxonomy":"category","extraData":[]},"publishpress_future_workflow_manual_trigger":{"enabledWorkflows":[]},"_links":{"self":[{"href":"https:\/\/noticiasveracruz.com\/index.php\/wp-json\/wp\/v2\/posts\/20119","targetHints":{"allow":["GET"]}}],"collection":[{"href":"https:\/\/noticiasveracruz.com\/index.php\/wp-json\/wp\/v2\/posts"}],"about":[{"href":"https:\/\/noticiasveracruz.com\/index.php\/wp-json\/wp\/v2\/types\/post"}],"author":[{"embeddable":true,"href":"https:\/\/noticiasveracruz.com\/index.php\/wp-json\/wp\/v2\/users\/4"}],"replies":[{"embeddable":true,"href":"https:\/\/noticiasveracruz.com\/index.php\/wp-json\/wp\/v2\/comments?post=20119"}],"version-history":[{"count":0,"href":"https:\/\/noticiasveracruz.com\/index.php\/wp-json\/wp\/v2\/posts\/20119\/revisions"}],"wp:featuredmedia":[{"embeddable":true,"href":"https:\/\/noticiasveracruz.com\/index.php\/wp-json\/wp\/v2\/media\/3572"}],"wp:attachment":[{"href":"https:\/\/noticiasveracruz.com\/index.php\/wp-json\/wp\/v2\/media?parent=20119"}],"wp:term":[{"taxonomy":"category","embeddable":true,"href":"https:\/\/noticiasveracruz.com\/index.php\/wp-json\/wp\/v2\/categories?post=20119"},{"taxonomy":"post_tag","embeddable":true,"href":"https:\/\/noticiasveracruz.com\/index.php\/wp-json\/wp\/v2\/tags?post=20119"}],"curies":[{"name":"wp","href":"https:\/\/api.w.org\/{rel}","templated":true}]}}