{"id":20092,"date":"2023-11-06T01:55:52","date_gmt":"2023-11-06T07:55:52","guid":{"rendered":"https:\/\/noticiasveracruz.com\/?p=20092"},"modified":"2023-11-06T01:55:52","modified_gmt":"2023-11-06T07:55:52","slug":"se-estanca-acuerdo-de-paz-en-colombia","status":"publish","type":"post","link":"https:\/\/noticiasveracruz.com\/index.php\/2023\/11\/06\/se-estanca-acuerdo-de-paz-en-colombia\/","title":{"rendered":"Se estanca acuerdo de paz en Colombia"},"content":{"rendered":"<p class=\"western\" lang=\"es-CO\"><span style=\"font-size: 14pt;\">Bogot\u00e1.- Las disidencias de las Farc conocidas como Estado Mayor Central (EMC) anunciaron este domingo que se levantan de la mesa de di\u00e1logos de paz, instalada hace apenas dos semanas, argumentando que el gobierno ha incumplido acuerdos sobre la presencia de la fuerza p\u00fablica en \u00e1reas rurales donde ellos operan.<\/span><\/p>\n<p class=\"western\" lang=\"es-CO\"><span style=\"font-size: 14pt;\">A trav\u00e9s de un comunicado, el EMC asegura que existe el peligro de un rompimiento definitivo de las negociaciones de paz, raz\u00f3n por la cual suspenden su presencia en la mesa y congelan la agenda pactada con el gobierno para realizar consultas internas, aunque -aseguran- mantendr\u00e1n el alto al fuego de seis meses pactado a mediados de octubre.<\/span><\/p>\n<p class=\"western\" lang=\"es-CO\"><span style=\"font-size: 14pt;\">La Jornada conoci\u00f3 que, a lo largo de la semana pasada, las delegaciones de ambas partes estuvieron enfrascadas en una fuerte discusi\u00f3n alrededor de la presencia de un contingente de soldados del ej\u00e9rcito en una peque\u00f1a localidad del departamento del Cauca conocido como El Plateado, donde los insurgentes han tenido presencia y control territorial en los \u00faltimos cinco a\u00f1os.<\/span><\/p>\n<p class=\"western\" lang=\"es-CO\"><span style=\"font-size: 14pt;\">Gobierno y guerrilla hab\u00edan acordado que el ej\u00e9rcito podr\u00eda ingresar a este peque\u00f1o casco urbano con el fin de garantizar el derecho de los ciudadanos a participar en los comicios regionales del pasado domingo, pero una vez terminada la jornada electoral, la localidad ser\u00eda desocupada, tanto de fuerza p\u00fablica como de guerrilla.<\/span><\/p>\n<p class=\"western\" lang=\"es-CO\"><span style=\"font-size: 14pt;\">Casi cien hombres del ej\u00e9rcito, sin embargo, se mantuvieron el El Plateado tras las elecciones lo que provoc\u00f3 una masiva movilizaci\u00f3n de m\u00e1s de cinco mil campesinos de la regi\u00f3n, conocida tambi\u00e9n como una de las mayores productoras de coca del sur occidente del pa\u00eds, cercana a la frontera con Ecuador.<\/span><\/p>\n","protected":false},"excerpt":{"rendered":"<p>Bogot\u00e1.- Las disidencias de las Farc conocidas como Estado Mayor Central (EMC) anunciaron este domingo que se levantan de la<\/p>\n","protected":false},"author":4,"featured_media":20093,"comment_status":"closed","ping_status":"closed","sticky":false,"template":"","format":"standard","meta":{"colormag_page_container_layout":"default_layout","colormag_page_sidebar_layout":"default_layout","_jetpack_memberships_contains_paid_content":false,"footnotes":"","jetpack_publicize_message":"","jetpack_publicize_feature_enabled":true,"jetpack_social_post_already_shared":true,"jetpack_social_options":{"image_generator_settings":{"template":"highway","default_image_id":0,"font":"","enabled":false},"version":2}},"categories":[355],"tags":[],"class_list":["post-20092","post","type-post","status-publish","format-standard","has-post-thumbnail","hentry","category-internacional"],"jetpack_publicize_connections":[],"jetpack_featured_media_url":"https:\/\/noticiasveracruz.com\/wp-content\/uploads\/2023\/11\/reuters_farc1.jpg","jetpack_sharing_enabled":true,"publishpress_future_action":{"enabled":false,"date":"2026-05-06 16:24:33","action":"change-status","newStatus":"draft","terms":[],"taxonomy":"category","extraData":[]},"publishpress_future_workflow_manual_trigger":{"enabledWorkflows":[]},"_links":{"self":[{"href":"https:\/\/noticiasveracruz.com\/index.php\/wp-json\/wp\/v2\/posts\/20092","targetHints":{"allow":["GET"]}}],"collection":[{"href":"https:\/\/noticiasveracruz.com\/index.php\/wp-json\/wp\/v2\/posts"}],"about":[{"href":"https:\/\/noticiasveracruz.com\/index.php\/wp-json\/wp\/v2\/types\/post"}],"author":[{"embeddable":true,"href":"https:\/\/noticiasveracruz.com\/index.php\/wp-json\/wp\/v2\/users\/4"}],"replies":[{"embeddable":true,"href":"https:\/\/noticiasveracruz.com\/index.php\/wp-json\/wp\/v2\/comments?post=20092"}],"version-history":[{"count":0,"href":"https:\/\/noticiasveracruz.com\/index.php\/wp-json\/wp\/v2\/posts\/20092\/revisions"}],"wp:featuredmedia":[{"embeddable":true,"href":"https:\/\/noticiasveracruz.com\/index.php\/wp-json\/wp\/v2\/media\/20093"}],"wp:attachment":[{"href":"https:\/\/noticiasveracruz.com\/index.php\/wp-json\/wp\/v2\/media?parent=20092"}],"wp:term":[{"taxonomy":"category","embeddable":true,"href":"https:\/\/noticiasveracruz.com\/index.php\/wp-json\/wp\/v2\/categories?post=20092"},{"taxonomy":"post_tag","embeddable":true,"href":"https:\/\/noticiasveracruz.com\/index.php\/wp-json\/wp\/v2\/tags?post=20092"}],"curies":[{"name":"wp","href":"https:\/\/api.w.org\/{rel}","templated":true}]}}