{"id":20089,"date":"2023-11-06T01:52:37","date_gmt":"2023-11-06T07:52:37","guid":{"rendered":"https:\/\/noticiasveracruz.com\/?p=20089"},"modified":"2023-11-06T01:52:37","modified_gmt":"2023-11-06T07:52:37","slug":"anuncia-ezln-desaparicion-de-sus-municipios-autonomos","status":"publish","type":"post","link":"https:\/\/noticiasveracruz.com\/index.php\/2023\/11\/06\/anuncia-ezln-desaparicion-de-sus-municipios-autonomos\/","title":{"rendered":"Anuncia EZLN desaparici\u00f3n de sus municipios aut\u00f3nomos"},"content":{"rendered":"<p><span style=\"font-size: 14pt;\"><em>San Crist\u00f3bal de Las Casas, Chis.- <\/em>El Ej\u00e9rcito Zapatista de Liberaci\u00f3n Nacional (EZLN), inform\u00f3 que despu\u00e9s \u201cde un largo y profundo an\u00e1lisis cr\u00edtico y autocr\u00edtico y de consultar a todos los pueblos zapatistas\u201d, se decidi\u00f3 la desaparici\u00f3n de los Municipios Aut\u00f3nomos Rebeldes Zapatistas (MAREZ) y de las Juntas de Buen Gobierno (JBG).<\/span><\/p>\n<p><span style=\"font-size: 14pt;\">En un comunicado firmado por el Subcomandante Mois\u00e9s, agreg\u00f3 que se mantienen los Caracoles, pero permanecer\u00e1n cerrados al exterior hasta nuevo aviso.<\/span><\/p>\n<p><span style=\"font-size: 14pt;\">\u201cLas razones y el proceso por el que se tom\u00f3 esta decisi\u00f3n, se las iremos platicando poco a poco en los escritos siguientes. S\u00f3lo les adelanto que esta valoraci\u00f3n, en su fase final, se inici\u00f3 hace unos 3 a\u00f1os. Tambi\u00e9n les iremos explicando c\u00f3mo es y c\u00f3mo se ha ido gestando la nueva estructura de la autonom\u00eda zapatista. Todo eso y m\u00e1s cosas, ir\u00e1n apareciendo en el momento oportuno\u201d, manifest\u00f3.<\/span><\/p>\n<p><span style=\"font-size: 14pt;\">De acuerdo con informaci\u00f3n dada a conocer en agosto de 2018 por el propio EZLN, hasta entonces contaba con\u00a043 instancias de autogobierno, sin relaci\u00f3n alguna con las autoridades oficiales de gobierno, as\u00ed como con 12 Caracoles, en la mayor\u00eda de las cuales operaban las JBG.<\/span><\/p>\n<p><span style=\"font-size: 14pt;\">En su comunicado difundido la noche de este domingo su p\u00e1gina oficial, el grupo rebelde anunci\u00f3 tambi\u00e9n que har\u00e1 \u201cuna celebraci\u00f3n con motivo de los 30 a\u00f1os del inicio de la guerra contra el olvido, en diciembre de 2023 y enero de 2024\u201d a la que \u201cest\u00e1n invitadas todas las personas que firmaron la Declaraci\u00f3n por la Vida\u201d.<\/span><\/p>\n<p><span style=\"font-size: 14pt;\">Sin embargo, abund\u00f3, \u201ces nuestro deber, al mismo tiempo que se les invita, desalentarles. Contrario a lo que informa y desinforma la prensa oficialista, autodenominada cool-progre-buena-ondita, las principales ciudades del suroriental estado mexicano de Chiapas est\u00e1n en un completo caos. Las presidencias municipales est\u00e1n ocupadas por lo que nosotros llamamos \u2018sicarios legales\u2019 o \u2018Crimen Desorganizado\u2019\u201d.<\/span><\/p>\n<p><span style=\"font-size: 14pt;\">Sostuvo que \u201chay bloqueos, asaltos, secuestros, cobro de piso, reclutamiento forzado, balaceras. Esto es efecto del padrinazgo del gobierno del estado y la disputa por los cargos que est\u00e1 en proceso. No son propuestas pol\u00edticas las que se enfrentan, sino sociedades criminales. Entonces, pues claro les decimos que, a diferencia de otros a\u00f1os, no es seguro\u201d.<\/span><\/p>\n<p><span style=\"font-size: 14pt;\">Se\u00f1al\u00f3 que \u201cSan Crist\u00f3bal de Las Casas, Comit\u00e1n, Las Margaritas y Palenque, por mencionar algunas cabeceras municipales, est\u00e1n en manos de uno de los c\u00e1rteles del crimen desorganizado y en disputa con otro. Esto es constatado por la llamada industria hotelera, tur\u00edstica, restaurantera y de servicios. Quienes trabajan en estos lugares lo saben y no lo han denunciado porque est\u00e1n amenazados y, adem\u00e1s, saben que es in\u00fatil cualquier petici\u00f3n, porque las autoridades estatales y municipales son las que delinquen y no tienen llenadera en la robadera que est\u00e1n haciendo\u201d.<\/span><\/p>\n<p><span style=\"font-size: 14pt;\">En las comunidades rurales, a\u00f1adi\u00f3, \u201cel problema es m\u00e1s grave a\u00fan. Eso lo gritan quienes las habitan en todas las regiones de Chiapas, particularmente en toda la franja fronteriza con Guatemala\u201d.<\/span><\/p>\n<p><span style=\"font-size: 14pt;\">Expres\u00f3 que \u201clo que se lee, escucha y se ve en la mayor\u00eda de los medios locales y nacionales, es s\u00f3lo un eco malo y sinverg\u00fcenza, de las redes sociales del gobierno del estado. La verdad es que las autoridades oficiales son el problema. S\u00ed, como en el resto del pa\u00eds\u201d.<\/span><\/p>\n<p><span style=\"font-size: 14pt;\">El EZLN asegur\u00f3 que \u201clas fuerzas militares y polic\u00edacas federales, estatales y locales, no est\u00e1n en Chiapas para proteger a la poblaci\u00f3n civil. Est\u00e1n con el \u00fanico objetivo de frenar la migraci\u00f3n. \u00c9sa es la orden que vino desde el gobierno norteamericano. Como es su modo, han convertido la migraci\u00f3n en un negocio. El tr\u00e1fico y la trata de personas es un negocio de las autoridades que, mediante la extorsi\u00f3n, el secuestro y compraventa de migrantes, se enriquecen desvergonzadamente\u201d.<\/span><\/p>\n<p><span style=\"font-size: 14pt;\">Subray\u00f3: \u201cEntonces, pues no les aconsejamos que vengan. A menos, claro, que se organicen muy bien para hacerlo. Entonces, aunque no les esperamos, les invitamos. Las fechas tentativas de las conmemoraciones son entre el 23 de diciembre del 2023 y el 7 de enero del 2024, siendo la celebraci\u00f3n central los d\u00edas 30-31 de diciembre y 1-2 de enero. Luego les diremos el lugar. O sea que s\u00ed queremos que vengan, aunque no lo recomendamos\u201d.\u00a0<\/span><\/p>\n","protected":false},"excerpt":{"rendered":"<p>San Crist\u00f3bal de Las Casas, Chis.- El Ej\u00e9rcito Zapatista de Liberaci\u00f3n Nacional (EZLN), inform\u00f3 que despu\u00e9s \u201cde un largo y<\/p>\n","protected":false},"author":4,"featured_media":20090,"comment_status":"closed","ping_status":"closed","sticky":false,"template":"","format":"standard","meta":{"colormag_page_container_layout":"default_layout","colormag_page_sidebar_layout":"default_layout","_jetpack_memberships_contains_paid_content":false,"footnotes":"","jetpack_publicize_message":"","jetpack_publicize_feature_enabled":true,"jetpack_social_post_already_shared":true,"jetpack_social_options":{"image_generator_settings":{"template":"highway","default_image_id":0,"font":"","enabled":false},"version":2}},"categories":[145],"tags":[],"class_list":["post-20089","post","type-post","status-publish","format-standard","has-post-thumbnail","hentry","category-estados"],"jetpack_publicize_connections":[],"jetpack_featured_media_url":"https:\/\/noticiasveracruz.com\/wp-content\/uploads\/2023\/11\/el-ezln-se-opone-a-proyectos-de-amlo-y-lanza-advertencia-634d23b8068965160a83de0f5a081bce.jpg","jetpack_sharing_enabled":true,"publishpress_future_action":{"enabled":false,"date":"2026-05-06 15:42:29","action":"change-status","newStatus":"draft","terms":[],"taxonomy":"category","extraData":[]},"publishpress_future_workflow_manual_trigger":{"enabledWorkflows":[]},"_links":{"self":[{"href":"https:\/\/noticiasveracruz.com\/index.php\/wp-json\/wp\/v2\/posts\/20089","targetHints":{"allow":["GET"]}}],"collection":[{"href":"https:\/\/noticiasveracruz.com\/index.php\/wp-json\/wp\/v2\/posts"}],"about":[{"href":"https:\/\/noticiasveracruz.com\/index.php\/wp-json\/wp\/v2\/types\/post"}],"author":[{"embeddable":true,"href":"https:\/\/noticiasveracruz.com\/index.php\/wp-json\/wp\/v2\/users\/4"}],"replies":[{"embeddable":true,"href":"https:\/\/noticiasveracruz.com\/index.php\/wp-json\/wp\/v2\/comments?post=20089"}],"version-history":[{"count":0,"href":"https:\/\/noticiasveracruz.com\/index.php\/wp-json\/wp\/v2\/posts\/20089\/revisions"}],"wp:featuredmedia":[{"embeddable":true,"href":"https:\/\/noticiasveracruz.com\/index.php\/wp-json\/wp\/v2\/media\/20090"}],"wp:attachment":[{"href":"https:\/\/noticiasveracruz.com\/index.php\/wp-json\/wp\/v2\/media?parent=20089"}],"wp:term":[{"taxonomy":"category","embeddable":true,"href":"https:\/\/noticiasveracruz.com\/index.php\/wp-json\/wp\/v2\/categories?post=20089"},{"taxonomy":"post_tag","embeddable":true,"href":"https:\/\/noticiasveracruz.com\/index.php\/wp-json\/wp\/v2\/tags?post=20089"}],"curies":[{"name":"wp","href":"https:\/\/api.w.org\/{rel}","templated":true}]}}