{"id":20086,"date":"2023-11-06T01:49:21","date_gmt":"2023-11-06T07:49:21","guid":{"rendered":"https:\/\/noticiasveracruz.com\/?p=20086"},"modified":"2023-11-06T01:49:21","modified_gmt":"2023-11-06T07:49:21","slug":"picasso-y-su-obra-resplandecen-en-el-ocaso-del-50-aniversario-de-su-muerte","status":"publish","type":"post","link":"https:\/\/noticiasveracruz.com\/index.php\/2023\/11\/06\/picasso-y-su-obra-resplandecen-en-el-ocaso-del-50-aniversario-de-su-muerte\/","title":{"rendered":"Picasso y su obra resplandecen en el ocaso del 50 aniversario de su muerte"},"content":{"rendered":"<div class=\"col col1\">\n<p class=\"s-s\"><span style=\"font-size: 14pt;\">En el ocaso de los actos para rememorar el 50 aniversario de la muerte de uno de los creadores m\u00e1s importantes de la historia del arte, el malague\u00f1o Pablo Ruiz Picasso, su figura resplandece m\u00e1s que nunca, y lo hace a trav\u00e9s de su obra y de su inmenso legado est\u00e9tico, filos\u00f3fico y po\u00e9tico, con el que influy\u00f3 a pintores y escultores de otras generaciones y tradiciones.<\/span><\/p>\n<p><span style=\"font-size: 14pt;\">En un d\u00eda se inauguraron en Espa\u00f1a dos exposiciones que confirman la vigencia de Picasso: una, en el Museo Nacional Thyssen-Bornemisza, en la que a trav\u00e9s de 40 piezas se establece un di\u00e1logo con grandes maestros, como Vel\u00e1zquez, Goya, Tiziano, Rubens o Murillo; la segunda, en el Museo Picasso de M\u00e1laga, en la que se muestran piezas de artistas contempor\u00e1neos inspiradas en la obra y estilo del pintor espa\u00f1ol, al que muchos historiadores sit\u00faan como el m\u00e1s influyente y determinante del siglo XX.<\/span><\/p>\n<p><span style=\"font-size: 14pt;\">La muerte de Picasso, ocurrida el 8 de abril de 1973, sacudi\u00f3 al mundo. Su influjo en las vanguardias y en el discurso art\u00edstico e, incluso, pol\u00edtico del momento, fue hondo. Una de sus cuadros m\u00e1s celebradas, el\u00a0<em>Guernica,\u00a0<\/em>est\u00e1 inspirado en el bombardeo fascista en abril de 1937 a la peque\u00f1a localidad vasca con el mismo nombre, el cual se perpetr\u00f3 en plena guerra civil espa\u00f1ola, convirti\u00e9ndose en s\u00edmbolo antifascista y de repudio a la guerra. Pero Picasso fue eso y mucho m\u00e1s, de ah\u00ed que a ra\u00edz del 50 aniversario de su muerte se han llevado a cabo numerosos actos, exposiciones, conferencias y debates en torno a su figura, que han tenido como epicentro tres puntos geogr\u00e1ficos: Madrid, Par\u00eds y M\u00e1laga. Y, un poco m\u00e1s relegada, Barcelona.<\/span><\/p>\n<p><span style=\"font-size: 14pt;\">El Museo Thyssen-Bornemisza de Madrid presenta la exposici\u00f3n\u00a0<em>Picasso, lo sagrado y lo profano,\u00a0<\/em>en la que muestran al Picasso que absorb\u00eda la simiente de los grandes maestros, a quienes\u00a0<q>canibalizaba<\/q>, en palabras del director del museo, Guillermo Solana. La exhibici\u00f3n consta de 40 piezas (22 de ellas del malague\u00f1o) en las que se propone estudiar la originalidad con la que se acerc\u00f3 al mundo cl\u00e1sico y a los temas de la tradici\u00f3n judeocristiana, develando su capacidad de integrar elementos y problemas del arte anterior y de reflexionar sobre la esencia de la pintura. Es decir, una conjunci\u00f3n de lo divino y lo humano en su sentido m\u00e1s amplio y profundo, como forma de explicar, adem\u00e1s, el arte desde el principio de los tiempos, de ah\u00ed que se busque indagar en esa mirada de Picasso al arte del pasado para revelar nuevos modos de interpretar la historia.<\/span><\/p>\n<p><span style=\"font-size: 14pt;\">A las ocho obras que pertenecen a las colecciones Thyssen se suman varios pr\u00e9stamos del Museo Picasso-Par\u00eds y de otros coleccionistas e instituciones, as\u00ed como pinturas de\u00a0<em>El Greco,\u00a0<\/em>Rubens, Murillo, Zurbar\u00e1n, Van der Hamen, Delacroix, una escultura de Pedro de Mena y algunos grabados de Goya. A trav\u00e9s de tres d\u00e9cadas de producci\u00f3n y alrededor de tres tramas tem\u00e1ticas, se establece un di\u00e1logo en torno a los mitos y ritos paganos y cristianos que se fusionan en muchas de sus creaciones, sobre todo a la hora de tratar los asuntos m\u00e1s universales de la vida, la muerte, el sexo, la violencia y el dolor.<\/span><\/p>\n<\/div>\n<div class=\"col col2\">\n<p><span style=\"font-size: 14pt;\">En una de las secciones, Iconofagia, se aborda la apropiaci\u00f3n de determinados aspectos del pasado mediante la contemplaci\u00f3n de las obras en los museos o de las reproducciones fotogr\u00e1ficas que recopil\u00f3 Pablo Picasso de manera compulsiva; mientras la secci\u00f3n Laberinto Personal se centra en la narraci\u00f3n de sus obsesiones personales mediante la relaboraci\u00f3n de mitos y epopeyas cl\u00e1sicas; finalmente, en Ritos Sagrados y Profanos se adentra en los rituales paganos o la herencia de lo sacramental a trav\u00e9s de alegor\u00edas y cosmolog\u00edas cristianas.<\/span><\/p>\n<p><span style=\"font-size: 14pt;\"><q>Es una trama con todos los grandes temas, entre ellos el de la iconofagia o canibalismo de Picasso: ten\u00eda gran capacidad para devorar a otros artistas al tiempo que reciclaba la tradici\u00f3n<\/q>, explic\u00f3 Solana.<\/span><\/p>\n<p><span style=\"font-size: 14pt;\">Paloma Alarc\u00f3, curadora de la muestra, a\u00f1adi\u00f3 que\u00a0<q>quer\u00eda hacer hablar a Picasso con los maestros antiguos para llevar esa idea suya de que en el legado del arte no hay pasado ni futuro, s\u00f3lo presente. \u00c9l se consideraba a s\u00ed mismo cham\u00e1n de gran fuerza creadora e intercesor entre el pasado y el presente<\/q>.<\/span><\/p>\n<\/div>\n","protected":false},"excerpt":{"rendered":"<p>En el ocaso de los actos para rememorar el 50 aniversario de la muerte de uno de los creadores m\u00e1s<\/p>\n","protected":false},"author":4,"featured_media":20087,"comment_status":"closed","ping_status":"closed","sticky":false,"template":"","format":"standard","meta":{"colormag_page_container_layout":"default_layout","colormag_page_sidebar_layout":"default_layout","_jetpack_memberships_contains_paid_content":false,"footnotes":"","jetpack_publicize_message":"","jetpack_publicize_feature_enabled":true,"jetpack_social_post_already_shared":true,"jetpack_social_options":{"image_generator_settings":{"template":"highway","default_image_id":0,"font":"","enabled":false},"version":2}},"categories":[358],"tags":[],"class_list":["post-20086","post","type-post","status-publish","format-standard","has-post-thumbnail","hentry","category-cultura"],"jetpack_publicize_connections":[],"jetpack_featured_media_url":"https:\/\/noticiasveracruz.com\/wp-content\/uploads\/2023\/11\/medium_MPM_Exposicion_El_eco_de_Picasso_05_c5bb75b777.jpg","jetpack_sharing_enabled":true,"publishpress_future_action":{"enabled":false,"date":"2026-05-06 16:30:46","action":"change-status","newStatus":"draft","terms":[],"taxonomy":"category","extraData":[]},"publishpress_future_workflow_manual_trigger":{"enabledWorkflows":[]},"_links":{"self":[{"href":"https:\/\/noticiasveracruz.com\/index.php\/wp-json\/wp\/v2\/posts\/20086","targetHints":{"allow":["GET"]}}],"collection":[{"href":"https:\/\/noticiasveracruz.com\/index.php\/wp-json\/wp\/v2\/posts"}],"about":[{"href":"https:\/\/noticiasveracruz.com\/index.php\/wp-json\/wp\/v2\/types\/post"}],"author":[{"embeddable":true,"href":"https:\/\/noticiasveracruz.com\/index.php\/wp-json\/wp\/v2\/users\/4"}],"replies":[{"embeddable":true,"href":"https:\/\/noticiasveracruz.com\/index.php\/wp-json\/wp\/v2\/comments?post=20086"}],"version-history":[{"count":0,"href":"https:\/\/noticiasveracruz.com\/index.php\/wp-json\/wp\/v2\/posts\/20086\/revisions"}],"wp:featuredmedia":[{"embeddable":true,"href":"https:\/\/noticiasveracruz.com\/index.php\/wp-json\/wp\/v2\/media\/20087"}],"wp:attachment":[{"href":"https:\/\/noticiasveracruz.com\/index.php\/wp-json\/wp\/v2\/media?parent=20086"}],"wp:term":[{"taxonomy":"category","embeddable":true,"href":"https:\/\/noticiasveracruz.com\/index.php\/wp-json\/wp\/v2\/categories?post=20086"},{"taxonomy":"post_tag","embeddable":true,"href":"https:\/\/noticiasveracruz.com\/index.php\/wp-json\/wp\/v2\/tags?post=20086"}],"curies":[{"name":"wp","href":"https:\/\/api.w.org\/{rel}","templated":true}]}}