{"id":20083,"date":"2023-11-06T01:46:26","date_gmt":"2023-11-06T07:46:26","guid":{"rendered":"https:\/\/noticiasveracruz.com\/?p=20083"},"modified":"2023-11-06T01:46:26","modified_gmt":"2023-11-06T07:46:26","slug":"parte-una-nueva-caravana-migrante-desde-tapachula","status":"publish","type":"post","link":"https:\/\/noticiasveracruz.com\/index.php\/2023\/11\/06\/parte-una-nueva-caravana-migrante-desde-tapachula\/","title":{"rendered":"Parte una nueva caravana migrante desde Tapachula"},"content":{"rendered":"<div class=\"col1 col\">\n<p class=\"s-s\"><span style=\"font-size: 14pt;\">Tapachula, Chis- La organizaci\u00f3n Pueblo Sin Fronteras (PSF) anunci\u00f3 una nueva caravana de migrantes desde Tapachula para este domingo, la cual se sumar\u00eda al contingente que se encuentra estacionado en Huixtla, Chiapas, desde el mi\u00e9rcoles, en espera de respuesta de las autoridades migratorias a la demanda de documentos de tr\u00e1nsito.<\/span><\/p>\n<p><span style=\"font-size: 14pt;\">En conferencia de prensa, el activista Irineo Mujica, de PSF, explic\u00f3 que pretenden salir con el nuevo grupo del Parque Bicentenario alrededor de las 5 horas y caminar sin hacer escala los 45 kil\u00f3metros hacia Huixtla.<\/span><\/p>\n<p><span style=\"font-size: 14pt;\">El hondure\u00f1o Douglas Estrada cont\u00f3 que lleva cinco meses varado en Tapachula pidiendo limosna y durmiendo en parques. La Comisi\u00f3n Mexicana de Ayuda a Refugiados le dio para mediados de noviembre su cita con el fin de continuar el tr\u00e1mite, pero ya no esperar\u00e1 y se sumar\u00e1 a la convocatoria de la nueva caravana.<\/span><\/p>\n<p><span style=\"font-size: 14pt;\">Susana Sara\u00ed Hern\u00e1ndez, originaria de Honduras, viaja con su nieto, y desde hace tres meses tambi\u00e9n ha realizado tr\u00e1mites ante las autoridades migratorias, pero no ha tenido respuesta.<\/span><\/p>\n<\/div>\n<div class=\"col2 col\">\n<p><span style=\"font-size: 14pt;\">Mujica adelant\u00f3 que con la mediaci\u00f3n de la Comisi\u00f3n Nacional de los Derechos Humanos avanza el di\u00e1logo con el Instituto Nacional de Migraci\u00f3n (INM) y es posible que este lunes haya una respuesta a la demanda de que proporcione papeles de tr\u00e1nsito.<\/span><\/p>\n<p><span style=\"font-size: 14pt;\">El activista urgi\u00f3 a las autoridades a dar respuesta favorable a la petici\u00f3n porque, entre los integrantes de la caravana que aguarda en Huixtla, al menos unas 40 personas han tenido desmayos y unos 200 menores sufren desnutrici\u00f3n.<\/span><\/p>\n<p><span style=\"font-size: 14pt;\">Se\u00f1al\u00f3 que el INM podr\u00eda resolver la crisis con la entrega de formas migratorias m\u00faltiples, con las cuales los extranjeros pueden transitar por el pa\u00eds de manera legal sin exponerse a accidentes o a ser v\u00edctimas del crimen.<\/span><\/p>\n<p><span style=\"font-size: 14pt;\"><q>Si no cumplen, haremos acciones m\u00e1s fuertes<\/q>, advirti\u00f3.<\/span><\/p>\n<p><span style=\"font-size: 14pt;\">Las personas en situaci\u00f3n de movilidad han protestado con la sutura de labios y la quema de pi\u00f1atas en los \u00faltimos d\u00edas.<\/span><\/p>\n<\/div>\n","protected":false},"excerpt":{"rendered":"<p>Tapachula, Chis- La organizaci\u00f3n Pueblo Sin Fronteras (PSF) anunci\u00f3 una nueva caravana de migrantes desde Tapachula para este domingo, la<\/p>\n","protected":false},"author":4,"featured_media":20084,"comment_status":"closed","ping_status":"closed","sticky":false,"template":"","format":"standard","meta":{"colormag_page_container_layout":"default_layout","colormag_page_sidebar_layout":"default_layout","_jetpack_memberships_contains_paid_content":false,"footnotes":"","jetpack_publicize_message":"","jetpack_publicize_feature_enabled":true,"jetpack_social_post_already_shared":true,"jetpack_social_options":{"image_generator_settings":{"template":"highway","default_image_id":0,"font":"","enabled":false},"version":2}},"categories":[145],"tags":[],"class_list":["post-20083","post","type-post","status-publish","format-standard","has-post-thumbnail","hentry","category-estados"],"jetpack_publicize_connections":[],"jetpack_featured_media_url":"https:\/\/noticiasveracruz.com\/wp-content\/uploads\/2023\/11\/20231030110811108-0-2115280.jpg","jetpack_sharing_enabled":true,"publishpress_future_action":{"enabled":false,"date":"2026-05-06 17:15:23","action":"change-status","newStatus":"draft","terms":[],"taxonomy":"category","extraData":[]},"publishpress_future_workflow_manual_trigger":{"enabledWorkflows":[]},"_links":{"self":[{"href":"https:\/\/noticiasveracruz.com\/index.php\/wp-json\/wp\/v2\/posts\/20083","targetHints":{"allow":["GET"]}}],"collection":[{"href":"https:\/\/noticiasveracruz.com\/index.php\/wp-json\/wp\/v2\/posts"}],"about":[{"href":"https:\/\/noticiasveracruz.com\/index.php\/wp-json\/wp\/v2\/types\/post"}],"author":[{"embeddable":true,"href":"https:\/\/noticiasveracruz.com\/index.php\/wp-json\/wp\/v2\/users\/4"}],"replies":[{"embeddable":true,"href":"https:\/\/noticiasveracruz.com\/index.php\/wp-json\/wp\/v2\/comments?post=20083"}],"version-history":[{"count":0,"href":"https:\/\/noticiasveracruz.com\/index.php\/wp-json\/wp\/v2\/posts\/20083\/revisions"}],"wp:featuredmedia":[{"embeddable":true,"href":"https:\/\/noticiasveracruz.com\/index.php\/wp-json\/wp\/v2\/media\/20084"}],"wp:attachment":[{"href":"https:\/\/noticiasveracruz.com\/index.php\/wp-json\/wp\/v2\/media?parent=20083"}],"wp:term":[{"taxonomy":"category","embeddable":true,"href":"https:\/\/noticiasveracruz.com\/index.php\/wp-json\/wp\/v2\/categories?post=20083"},{"taxonomy":"post_tag","embeddable":true,"href":"https:\/\/noticiasveracruz.com\/index.php\/wp-json\/wp\/v2\/tags?post=20083"}],"curies":[{"name":"wp","href":"https:\/\/api.w.org\/{rel}","templated":true}]}}