{"id":20059,"date":"2023-11-06T00:58:14","date_gmt":"2023-11-06T06:58:14","guid":{"rendered":"https:\/\/noticiasveracruz.com\/?p=20059"},"modified":"2023-11-06T00:58:14","modified_gmt":"2023-11-06T06:58:14","slug":"morena-imbatible-ebrard-el-caballo-troyano","status":"publish","type":"post","link":"https:\/\/noticiasveracruz.com\/index.php\/2023\/11\/06\/morena-imbatible-ebrard-el-caballo-troyano\/","title":{"rendered":"Morena\u2026 imbatible, Ebrard\u2026 el caballo troyano"},"content":{"rendered":"<p><span style=\"font-size: 14pt;\"><strong>Por Carlos O. Silva Bandala<\/strong><\/span><\/p>\n<p><span style=\"font-size: 14pt;\">TEOR\u00cdA. \u2013 Es un sistema l\u00f3gico \u2013 deductivo (o inductivo) constituido por un conjunto de hip\u00f3tesis, un campo de explicaci\u00f3n (de lo que trata la teor\u00eda, el conjunto de cosas que se explica) y algunas reglas que permiten extraer consecuencias de la hip\u00f3tesis.<\/span><\/p>\n<p><span style=\"font-size: 14pt;\">HIP\u00d3TESIS. -Que se basa en presunci\u00f3n de algo de lo investigado.<\/span><\/p>\n<p><span style=\"font-size: 14pt;\">Seg\u00fan el INEGI en nuestro pa\u00eds la clase media es en promedio de 40 a\u00f1os. El 42.2% de los mexicanos estamos en la clase media y el 56.6% en la clase baja, y, el 1.2% en la clase alta. Si tomamos como referencia esta cifra y de acuerdo con el Padr\u00f3n Electoral al 19 de octubre del 2023, la lista la componen 97,268,157 ciudadanos. Si multiplicamos por 42.2% nos da 41,047 mil apx. empadronados de clase media. 56,221 mil de la clase baja, es decir, los pobres.<\/span><\/p>\n<p><span style=\"font-size: 14pt;\">Si como hemos analizado anteriormente, las afiliaciones v\u00e1lidas de los Partidos pol\u00edticos son insignificantes por s\u00ed mismas para ir a la contienda electoral presidencial con relaci\u00f3n al Padr\u00f3n Electoral Federal, que son de poco valor e insuficientes para lograr triunfos electorales y para eso solo es posible que, a querer o no, la ciudadan\u00eda se encarrile a trav\u00e9s de ellos. Por ley solo pueden participar los candidatos que propongan los Partidos pol\u00edticos: Afiliaciones v\u00e1lidas, PAN 27,665; PRI 1,411,889; PRD 999,249; PT 457,624; PVE 592,417; MC 384,005 y MORENA 2,322,136.\u00a0 Lo paradigm\u00e1tico es que, con las cifras tan p\u00edrricas, vayan a recibir $10,444 millones entre todos.<\/span><\/p>\n<p><span style=\"font-size: 14pt;\">Hipot\u00e9ticamente, si esta contienda entre los tres candidatos que estar\u00e1n en la boleta para elecci\u00f3n presidencial fuese a partir de las afiliaciones efectivas, sin duda que MORENA\/PVE\/PT triunfar\u00edan. Si consideramos que MORENA es gobierno estatal en 23 entidades, el PRI en dos, el PAN en 5, el PRD ninguno y MC en 2, la diferencia se magnifica, pues MORENA sobresale en gobiernos y ciudadanos representados a las 7 entidades que representan PAN\/PRI y a las 2 entidades de MC, lo que nos permite suponer que MORENA triunfar\u00e1 en la elecci\u00f3n presidencial, m\u00e1s a\u00fan si en esta hip\u00f3tesis se le considera la importante influencia electoral del poder presidencial. Si bien no es imposible derrotar a MORENA\/Claudia Sheinbaum, estad\u00edsticamente s\u00ed lo es.<\/span><\/p>\n<p><span style=\"font-size: 14pt;\">EL DAVID DE LA POL\u00cdTICA. \u2013 Movimiento Ciudadano como tercero en discordia tratar\u00e1 de mediar en la disputa entre el FAM (PRI,PAN,PRD) y MORENA\/PT\/PVE. Movimiento Ciudadano gobierna en dos Estados de la Rep\u00fablica y tiene afiliaciones efectivas de 384 mil ciudadanos. Con esas \u201cfortalezas\u201d \u00bfC\u00f3mo ganar la elecci\u00f3n presidencial? Es como el David b\u00edblico que intentar\u00e1 derrotar al gigante (MORENA) sin espada ni armadura y necesitar\u00e1, como dice la Biblia: David confi\u00f3 en Jehov\u00e1; de la misma manera MC y su candidato requerir\u00e1n de toda la ayuda divina. \u00bfY d\u00f3nde puede estar tan semejante fuerza que pudiera ayudar a derrotar a MORENA? Pues nada m\u00e1s y nada menos que en la clase media, por las que luchan a contraviento y marea tanto Claudia Sheinbaum como X\u00f3chitl G\u00e1lvez.<\/span><\/p>\n<p><span style=\"font-size: 14pt;\">EBRARD Y EL CABALLO DE TROYA. \u2013 El Caballo de Troya fue un artilugio con forma de enorme caballo de madera que se menciona en la historia y que seg\u00fan este relato fue usado como una estrategia para introducirse en dicha ciudad fortificada. El uso recurrente de la met\u00e1fora del Caballo de Troya es pol\u00edtico, se utiliza para descubrir una t\u00e1ctica en la que una persona o grupo aparentemente inofensivo se filtra en una organizaci\u00f3n o gobierno, para diversos fines.<\/span><\/p>\n<p><span style=\"font-size: 14pt;\">En Movimiento Ciudadano sobresalen dos precandidatos: Samuel Garc\u00eda y Marcelo Ebrard, seg\u00fan los ha expresado el due\u00f1o y se\u00f1or de ese Partido, Dante Delgado. Es sin duda, Marcelo Ebrard el personaje que m\u00e1s desean los medios de comunicaci\u00f3n m\u00e1s importantes del pa\u00eds, que fuese candidato presidencial de MC. \u00a0Dante Delgado es un viejo zorro de la pol\u00edtica, pero al mejor cazador se le va la liebre. Dante debiera sopesar sobremanera lo siguiente: Marcelo Ebrard se cree m\u00e1s all\u00e1 de lo que representa y es en la pol\u00edtica. Se considera el mejor pol\u00edtico y experimentado para la contienda presidencial. Solo los ingenuos creen que el presidencialismo (gen pri\u00edsta) ha pasado en la historia, sin embargo, el poder presidencial para incidir en la sucesi\u00f3n presidencial, vive y colea. Marcelo Ebrard lo sabe, lo sab\u00eda desde el momento mismo en que el Presidente de la Rep\u00fablica lo mencion\u00f3 junto con Ad\u00e1n Augusto y Claudia Sheinbaum como los precandidatos presidenciales de MORENA (del Presidente). La ingratitud de Marcelo Ebrard (5 a\u00f1os de haberlo nombrado Secretario de Relaciones Exteriores) hacia el Presidente, es abierta y retadora. Si el Presidente no lo coloca en esa tarea, Ebrard \u201cni fu ni fa\u201d en MORENA. Particip\u00f3 de relleno, inteligentemente por el Presidente, para darle un poco de atole con el dedo a las clases medias con las que el Presidente est\u00e1 confrontado. Su deslealtad es a todas luces clara, aunque diga que es amigo del Presidente.<\/span><\/p>\n<p><span style=\"font-size: 14pt;\">Esta es la parte subjetiva que Dante Delgado debiera tener en cuenta en la valoraci\u00f3n de Ebrard en su menci\u00f3n como candidato externo de MC, porque conociendo como es Ebrard, ah\u00ed est\u00e1n los hechos, el pretender ser el candidato de MC y con \u00e9l sumar a varios Diputados y Senadores y otros, seguidores de \u00e9l, para hacerlos candidatos al Congreso de la Uni\u00f3n, no los podr\u00e1 controlar, si as\u00ed fuera el caso como Diputados y Senadores, pues actuar\u00e1n como caballos troyanos ebradoristas, m\u00e1s no Dantistas y\/o puramente de MC. Pero a\u00fan, si Marcelo Ebrard fuese candidato de MC al Senado o a la C\u00e1mara de Diputados, junto con sus exigencias comentadas, ser\u00eda m\u00e1s preocupante, pues estar\u00eda dentro con los suyos en la panza del Caballo de Troya.<\/span><\/p>\n<p><span style=\"font-size: 14pt;\">DESPROP\u00d3SITO DE DANTE; Dicho o hecho inoportuno o inconveniente. Es un error y un desprop\u00f3sito de Dante en no respaldar con todo y de una vez por todas a Samuel Garc\u00eda, candidato de casa. Samuel es el mejor candidato para la generaci\u00f3n de las clases medias que ronda los 40 a\u00f1os. El mejor candidato de MC que fortalecer\u00eda a ese Instituto donde se identifican y militan principalmente j\u00f3venes de esa generaci\u00f3n.<\/span><\/p>\n<p><img loading=\"lazy\" decoding=\"async\" class=\"alignnone wp-image-20051 size-full\" src=\"http:\/\/noticiasveracruz.com\/wp-content\/uploads\/2023\/11\/FIRMA-EDITORIAL-PD.jpg\" alt=\"\" width=\"1024\" height=\"125\" srcset=\"https:\/\/noticiasveracruz.com\/wp-content\/uploads\/2023\/11\/FIRMA-EDITORIAL-PD.jpg 1024w, https:\/\/noticiasveracruz.com\/wp-content\/uploads\/2023\/11\/FIRMA-EDITORIAL-PD-300x37.jpg 300w, https:\/\/noticiasveracruz.com\/wp-content\/uploads\/2023\/11\/FIRMA-EDITORIAL-PD-768x94.jpg 768w\" sizes=\"auto, (max-width: 1024px) 100vw, 1024px\" \/><\/p>\n","protected":false},"excerpt":{"rendered":"<p>Por Carlos O. Silva Bandala TEOR\u00cdA. \u2013 Es un sistema l\u00f3gico \u2013 deductivo (o inductivo) constituido por un conjunto de<\/p>\n","protected":false},"author":4,"featured_media":7039,"comment_status":"closed","ping_status":"closed","sticky":false,"template":"","format":"standard","meta":{"colormag_page_container_layout":"default_layout","colormag_page_sidebar_layout":"default_layout","_jetpack_memberships_contains_paid_content":false,"footnotes":"","jetpack_publicize_message":"","jetpack_publicize_feature_enabled":true,"jetpack_social_post_already_shared":true,"jetpack_social_options":{"image_generator_settings":{"template":"highway","default_image_id":0,"font":"","enabled":false},"version":2}},"categories":[6],"tags":[],"class_list":["post-20059","post","type-post","status-publish","format-standard","has-post-thumbnail","hentry","category-columnistas"],"jetpack_publicize_connections":[],"jetpack_featured_media_url":"https:\/\/noticiasveracruz.com\/wp-content\/uploads\/2022\/08\/NV-CARLOS-SILVA2.png","jetpack_sharing_enabled":true,"publishpress_future_action":{"enabled":false,"date":"2026-05-07 03:33:23","action":"change-status","newStatus":"draft","terms":[],"taxonomy":"category","extraData":[]},"publishpress_future_workflow_manual_trigger":{"enabledWorkflows":[]},"_links":{"self":[{"href":"https:\/\/noticiasveracruz.com\/index.php\/wp-json\/wp\/v2\/posts\/20059","targetHints":{"allow":["GET"]}}],"collection":[{"href":"https:\/\/noticiasveracruz.com\/index.php\/wp-json\/wp\/v2\/posts"}],"about":[{"href":"https:\/\/noticiasveracruz.com\/index.php\/wp-json\/wp\/v2\/types\/post"}],"author":[{"embeddable":true,"href":"https:\/\/noticiasveracruz.com\/index.php\/wp-json\/wp\/v2\/users\/4"}],"replies":[{"embeddable":true,"href":"https:\/\/noticiasveracruz.com\/index.php\/wp-json\/wp\/v2\/comments?post=20059"}],"version-history":[{"count":0,"href":"https:\/\/noticiasveracruz.com\/index.php\/wp-json\/wp\/v2\/posts\/20059\/revisions"}],"wp:featuredmedia":[{"embeddable":true,"href":"https:\/\/noticiasveracruz.com\/index.php\/wp-json\/wp\/v2\/media\/7039"}],"wp:attachment":[{"href":"https:\/\/noticiasveracruz.com\/index.php\/wp-json\/wp\/v2\/media?parent=20059"}],"wp:term":[{"taxonomy":"category","embeddable":true,"href":"https:\/\/noticiasveracruz.com\/index.php\/wp-json\/wp\/v2\/categories?post=20059"},{"taxonomy":"post_tag","embeddable":true,"href":"https:\/\/noticiasveracruz.com\/index.php\/wp-json\/wp\/v2\/tags?post=20059"}],"curies":[{"name":"wp","href":"https:\/\/api.w.org\/{rel}","templated":true}]}}