{"id":20053,"date":"2023-11-06T00:51:08","date_gmt":"2023-11-06T06:51:08","guid":{"rendered":"https:\/\/noticiasveracruz.com\/?p=20053"},"modified":"2023-11-06T00:51:08","modified_gmt":"2023-11-06T06:51:08","slug":"solidaridad-y-rapina","status":"publish","type":"post","link":"https:\/\/noticiasveracruz.com\/index.php\/2023\/11\/06\/solidaridad-y-rapina\/","title":{"rendered":"Solidaridad y rapi\u00f1a"},"content":{"rendered":"<p><span style=\"font-size: 14pt;\"><strong>Por Ricardo Homs<\/strong><\/span><\/p>\n<p><span style=\"font-size: 14pt;\">Las grandes tragedias sacan a flote o lo mejor\u2026 o lo peor de la gente. Del mismo modo que emerge la solidaridad caracter\u00edstica de un amplio sector de la sociedad mexicana, vemos tambi\u00e9n\u00a0 que despierta los m\u00e1s bajos instintos de la otra parte; dos caras de la misma moneda.<\/span><\/p>\n<p><span style=\"font-size: 14pt;\">El hurac\u00e1n Otis ha permitido que afloren ambas caras de este pa\u00eds. Afortunadamente son m\u00e1s las personas de buena voluntad, generosas y solidarias, que las oportunistas y eso engrandece nuestra identidad nacional.<\/span><\/p>\n<p><span style=\"font-size: 14pt;\">Los noticieros de televisi\u00f3n y radio, -y los reportajes de los medios impresos-, por un lado destacan la solidaridad de ese M\u00e9xico sensible, dolido por lo que sufren nuestros paisanos de Guerrero.<\/span><\/p>\n<p><span style=\"font-size: 14pt;\">Por otra parte, vemos im\u00e1genes de rapi\u00f1a y asaltos a tiendas, -no para llevarse lo necesario para subsistir-, sino televisiones, muebles y art\u00edculos de alto valor. Los centros comerciales muestran este vandalismo, donde gente sin escr\u00fapulos rompe cristales para entrar en joyer\u00edas para robar relojes, y entra a las sucursales bancarias para destrozar cajeros autom\u00e1ticos y sacarles el dinero. Todo esto en Acapulco. El da\u00f1o patrimonial al peque\u00f1o y micro empresario que ten\u00eda sui inversi\u00f3n en Acapulco, es demoledor.<\/span><\/p>\n<p><span style=\"font-size: 14pt;\">Hoy vemos conductas que antes no se evidenciaban y eso debe preocuparnos.<\/span><\/p>\n<p><span style=\"font-size: 14pt;\">Hoy es frecuente ver reportajes de pueblos enteros saqueando camiones de carga siniestrados en las carreteras, mientras ignoran al chofer que puede estar malherido o agonizando. Hasta hace pocos a\u00f1os esto no hubiese sucedido, pues la atenci\u00f3n hubiese estado centrada en ayudar al chofer.<\/span><\/p>\n<p><span style=\"font-size: 14pt;\">\u00bfQu\u00e9 ha cambiado?&#8230; \u00bfC\u00f3mo llegamos a esto?\u00a0 Ese M\u00e9xico amable, ceremonioso, que merec\u00eda obtener cr\u00e9ditos a la palabra, porque se sab\u00eda que iba a cumplir se est\u00e1 esfumando mientras es sustituido por un M\u00e9xico violento, s\u00e1dico y cruel, donde la vida pierde valor en manos de alg\u00fan salvaje. El M\u00e9xico del dinero f\u00e1cil est\u00e1 sustituyendo al pa\u00eds donde la cultura del esfuerzo fue el eje del crecimiento y la cohesi\u00f3n social.<\/span><\/p>\n<p><span style=\"font-size: 14pt;\">Lo m\u00e1s grave es que ya vemos esto como normal y cotidiano y no nos indigna que aparezca gente mutilada dentro de bolsas de basura, que desaparezcan jovencitos y muchachitas y peor a\u00fan, que en las ma\u00f1aneras estas tragedias se conviertan en n\u00fameros y estad\u00edsticas. Se cosifica el dolor humano y este gobierno se victimiza porque reclamamos su indiferencia\u2026 \u00bfIncre\u00edble?\u00a0\u00a0\u00a0<\/span><\/p>\n<p><span style=\"font-size: 14pt;\">Descubrimos que hay trogloditas que roban cables del metro sin importarles que su deleznable acci\u00f3n pueda provocar un accidente que tenga como\u00a0 consecuencia, -no s\u00f3lo accidentados y heridos-, sino muertos.\u00a0\u00a0\u00a0\u00a0\u00a0\u00a0\u00a0\u00a0\u00a0\u00a0\u00a0\u00a0\u00a0\u00a0\u00a0\u00a0\u00a0\u00a0\u00a0\u00a0\u00a0\u00a0\u00a0\u00a0\u00a0\u00a0\u00a0\u00a0\u00a0\u00a0\u00a0\u00a0\u00a0\u00a0\u00a0\u00a0\u00a0\u00a0\u00a0\u00a0\u00a0\u00a0\u00a0\u00a0\u00a0\u00a0\u00a0\u00a0\u00a0\u00a0\u00a0\u00a0\u00a0\u00a0\u00a0\u00a0\u00a0\u00a0\u00a0\u00a0\u00a0\u00a0\u00a0\u00a0\u00a0\u00a0\u00a0\u00a0\u00a0\u00a0\u00a0\u00a0\u00a0\u00a0\u00a0\u00a0\u00a0\u00a0\u00a0\u00a0\u00a0\u00a0\u00a0\u00a0\u00a0\u00a0\u00a0\u00a0\u00a0\u00a0\u00a0\u00a0\u00a0\u00a0\u00a0\u00a0\u00a0\u00a0\u00a0\u00a0\u00a0\u00a0\u00a0\u00a0\u00a0\u00a0\u00a0\u00a0\u00a0\u00a0\u00a0\u00a0\u00a0\u00a0\u00a0\u00a0\u00a0\u00a0\u00a0\u00a0\u00a0\u00a0\u00a0\u00a0\u00a0\u00a0\u00a0\u00a0\u00a0\u00a0\u00a0\u00a0\u00a0\u00a0\u00a0\u00a0\u00a0\u00a0\u00a0\u00a0\u00a0\u00a0\u00a0\u00a0\u00a0\u00a0\u00a0\u00a0\u00a0\u00a0\u00a0\u00a0\u00a0\u00a0\u00a0\u00a0\u00a0\u00a0\u00a0\u00a0\u00a0\u00a0\u00a0\u00a0\u00a0\u00a0\u00a0\u00a0\u00a0\u00a0\u00a0\u00a0\u00a0\u00a0\u00a0\u00a0\u00a0\u00a0\u00a0\u00a0\u00a0\u00a0 Definitivamente hay una nueva moral que nos regresa a un pasado violento y salvaje que ya cre\u00edamos haber superado. Es el regreso del \u201cM\u00e9xico bronco\u201d y el \u201cM\u00e9xico b\u00e1rbaro\u201d.<\/span><\/p>\n<p><span style=\"font-size: 14pt;\">Definitivamente vemos el surgimiento de una nueva moral, alimentada por el resentimiento, los rencores y el af\u00e1n destructivo.<\/span><\/p>\n<p><span style=\"font-size: 14pt;\">Hoy, -en el colmo de la incongruencia-, este gobierno de la 4T justifica la violencia de los guerrilleros de antes, como actos heroicos. Autoridades de este gobierno incrustadas en los niveles de toma de decisiones de la SEP envenenan la mente de nuestros ni\u00f1os con ideas revolucionarias trasnochadas que justifican la violencia.<\/span><\/p>\n<p><span style=\"font-size: 14pt;\">La tolerancia contra la violencia, -que genera impunidad-, produce a\u00fan m\u00e1s violencia.<\/span><\/p>\n<p><span style=\"font-size: 14pt;\">La primera declaraci\u00f3n dada por la alcaldesa de Acapulco, Abelina L\u00f3pez Rodr\u00edguez despu\u00e9s del hurac\u00e1n Otis, -frente a los disturbios generados por la rapi\u00f1a-, fue para minimizar los saqueos de tiendas de Acapulco, calific\u00e1ndolos como manifestaciones de \u201ccohesi\u00f3n social\u201d.<\/span><\/p>\n<p><span style=\"font-size: 14pt;\">Esta nueva visi\u00f3n moral, -sustentada en ideolog\u00eda-, que justifica el latrocinio bajo el argumento de la reivindicaci\u00f3n social y pol\u00edtica del proletariado, -y al hecho de tomar lo ajeno le da un significado de \u201cjusticia social\u201d-, es la causa de la destrucci\u00f3n moral de la sociedad y de la desactivaci\u00f3n del Estado de Derecho.<\/span><\/p>\n<p><span style=\"font-size: 14pt;\">Esta visi\u00f3n de la justicia social, -que quita a quien tiene para darlo a quien lo necesita-, es el origen de la cultura del \u201cdinero f\u00e1cil\u201d, que se manifiesta en la vida cotidiana en el incremento de la corrupci\u00f3n en la pol\u00edtica y en la administraci\u00f3n p\u00fablica.<\/span><\/p>\n<p><span style=\"font-size: 14pt;\">A su vez, hoy vemos como se manifiesta en los grupos resentidos y violentos a trav\u00e9s del crecimiento de la delincuencia organizada y la violencia que acompa\u00f1a la vida criminal.<\/span><\/p>\n<p><span style=\"font-size: 14pt;\">Antes, quien delinqu\u00eda sab\u00eda que estaba actuando de forma criminal. Hoy se siente totalmente justificado moralmente por la nueva narrativa gubernamental.<\/span><\/p>\n<p><span style=\"font-size: 14pt;\">Adem\u00e1s, esta nueva moral estimula no s\u00f3lo la tolerancia colectiva, sino la creaci\u00f3n de una base social que admira y protege al crimen organizado. Adem\u00e1s, la colectividad se siente reivindicada por \u00e9l frente a las oligarqu\u00edas, -calificadas como conservadores y enemigos de la 4T-, que son denostadas desde las \u201cma\u00f1aneras\u201d.<\/span><\/p>\n<p><span style=\"font-size: 14pt;\">Si a esto a\u00f1adimos la seducci\u00f3n que generan los s\u00edmbolos de poder, -como son las armas y los lujos de la vida delictiva-, m\u00e1s la reivindicaci\u00f3n social a partir del temor que se proyecta sobre quien est\u00e1 alrededor, entonces entendemos c\u00f3mo crece la violencia s\u00e1dica.<\/span><\/p>\n<p><span style=\"font-size: 14pt;\">Saber que a trav\u00e9s de las armas se adquiere un poder ilimitado sobre la vida de quienes le rodean, hace perder el equilibrio emocional a quienes a\u00fan carecen de madurez.<\/span><\/p>\n<p><span style=\"font-size: 14pt;\">Vemos tambi\u00e9n que el crimen organizado ha copiado del Estado Mexicano sus estrategias de \u201cpol\u00edtica social\u201d y distribuye despensas y ayuda a las comunidades que le protegen y ocultan de la acci\u00f3n de las autoridades. Les construyen caminos, escuelas y hospitales en aquellas zonas olvidadas por los gobiernos elegidos democr\u00e1ticamente.<\/span><\/p>\n<p><span style=\"font-size: 14pt;\">A su vez, la impunidad que nace de la inacci\u00f3n del Estado Mexicano, -que se niega a utilizar la violencia leg\u00edtima que la ley justifica para preservar la paz social-, es un gui\u00f1o hacia la delincuencia organizada para obtener su respaldo cuando sea pol\u00edticamente necesario.<\/span><\/p>\n<p><span style=\"font-size: 14pt;\">La narrativa ideol\u00f3gica se ha convertido en una provocaci\u00f3n que socava la paz social.<\/span><\/p>\n<p><img loading=\"lazy\" decoding=\"async\" class=\"alignnone wp-image-20051 size-full\" src=\"http:\/\/noticiasveracruz.com\/wp-content\/uploads\/2023\/11\/FIRMA-EDITORIAL-PD.jpg\" alt=\"\" width=\"1024\" height=\"125\" srcset=\"https:\/\/noticiasveracruz.com\/wp-content\/uploads\/2023\/11\/FIRMA-EDITORIAL-PD.jpg 1024w, https:\/\/noticiasveracruz.com\/wp-content\/uploads\/2023\/11\/FIRMA-EDITORIAL-PD-300x37.jpg 300w, https:\/\/noticiasveracruz.com\/wp-content\/uploads\/2023\/11\/FIRMA-EDITORIAL-PD-768x94.jpg 768w\" sizes=\"auto, (max-width: 1024px) 100vw, 1024px\" \/><\/p>\n","protected":false},"excerpt":{"rendered":"<p>Por Ricardo Homs Las grandes tragedias sacan a flote o lo mejor\u2026 o lo peor de la gente. Del mismo<\/p>\n","protected":false},"author":4,"featured_media":3190,"comment_status":"closed","ping_status":"closed","sticky":false,"template":"","format":"standard","meta":{"colormag_page_container_layout":"default_layout","colormag_page_sidebar_layout":"default_layout","_jetpack_memberships_contains_paid_content":false,"footnotes":"","jetpack_publicize_message":"","jetpack_publicize_feature_enabled":true,"jetpack_social_post_already_shared":true,"jetpack_social_options":{"image_generator_settings":{"template":"highway","default_image_id":0,"font":"","enabled":false},"version":2}},"categories":[6],"tags":[],"class_list":["post-20053","post","type-post","status-publish","format-standard","has-post-thumbnail","hentry","category-columnistas"],"jetpack_publicize_connections":[],"jetpack_featured_media_url":"https:\/\/noticiasveracruz.com\/wp-content\/uploads\/2022\/04\/NV-RICARDO-HOMS.png","jetpack_sharing_enabled":true,"publishpress_future_action":{"enabled":false,"date":"2026-05-07 06:07:41","action":"change-status","newStatus":"draft","terms":[],"taxonomy":"category","extraData":[]},"publishpress_future_workflow_manual_trigger":{"enabledWorkflows":[]},"_links":{"self":[{"href":"https:\/\/noticiasveracruz.com\/index.php\/wp-json\/wp\/v2\/posts\/20053","targetHints":{"allow":["GET"]}}],"collection":[{"href":"https:\/\/noticiasveracruz.com\/index.php\/wp-json\/wp\/v2\/posts"}],"about":[{"href":"https:\/\/noticiasveracruz.com\/index.php\/wp-json\/wp\/v2\/types\/post"}],"author":[{"embeddable":true,"href":"https:\/\/noticiasveracruz.com\/index.php\/wp-json\/wp\/v2\/users\/4"}],"replies":[{"embeddable":true,"href":"https:\/\/noticiasveracruz.com\/index.php\/wp-json\/wp\/v2\/comments?post=20053"}],"version-history":[{"count":0,"href":"https:\/\/noticiasveracruz.com\/index.php\/wp-json\/wp\/v2\/posts\/20053\/revisions"}],"wp:featuredmedia":[{"embeddable":true,"href":"https:\/\/noticiasveracruz.com\/index.php\/wp-json\/wp\/v2\/media\/3190"}],"wp:attachment":[{"href":"https:\/\/noticiasveracruz.com\/index.php\/wp-json\/wp\/v2\/media?parent=20053"}],"wp:term":[{"taxonomy":"category","embeddable":true,"href":"https:\/\/noticiasveracruz.com\/index.php\/wp-json\/wp\/v2\/categories?post=20053"},{"taxonomy":"post_tag","embeddable":true,"href":"https:\/\/noticiasveracruz.com\/index.php\/wp-json\/wp\/v2\/tags?post=20053"}],"curies":[{"name":"wp","href":"https:\/\/api.w.org\/{rel}","templated":true}]}}